{"id":7482,"date":"2022-03-27T17:21:00","date_gmt":"2022-03-27T16:21:00","guid":{"rendered":"https:\/\/zszelena42.eu\/2021\/?p=7482"},"modified":"2022-03-27T17:22:05","modified_gmt":"2022-03-27T16:22:05","slug":"barevny-tyden-duhovy-patek","status":"publish","type":"post","link":"https:\/\/zszelena42.eu\/2021\/skolni-rok\/2024-2025\/zakovsky-parlament\/barevny-tyden-duhovy-patek\/","title":{"rendered":"Barevn\u00fd t\u00fdden: duhov\u00fd p\u00e1tek"},"content":{"rendered":"\n<p><strong>Posledn\u00ed den barevn\u00e9ho t\u00fddne<\/strong> se nesl <strong>v barv\u011b duhy<\/strong>, kter\u00e1 je ch\u00e1p\u00e1na jako <strong>symbol jednoty v pestrosti a rozli\u010dnosti<\/strong>. Duha symbolizuje tak\u00e9 p\u0159ekon\u00e1n\u00ed p\u0159ek\u00e1\u017eek a nalezen\u00ed klidu v du\u0161i. Duha je ch\u00e1p\u00e1na i jako symbol nad\u011bje a motivace. <\/p>\n\n\n\n<p>Nejl\u00e9pe se dnes s touto barevnost\u00ed vypo\u0159\u00e1dalo hned \u0161est t\u0159\u00edd a to <strong>2.A, 3.A, 3.B, 3.C, 4.A a 4.C<\/strong>, kter\u00e9 z\u00edskaly ka\u017ed\u00e1 v\u010detn\u011b t\u00e9matick\u00e9 v\u00fdzdoby 110%. <\/p>\n\n\n\n<blockquote class=\"wp-block-quote is-layout-flow wp-block-quote-is-layout-flow\"><p><strong><em><mark style=\"background-color:rgba(0, 0, 0, 0)\" class=\"has-inline-color has-nv-c-1-color\">\u0160t\u011bst\u00ed a duhu nevid\u00edme nikdy nad sebou, ale nad hlavami druh\u00fdch<\/mark><\/em><\/strong><\/p><\/blockquote>\n\n\n\n<figure class=\"wp-block-image size-full\"><img fetchpriority=\"high\" decoding=\"async\" width=\"871\" height=\"672\" src=\"https:\/\/zszelena42.eu\/2021\/wp-content\/uploads\/2022\/03\/patek_duhovy_den.jpg\" alt=\"\" class=\"wp-image-7483\" srcset=\"https:\/\/zszelena42.eu\/2021\/wp-content\/uploads\/2022\/03\/patek_duhovy_den.jpg 871w, https:\/\/zszelena42.eu\/2021\/wp-content\/uploads\/2022\/03\/patek_duhovy_den-300x231.jpg 300w, https:\/\/zszelena42.eu\/2021\/wp-content\/uploads\/2022\/03\/patek_duhovy_den-768x593.jpg 768w\" sizes=\"(max-width: 871px) 100vw, 871px\" \/><\/figure>\n\n\n\n<figure class=\"wp-block-gallery has-nested-images columns-default is-cropped wp-block-gallery-1 is-layout-flex wp-block-gallery-is-layout-flex\">\n<figure class=\"wp-block-image size-full\"><img decoding=\"async\" width=\"448\" height=\"716\" data-id=\"7484\" src=\"https:\/\/zszelena42.eu\/2021\/wp-content\/uploads\/2022\/03\/patek-duha.jpg\" alt=\"\" class=\"wp-image-7484\" srcset=\"https:\/\/zszelena42.eu\/2021\/wp-content\/uploads\/2022\/03\/patek-duha.jpg 448w, https:\/\/zszelena42.eu\/2021\/wp-content\/uploads\/2022\/03\/patek-duha-188x300.jpg 188w\" sizes=\"(max-width: 448px) 100vw, 448px\" \/><\/figure>\n<\/figure>\n\n\n\n<figure class=\"wp-block-image size-large\"><img decoding=\"async\" width=\"1024\" height=\"570\" src=\"https:\/\/zszelena42.eu\/2021\/wp-content\/uploads\/2022\/03\/finale-patek-duha-1024x570.jpg\" alt=\"\" class=\"wp-image-7421\" srcset=\"https:\/\/zszelena42.eu\/2021\/wp-content\/uploads\/2022\/03\/finale-patek-duha-1024x570.jpg 1024w, https:\/\/zszelena42.eu\/2021\/wp-content\/uploads\/2022\/03\/finale-patek-duha-300x167.jpg 300w, https:\/\/zszelena42.eu\/2021\/wp-content\/uploads\/2022\/03\/finale-patek-duha-768x428.jpg 768w, https:\/\/zszelena42.eu\/2021\/wp-content\/uploads\/2022\/03\/finale-patek-duha.jpg 1137w\" sizes=\"(max-width: 1024px) 100vw, 1024px\" \/><\/figure>\n","protected":false},"excerpt":{"rendered":"<p>Posledn\u00ed den barevn\u00e9ho t\u00fddne se nesl v barv\u011b duhy, kter\u00e1 je ch\u00e1p\u00e1na jako symbol jednoty v pestrosti a rozli\u010dnosti. Duha symbolizuje tak\u00e9 p\u0159ekon\u00e1n\u00ed p\u0159ek\u00e1\u017eek a nalezen\u00ed klidu v du\u0161i. Duha je ch\u00e1p\u00e1na i jako symbol nad\u011bje a motivace. Nejl\u00e9pe se dnes s touto barevnost\u00ed vypo\u0159\u00e1dalo hned \u0161est t\u0159\u00edd a to 2.A, 3.A, 3.B, 3.C, 4.A&hellip;&nbsp;<a href=\"https:\/\/zszelena42.eu\/2021\/skolni-rok\/2024-2025\/zakovsky-parlament\/barevny-tyden-duhovy-patek\/\" rel=\"bookmark\">\u010c\u00edst d\u00e1le &raquo;<span class=\"screen-reader-text\">Barevn\u00fd t\u00fdden: duhov\u00fd p\u00e1tek<\/span><\/a><\/p>\n","protected":false},"author":16,"featured_media":7483,"comment_status":"closed","ping_status":"closed","sticky":false,"template":"","format":"standard","meta":{"neve_meta_sidebar":"","neve_meta_container":"","neve_meta_enable_content_width":"","neve_meta_content_width":0,"neve_meta_title_alignment":"","neve_meta_author_avatar":"","neve_post_elements_order":"","neve_meta_disable_header":"","neve_meta_disable_footer":"","neve_meta_disable_title":"","footnotes":""},"categories":[173],"tags":[176,106],"class_list":["post-7482","post","type-post","status-publish","format-standard","has-post-thumbnail","hentry","category-zakovsky-parlament","tag-barevny-tyden-2022","tag-zakovsky-parlament-21-22"],"_links":{"self":[{"href":"https:\/\/zszelena42.eu\/2021\/wp-json\/wp\/v2\/posts\/7482","targetHints":{"allow":["GET"]}}],"collection":[{"href":"https:\/\/zszelena42.eu\/2021\/wp-json\/wp\/v2\/posts"}],"about":[{"href":"https:\/\/zszelena42.eu\/2021\/wp-json\/wp\/v2\/types\/post"}],"author":[{"embeddable":true,"href":"https:\/\/zszelena42.eu\/2021\/wp-json\/wp\/v2\/users\/16"}],"replies":[{"embeddable":true,"href":"https:\/\/zszelena42.eu\/2021\/wp-json\/wp\/v2\/comments?post=7482"}],"version-history":[{"count":2,"href":"https:\/\/zszelena42.eu\/2021\/wp-json\/wp\/v2\/posts\/7482\/revisions"}],"predecessor-version":[{"id":7486,"href":"https:\/\/zszelena42.eu\/2021\/wp-json\/wp\/v2\/posts\/7482\/revisions\/7486"}],"wp:featuredmedia":[{"embeddable":true,"href":"https:\/\/zszelena42.eu\/2021\/wp-json\/wp\/v2\/media\/7483"}],"wp:attachment":[{"href":"https:\/\/zszelena42.eu\/2021\/wp-json\/wp\/v2\/media?parent=7482"}],"wp:term":[{"taxonomy":"category","embeddable":true,"href":"https:\/\/zszelena42.eu\/2021\/wp-json\/wp\/v2\/categories?post=7482"},{"taxonomy":"post_tag","embeddable":true,"href":"https:\/\/zszelena42.eu\/2021\/wp-json\/wp\/v2\/tags?post=7482"}],"curies":[{"name":"wp","href":"https:\/\/api.w.org\/{rel}","templated":true}]}}