{"id":7416,"date":"2022-03-24T18:02:37","date_gmt":"2022-03-24T17:02:37","guid":{"rendered":"https:\/\/zszelena42.eu\/2021\/?p=7416"},"modified":"2022-03-24T18:39:43","modified_gmt":"2022-03-24T17:39:43","slug":"barevny-tyden-cerveny-ctvrtek","status":"publish","type":"post","link":"https:\/\/zszelena42.eu\/2021\/skolni-rok\/2024-2025\/zakovsky-parlament\/barevny-tyden-cerveny-ctvrtek\/","title":{"rendered":"Barevn\u00fd t\u00fdden: \u010derven\u00fd \u010dtvrtek"},"content":{"rendered":"\n<p>\u010cerven\u00e1 barva je symbolem chuti do \u017eivota, v\u00fdrazem emoc\u00ed a l\u00e1sky k z\u00e1\u017eitk\u016fm a zdol\u00e1v\u00e1n\u00ed nesn\u00e1z\u00ed. Nejl\u00e9pe se dnes s touto barvou vypo\u0159\u00e1daly t\u0159\u00eddy <strong>2.A, 2.C, 3.A, 4.A a 4.C<\/strong>. <\/p>\n\n\n\n<p>Z\u00edtra n\u00e1s \u010dek\u00e1 <strong>posledn\u00ed den barevn\u00e9ho t\u00fddne<\/strong> a to <strong>v barv\u011b duhy<\/strong>, kter\u00e1 je ch\u00e1p\u00e1na tak\u00e9 jako <strong>symbol jednoty v pestrosti a rozli\u010dnosti<\/strong> . Hodnotit se bude oble\u010den\u00ed, kter\u00e9 bude obsahovat <strong><span class=\"highlight\">alespo\u0148 t\u0159i z\u00e1kladn\u00ed barvy<\/span><\/strong>, kter\u00e9 m\u016f\u017eeme vid\u011bt u duhy v p\u0159\u00edrod\u011b a to <em>\u010dervenou, oran\u017eovou, \u017elutou, zelenou, tyrkysovou, modrou a fialovou<\/em>. <strong>Bonusov\u00e9 body m\u016f\u017eete tak\u00e9 z\u00edskat za duhovou v\u00fdzdobu t\u0159\u00eddy.<\/strong> <\/p>\n\n\n\n<p>\u0160anci maj\u00ed st\u00e1le v\u0161echny t\u0159\u00eddy, tak\u017ee nezb\u00fdv\u00e1 nic, ne\u017e probrat \u0161atn\u00edk a naj\u00edt tam tu svoji duhu. I kdy\u017e d\u00e1nsk\u00e9 p\u0159\u00edslov\u00ed \u0159\u00edk\u00e1:<\/p>\n\n\n\n<blockquote class=\"wp-block-quote is-layout-flow wp-block-quote-is-layout-flow\"><p><strong><em><mark style=\"background-color:rgba(0, 0, 0, 0)\" class=\"has-inline-color has-nv-c-1-color\">\u0160t\u011bst\u00ed a duhu nevid\u00edme nikdy nad sebou, ale nad hlavami druh\u00fdch<\/mark><\/em><\/strong><\/p><\/blockquote>\n\n\n\n<figure class=\"wp-block-image size-full\"><img fetchpriority=\"high\" decoding=\"async\" width=\"892\" height=\"667\" src=\"https:\/\/zszelena42.eu\/2021\/wp-content\/uploads\/2022\/03\/ct_cervena1.jpg\" alt=\"\" class=\"wp-image-7420\" srcset=\"https:\/\/zszelena42.eu\/2021\/wp-content\/uploads\/2022\/03\/ct_cervena1.jpg 892w, https:\/\/zszelena42.eu\/2021\/wp-content\/uploads\/2022\/03\/ct_cervena1-300x224.jpg 300w, https:\/\/zszelena42.eu\/2021\/wp-content\/uploads\/2022\/03\/ct_cervena1-768x574.jpg 768w\" sizes=\"(max-width: 892px) 100vw, 892px\" \/><\/figure>\n\n\n\n<figure class=\"wp-block-gallery has-nested-images columns-default is-cropped wp-block-gallery-1 is-layout-flex wp-block-gallery-is-layout-flex\">\n<figure class=\"wp-block-image size-full\"><img decoding=\"async\" width=\"507\" height=\"816\" data-id=\"7424\" src=\"https:\/\/zszelena42.eu\/2021\/wp-content\/uploads\/2022\/03\/ct-oprava.jpg\" alt=\"\" class=\"wp-image-7424\" srcset=\"https:\/\/zszelena42.eu\/2021\/wp-content\/uploads\/2022\/03\/ct-oprava.jpg 507w, https:\/\/zszelena42.eu\/2021\/wp-content\/uploads\/2022\/03\/ct-oprava-186x300.jpg 186w\" sizes=\"(max-width: 507px) 100vw, 507px\" \/><\/figure>\n<\/figure>\n\n\n\n<figure class=\"wp-block-image size-large\"><img decoding=\"async\" width=\"1024\" height=\"570\" src=\"https:\/\/zszelena42.eu\/2021\/wp-content\/uploads\/2022\/03\/finale-patek-duha-1024x570.jpg\" alt=\"\" class=\"wp-image-7421\" srcset=\"https:\/\/zszelena42.eu\/2021\/wp-content\/uploads\/2022\/03\/finale-patek-duha-1024x570.jpg 1024w, https:\/\/zszelena42.eu\/2021\/wp-content\/uploads\/2022\/03\/finale-patek-duha-300x167.jpg 300w, https:\/\/zszelena42.eu\/2021\/wp-content\/uploads\/2022\/03\/finale-patek-duha-768x428.jpg 768w, https:\/\/zszelena42.eu\/2021\/wp-content\/uploads\/2022\/03\/finale-patek-duha.jpg 1137w\" sizes=\"(max-width: 1024px) 100vw, 1024px\" \/><\/figure>\n","protected":false},"excerpt":{"rendered":"<p>\u010cerven\u00e1 barva je symbolem chuti do \u017eivota, v\u00fdrazem emoc\u00ed a l\u00e1sky k z\u00e1\u017eitk\u016fm a zdol\u00e1v\u00e1n\u00ed nesn\u00e1z\u00ed. Nejl\u00e9pe se dnes s touto barvou vypo\u0159\u00e1daly t\u0159\u00eddy 2.A, 2.C, 3.A, 4.A a 4.C. Z\u00edtra n\u00e1s \u010dek\u00e1 posledn\u00ed den barevn\u00e9ho t\u00fddne a to v barv\u011b duhy, kter\u00e1 je ch\u00e1p\u00e1na tak\u00e9 jako symbol jednoty v pestrosti a rozli\u010dnosti . Hodnotit&hellip;&nbsp;<a href=\"https:\/\/zszelena42.eu\/2021\/skolni-rok\/2024-2025\/zakovsky-parlament\/barevny-tyden-cerveny-ctvrtek\/\" rel=\"bookmark\">\u010c\u00edst d\u00e1le &raquo;<span class=\"screen-reader-text\">Barevn\u00fd t\u00fdden: \u010derven\u00fd \u010dtvrtek<\/span><\/a><\/p>\n","protected":false},"author":16,"featured_media":7420,"comment_status":"closed","ping_status":"closed","sticky":true,"template":"","format":"standard","meta":{"neve_meta_sidebar":"","neve_meta_container":"","neve_meta_enable_content_width":"","neve_meta_content_width":0,"neve_meta_title_alignment":"","neve_meta_author_avatar":"","neve_post_elements_order":"","neve_meta_disable_header":"","neve_meta_disable_footer":"","neve_meta_disable_title":"","footnotes":""},"categories":[173],"tags":[176,106],"class_list":["post-7416","post","type-post","status-publish","format-standard","has-post-thumbnail","hentry","category-zakovsky-parlament","tag-barevny-tyden-2022","tag-zakovsky-parlament-21-22"],"_links":{"self":[{"href":"https:\/\/zszelena42.eu\/2021\/wp-json\/wp\/v2\/posts\/7416","targetHints":{"allow":["GET"]}}],"collection":[{"href":"https:\/\/zszelena42.eu\/2021\/wp-json\/wp\/v2\/posts"}],"about":[{"href":"https:\/\/zszelena42.eu\/2021\/wp-json\/wp\/v2\/types\/post"}],"author":[{"embeddable":true,"href":"https:\/\/zszelena42.eu\/2021\/wp-json\/wp\/v2\/users\/16"}],"replies":[{"embeddable":true,"href":"https:\/\/zszelena42.eu\/2021\/wp-json\/wp\/v2\/comments?post=7416"}],"version-history":[{"count":5,"href":"https:\/\/zszelena42.eu\/2021\/wp-json\/wp\/v2\/posts\/7416\/revisions"}],"predecessor-version":[{"id":7427,"href":"https:\/\/zszelena42.eu\/2021\/wp-json\/wp\/v2\/posts\/7416\/revisions\/7427"}],"wp:featuredmedia":[{"embeddable":true,"href":"https:\/\/zszelena42.eu\/2021\/wp-json\/wp\/v2\/media\/7420"}],"wp:attachment":[{"href":"https:\/\/zszelena42.eu\/2021\/wp-json\/wp\/v2\/media?parent=7416"}],"wp:term":[{"taxonomy":"category","embeddable":true,"href":"https:\/\/zszelena42.eu\/2021\/wp-json\/wp\/v2\/categories?post=7416"},{"taxonomy":"post_tag","embeddable":true,"href":"https:\/\/zszelena42.eu\/2021\/wp-json\/wp\/v2\/tags?post=7416"}],"curies":[{"name":"wp","href":"https:\/\/api.w.org\/{rel}","templated":true}]}}