{"id":7395,"date":"2022-03-23T17:27:21","date_gmt":"2022-03-23T16:27:21","guid":{"rendered":"https:\/\/zszelena42.eu\/2021\/?p=7395"},"modified":"2022-03-23T17:27:23","modified_gmt":"2022-03-23T16:27:23","slug":"barevny-tyden-modra-streda","status":"publish","type":"post","link":"https:\/\/zszelena42.eu\/2021\/skolni-rok\/2024-2025\/zakovsky-parlament\/barevny-tyden-modra-streda\/","title":{"rendered":"Barevn\u00fd t\u00fdden: modr\u00e1 st\u0159eda"},"content":{"rendered":"\n<p>Modr\u00e1 barva je spojov\u00e1na s patriotismem a my patrioti dozajista jsme&#8230;na v\u00edt\u011bzstv\u00ed op\u011bt dos\u00e1hly hned \u010dty\u0159i t\u0159\u00eddy!<\/p>\n\n\n\n<figure class=\"wp-block-image size-full\"><img fetchpriority=\"high\" decoding=\"async\" width=\"817\" height=\"650\" src=\"https:\/\/zszelena42.eu\/2021\/wp-content\/uploads\/2022\/03\/BARVY-STREDA.jpg\" alt=\"\" class=\"wp-image-7396\" srcset=\"https:\/\/zszelena42.eu\/2021\/wp-content\/uploads\/2022\/03\/BARVY-STREDA.jpg 817w, https:\/\/zszelena42.eu\/2021\/wp-content\/uploads\/2022\/03\/BARVY-STREDA-300x239.jpg 300w, https:\/\/zszelena42.eu\/2021\/wp-content\/uploads\/2022\/03\/BARVY-STREDA-768x611.jpg 768w\" sizes=\"(max-width: 817px) 100vw, 817px\" \/><\/figure>\n\n\n\n<figure class=\"wp-block-gallery has-nested-images columns-default is-cropped wp-block-gallery-1 is-layout-flex wp-block-gallery-is-layout-flex\">\n<figure class=\"wp-block-image size-full\"><img decoding=\"async\" width=\"501\" height=\"813\" data-id=\"7397\" src=\"https:\/\/zszelena42.eu\/2021\/wp-content\/uploads\/2022\/03\/STREDA-MODRA.jpg\" alt=\"\" class=\"wp-image-7397\" srcset=\"https:\/\/zszelena42.eu\/2021\/wp-content\/uploads\/2022\/03\/STREDA-MODRA.jpg 501w, https:\/\/zszelena42.eu\/2021\/wp-content\/uploads\/2022\/03\/STREDA-MODRA-185x300.jpg 185w\" sizes=\"(max-width: 501px) 100vw, 501px\" \/><\/figure>\n<\/figure>\n","protected":false},"excerpt":{"rendered":"<p>Modr\u00e1 barva je spojov\u00e1na s patriotismem a my patrioti dozajista jsme&#8230;na v\u00edt\u011bzstv\u00ed op\u011bt dos\u00e1hly hned \u010dty\u0159i t\u0159\u00eddy!<\/p>\n","protected":false},"author":16,"featured_media":7396,"comment_status":"closed","ping_status":"closed","sticky":false,"template":"","format":"standard","meta":{"neve_meta_sidebar":"","neve_meta_container":"","neve_meta_enable_content_width":"","neve_meta_content_width":0,"neve_meta_title_alignment":"","neve_meta_author_avatar":"","neve_post_elements_order":"","neve_meta_disable_header":"","neve_meta_disable_footer":"","neve_meta_disable_title":"","footnotes":""},"categories":[173],"tags":[176,106],"class_list":["post-7395","post","type-post","status-publish","format-standard","has-post-thumbnail","hentry","category-zakovsky-parlament","tag-barevny-tyden-2022","tag-zakovsky-parlament-21-22"],"_links":{"self":[{"href":"https:\/\/zszelena42.eu\/2021\/wp-json\/wp\/v2\/posts\/7395","targetHints":{"allow":["GET"]}}],"collection":[{"href":"https:\/\/zszelena42.eu\/2021\/wp-json\/wp\/v2\/posts"}],"about":[{"href":"https:\/\/zszelena42.eu\/2021\/wp-json\/wp\/v2\/types\/post"}],"author":[{"embeddable":true,"href":"https:\/\/zszelena42.eu\/2021\/wp-json\/wp\/v2\/users\/16"}],"replies":[{"embeddable":true,"href":"https:\/\/zszelena42.eu\/2021\/wp-json\/wp\/v2\/comments?post=7395"}],"version-history":[{"count":1,"href":"https:\/\/zszelena42.eu\/2021\/wp-json\/wp\/v2\/posts\/7395\/revisions"}],"predecessor-version":[{"id":7398,"href":"https:\/\/zszelena42.eu\/2021\/wp-json\/wp\/v2\/posts\/7395\/revisions\/7398"}],"wp:featuredmedia":[{"embeddable":true,"href":"https:\/\/zszelena42.eu\/2021\/wp-json\/wp\/v2\/media\/7396"}],"wp:attachment":[{"href":"https:\/\/zszelena42.eu\/2021\/wp-json\/wp\/v2\/media?parent=7395"}],"wp:term":[{"taxonomy":"category","embeddable":true,"href":"https:\/\/zszelena42.eu\/2021\/wp-json\/wp\/v2\/categories?post=7395"},{"taxonomy":"post_tag","embeddable":true,"href":"https:\/\/zszelena42.eu\/2021\/wp-json\/wp\/v2\/tags?post=7395"}],"curies":[{"name":"wp","href":"https:\/\/api.w.org\/{rel}","templated":true}]}}