{"id":7370,"date":"2022-03-22T15:29:57","date_gmt":"2022-03-22T14:29:57","guid":{"rendered":"https:\/\/zszelena42.eu\/2021\/?p=7370"},"modified":"2026-02-01T18:40:53","modified_gmt":"2026-02-01T17:40:53","slug":"hledej-pramen-vody-2022-plavcici-a-svetovy-den-vody","status":"publish","type":"post","link":"https:\/\/zszelena42.eu\/2021\/skolni-rok\/2021-2022\/1-stupen\/5-b\/hledej-pramen-vody-2022-plavcici-a-svetovy-den-vody\/","title":{"rendered":"HLEDEJ PRAMEN VODY 2022, PLAV\u010c\u00cdCI A SV\u011aTOV\u00dd DEN VODY"},"content":{"rendered":"\n<p>Plav\u010d\u00edci dnes oslavili Sv\u011btov\u00fd den vody. Uspo\u0159\u00e1dali sout\u011b\u017e ve vlastn\u00ed VODO poezii. Ka\u017ed\u00fd plav\u010d\u00edk byl hodnocen porotou. V\u0161ichni Plav\u010d\u00edci vyhr\u00e1li a diplom dostali. Na z\u00e1v\u011br si v\u0161ichni p\u0159ipili vodou z kohoutku. <\/p>\n\n\n\n<figure class=\"wp-block-image size-large\"><img fetchpriority=\"high\" decoding=\"async\" width=\"1024\" height=\"769\" src=\"https:\/\/zszelena42.eu\/2021\/wp-content\/uploads\/2022\/03\/Hledej-pramen-vody-2022-Plavcici-Svetovy-den-vody-vodo-poezie-1024x769.jpg\" alt=\"\" class=\"wp-image-7371\" srcset=\"https:\/\/zszelena42.eu\/2021\/wp-content\/uploads\/2022\/03\/Hledej-pramen-vody-2022-Plavcici-Svetovy-den-vody-vodo-poezie-1024x769.jpg 1024w, https:\/\/zszelena42.eu\/2021\/wp-content\/uploads\/2022\/03\/Hledej-pramen-vody-2022-Plavcici-Svetovy-den-vody-vodo-poezie-300x225.jpg 300w, https:\/\/zszelena42.eu\/2021\/wp-content\/uploads\/2022\/03\/Hledej-pramen-vody-2022-Plavcici-Svetovy-den-vody-vodo-poezie-768x577.jpg 768w, https:\/\/zszelena42.eu\/2021\/wp-content\/uploads\/2022\/03\/Hledej-pramen-vody-2022-Plavcici-Svetovy-den-vody-vodo-poezie-1536x1153.jpg 1536w, https:\/\/zszelena42.eu\/2021\/wp-content\/uploads\/2022\/03\/Hledej-pramen-vody-2022-Plavcici-Svetovy-den-vody-vodo-poezie-2048x1538.jpg 2048w\" sizes=\"(max-width: 1024px) 100vw, 1024px\" \/><\/figure>\n\n\n\n<figure class=\"wp-block-image size-large\"><img decoding=\"async\" width=\"1024\" height=\"769\" src=\"https:\/\/zszelena42.eu\/2021\/wp-content\/uploads\/2022\/03\/Hledej-pramen-vody-2022-Plavcici-Vodo-poezie-ke-Svetovemu-dni-vody-1024x769.jpg\" alt=\"\" class=\"wp-image-7372\" srcset=\"https:\/\/zszelena42.eu\/2021\/wp-content\/uploads\/2022\/03\/Hledej-pramen-vody-2022-Plavcici-Vodo-poezie-ke-Svetovemu-dni-vody-1024x769.jpg 1024w, https:\/\/zszelena42.eu\/2021\/wp-content\/uploads\/2022\/03\/Hledej-pramen-vody-2022-Plavcici-Vodo-poezie-ke-Svetovemu-dni-vody-300x225.jpg 300w, https:\/\/zszelena42.eu\/2021\/wp-content\/uploads\/2022\/03\/Hledej-pramen-vody-2022-Plavcici-Vodo-poezie-ke-Svetovemu-dni-vody-768x577.jpg 768w, https:\/\/zszelena42.eu\/2021\/wp-content\/uploads\/2022\/03\/Hledej-pramen-vody-2022-Plavcici-Vodo-poezie-ke-Svetovemu-dni-vody-1536x1153.jpg 1536w, https:\/\/zszelena42.eu\/2021\/wp-content\/uploads\/2022\/03\/Hledej-pramen-vody-2022-Plavcici-Vodo-poezie-ke-Svetovemu-dni-vody-2048x1538.jpg 2048w\" sizes=\"(max-width: 1024px) 100vw, 1024px\" \/><\/figure>\n\n\n\n<figure class=\"wp-block-image size-large\"><img decoding=\"async\" width=\"1024\" height=\"769\" src=\"https:\/\/zszelena42.eu\/2021\/wp-content\/uploads\/2022\/03\/Hledej-pramen-vody-2022-Plavcici-Svetovy-den-vody-diplomy-za-Vodo-poezii-1024x769.jpg\" alt=\"\" class=\"wp-image-7373\" srcset=\"https:\/\/zszelena42.eu\/2021\/wp-content\/uploads\/2022\/03\/Hledej-pramen-vody-2022-Plavcici-Svetovy-den-vody-diplomy-za-Vodo-poezii-1024x769.jpg 1024w, https:\/\/zszelena42.eu\/2021\/wp-content\/uploads\/2022\/03\/Hledej-pramen-vody-2022-Plavcici-Svetovy-den-vody-diplomy-za-Vodo-poezii-300x225.jpg 300w, https:\/\/zszelena42.eu\/2021\/wp-content\/uploads\/2022\/03\/Hledej-pramen-vody-2022-Plavcici-Svetovy-den-vody-diplomy-za-Vodo-poezii-768x577.jpg 768w, https:\/\/zszelena42.eu\/2021\/wp-content\/uploads\/2022\/03\/Hledej-pramen-vody-2022-Plavcici-Svetovy-den-vody-diplomy-za-Vodo-poezii-1536x1153.jpg 1536w, https:\/\/zszelena42.eu\/2021\/wp-content\/uploads\/2022\/03\/Hledej-pramen-vody-2022-Plavcici-Svetovy-den-vody-diplomy-za-Vodo-poezii-2048x1538.jpg 2048w\" sizes=\"(max-width: 1024px) 100vw, 1024px\" \/><\/figure>\n","protected":false},"excerpt":{"rendered":"<p>Plav\u010d\u00edci dnes oslavili Sv\u011btov\u00fd den vody. Uspo\u0159\u00e1dali sout\u011b\u017e ve vlastn\u00ed VODO poezii. Ka\u017ed\u00fd plav\u010d\u00edk byl hodnocen porotou. V\u0161ichni Plav\u010d\u00edci vyhr\u00e1li a diplom dostali. Na z\u00e1v\u011br si v\u0161ichni p\u0159ipili vodou z kohoutku.<\/p>\n","protected":false},"author":28,"featured_media":5646,"comment_status":"closed","ping_status":"closed","sticky":false,"template":"","format":"standard","meta":{"neve_meta_sidebar":"","neve_meta_container":"","neve_meta_enable_content_width":"","neve_meta_content_width":0,"neve_meta_title_alignment":"","neve_meta_author_avatar":"","neve_post_elements_order":"","neve_meta_disable_header":"","neve_meta_disable_footer":"","neve_meta_disable_title":"","footnotes":""},"categories":[28],"tags":[448],"class_list":["post-7370","post","type-post","status-publish","format-standard","has-post-thumbnail","hentry","category-5-b","tag-evvo"],"_links":{"self":[{"href":"https:\/\/zszelena42.eu\/2021\/wp-json\/wp\/v2\/posts\/7370","targetHints":{"allow":["GET"]}}],"collection":[{"href":"https:\/\/zszelena42.eu\/2021\/wp-json\/wp\/v2\/posts"}],"about":[{"href":"https:\/\/zszelena42.eu\/2021\/wp-json\/wp\/v2\/types\/post"}],"author":[{"embeddable":true,"href":"https:\/\/zszelena42.eu\/2021\/wp-json\/wp\/v2\/users\/28"}],"replies":[{"embeddable":true,"href":"https:\/\/zszelena42.eu\/2021\/wp-json\/wp\/v2\/comments?post=7370"}],"version-history":[{"count":1,"href":"https:\/\/zszelena42.eu\/2021\/wp-json\/wp\/v2\/posts\/7370\/revisions"}],"predecessor-version":[{"id":7374,"href":"https:\/\/zszelena42.eu\/2021\/wp-json\/wp\/v2\/posts\/7370\/revisions\/7374"}],"wp:featuredmedia":[{"embeddable":true,"href":"https:\/\/zszelena42.eu\/2021\/wp-json\/wp\/v2\/media\/5646"}],"wp:attachment":[{"href":"https:\/\/zszelena42.eu\/2021\/wp-json\/wp\/v2\/media?parent=7370"}],"wp:term":[{"taxonomy":"category","embeddable":true,"href":"https:\/\/zszelena42.eu\/2021\/wp-json\/wp\/v2\/categories?post=7370"},{"taxonomy":"post_tag","embeddable":true,"href":"https:\/\/zszelena42.eu\/2021\/wp-json\/wp\/v2\/tags?post=7370"}],"curies":[{"name":"wp","href":"https:\/\/api.w.org\/{rel}","templated":true}]}}