{"id":7320,"date":"2022-03-20T10:48:40","date_gmt":"2022-03-20T09:48:40","guid":{"rendered":"https:\/\/zszelena42.eu\/2021\/?p=7320"},"modified":"2022-03-20T22:14:50","modified_gmt":"2022-03-20T21:14:50","slug":"srdickove-dny-v-projektu-moje-telo-muj-hrad","status":"publish","type":"post","link":"https:\/\/zszelena42.eu\/2021\/skolni-rok\/2021-2022\/1-stupen\/3-a\/srdickove-dny-v-projektu-moje-telo-muj-hrad\/","title":{"rendered":"Srd\u00ed\u010dkov\u00e9 dny v projektu Moje t\u011blo &#8211; m\u016fj hrad"},"content":{"rendered":"\n<p>\u017divot d\u011btem je obecn\u011b prosp\u011b\u0161nou spole\u010dnost\u00ed, jej\u00edm\u017e posl\u00e1n\u00edm je pom\u00e1hat v\u00e1\u017en\u011b nemocn\u00fdm d\u011btem, kter\u00e9 jsou odk\u00e1z\u00e1ny na dom\u00e1c\u00ed p\u00e9\u010di sv\u00fdch rodi\u010d\u016f. \u017divot d\u011btem se sna\u017e\u00ed t\u011bmto d\u011btem zp\u0159\u00edjemnit \u017eivot a umo\u017enit lep\u0161\u00ed rehabilita\u010dn\u00ed p\u00e9\u010di, ozdravn\u00e9 pobyty, hrad\u00ed nejr\u016fzn\u011bj\u0161\u00ed pot\u0159ebn\u00e9 pom\u016fcky.<\/p>\n\n\n\n<p>V r\u00e1mci projektu Moje t\u011blo &#8211; m\u016fj hrad se na\u0161e t\u0159\u00edda zapojila velmi aktivn\u011b do charitativn\u00ed akce \u0161koln\u00edho parlamentu <strong>Srd\u00ed\u010dkov\u00e9 dny pro nadaci \u017divot d\u011btem<\/strong>. P\u0159isp\u011bli jsme nemocn\u00fdm d\u011btem n\u00e1kupem magnetek se zv\u00ed\u0159\u00e1tky, magnetick\u00fdch kol\u00ed\u010dk\u016f, n\u00e1ramk\u016f a odzn\u00e1\u010dk\u016f \u010d\u00e1stkou p\u0159esahuj\u00edc\u00ed   <strong>1.000,- <\/strong> k\u010d. Touto cestou moc <strong>d\u011bkuji rodi\u010d\u016fm za podporu a za zapojen\u00ed do t\u00e9to charitativn\u00ed akce<\/strong>.<\/p>\n\n\n\n<figure class=\"wp-block-image size-large\"><img fetchpriority=\"high\" decoding=\"async\" width=\"768\" height=\"1024\" src=\"https:\/\/zszelena42.eu\/2021\/wp-content\/uploads\/2022\/03\/1647779257049-768x1024.jpg\" alt=\"\" class=\"wp-image-7321\" srcset=\"https:\/\/zszelena42.eu\/2021\/wp-content\/uploads\/2022\/03\/1647779257049-768x1024.jpg 768w, https:\/\/zszelena42.eu\/2021\/wp-content\/uploads\/2022\/03\/1647779257049-225x300.jpg 225w, https:\/\/zszelena42.eu\/2021\/wp-content\/uploads\/2022\/03\/1647779257049-1152x1536.jpg 1152w, https:\/\/zszelena42.eu\/2021\/wp-content\/uploads\/2022\/03\/1647779257049.jpg 1536w\" sizes=\"(max-width: 768px) 100vw, 768px\" \/><\/figure>\n\n\n\n<div class=\"wp-block-image\"><figure class=\"aligncenter size-full\"><img decoding=\"async\" width=\"575\" height=\"805\" src=\"https:\/\/zszelena42.eu\/2021\/wp-content\/uploads\/2022\/03\/zivot_detem_2022.jpg\" alt=\"\" class=\"wp-image-7322\" srcset=\"https:\/\/zszelena42.eu\/2021\/wp-content\/uploads\/2022\/03\/zivot_detem_2022.jpg 575w, https:\/\/zszelena42.eu\/2021\/wp-content\/uploads\/2022\/03\/zivot_detem_2022-214x300.jpg 214w\" sizes=\"(max-width: 575px) 100vw, 575px\" \/><\/figure><\/div>\n","protected":false},"excerpt":{"rendered":"<p>\u017divot d\u011btem je obecn\u011b prosp\u011b\u0161nou spole\u010dnost\u00ed, jej\u00edm\u017e posl\u00e1n\u00edm je pom\u00e1hat v\u00e1\u017en\u011b nemocn\u00fdm d\u011btem, kter\u00e9 jsou odk\u00e1z\u00e1ny na dom\u00e1c\u00ed p\u00e9\u010di sv\u00fdch rodi\u010d\u016f. \u017divot d\u011btem se sna\u017e\u00ed t\u011bmto d\u011btem zp\u0159\u00edjemnit \u017eivot a umo\u017enit lep\u0161\u00ed rehabilita\u010dn\u00ed p\u00e9\u010di, ozdravn\u00e9 pobyty, hrad\u00ed nejr\u016fzn\u011bj\u0161\u00ed pot\u0159ebn\u00e9 pom\u016fcky. V r\u00e1mci projektu Moje t\u011blo &#8211; m\u016fj hrad se na\u0161e t\u0159\u00edda zapojila velmi aktivn\u011b do&hellip;&nbsp;<a href=\"https:\/\/zszelena42.eu\/2021\/skolni-rok\/2021-2022\/1-stupen\/3-a\/srdickove-dny-v-projektu-moje-telo-muj-hrad\/\" rel=\"bookmark\">\u010c\u00edst d\u00e1le &raquo;<span class=\"screen-reader-text\">Srd\u00ed\u010dkov\u00e9 dny v projektu Moje t\u011blo &#8211; m\u016fj hrad<\/span><\/a><\/p>\n","protected":false},"author":40,"featured_media":7321,"comment_status":"closed","ping_status":"closed","sticky":false,"template":"","format":"standard","meta":{"neve_meta_sidebar":"","neve_meta_container":"","neve_meta_enable_content_width":"","neve_meta_content_width":0,"neve_meta_title_alignment":"","neve_meta_author_avatar":"","neve_post_elements_order":"","neve_meta_disable_header":"","neve_meta_disable_footer":"","neve_meta_disable_title":"","footnotes":""},"categories":[21],"tags":[120],"class_list":["post-7320","post","type-post","status-publish","format-standard","has-post-thumbnail","hentry","category-3-a","tag-3-a21-22"],"_links":{"self":[{"href":"https:\/\/zszelena42.eu\/2021\/wp-json\/wp\/v2\/posts\/7320","targetHints":{"allow":["GET"]}}],"collection":[{"href":"https:\/\/zszelena42.eu\/2021\/wp-json\/wp\/v2\/posts"}],"about":[{"href":"https:\/\/zszelena42.eu\/2021\/wp-json\/wp\/v2\/types\/post"}],"author":[{"embeddable":true,"href":"https:\/\/zszelena42.eu\/2021\/wp-json\/wp\/v2\/users\/40"}],"replies":[{"embeddable":true,"href":"https:\/\/zszelena42.eu\/2021\/wp-json\/wp\/v2\/comments?post=7320"}],"version-history":[{"count":1,"href":"https:\/\/zszelena42.eu\/2021\/wp-json\/wp\/v2\/posts\/7320\/revisions"}],"predecessor-version":[{"id":7323,"href":"https:\/\/zszelena42.eu\/2021\/wp-json\/wp\/v2\/posts\/7320\/revisions\/7323"}],"wp:featuredmedia":[{"embeddable":true,"href":"https:\/\/zszelena42.eu\/2021\/wp-json\/wp\/v2\/media\/7321"}],"wp:attachment":[{"href":"https:\/\/zszelena42.eu\/2021\/wp-json\/wp\/v2\/media?parent=7320"}],"wp:term":[{"taxonomy":"category","embeddable":true,"href":"https:\/\/zszelena42.eu\/2021\/wp-json\/wp\/v2\/categories?post=7320"},{"taxonomy":"post_tag","embeddable":true,"href":"https:\/\/zszelena42.eu\/2021\/wp-json\/wp\/v2\/tags?post=7320"}],"curies":[{"name":"wp","href":"https:\/\/api.w.org\/{rel}","templated":true}]}}