{"id":7211,"date":"2022-03-20T08:34:00","date_gmt":"2022-03-20T07:34:00","guid":{"rendered":"https:\/\/zszelena42.eu\/2021\/?p=7211"},"modified":"2022-03-20T08:34:01","modified_gmt":"2022-03-20T07:34:01","slug":"hledej-pramen-vody-2022-druhy-vodo-vylet-plavciku-videa","status":"publish","type":"post","link":"https:\/\/zszelena42.eu\/2021\/skolni-rok\/2021-2022\/1-stupen\/5-b\/hledej-pramen-vody-2022-druhy-vodo-vylet-plavciku-videa\/","title":{"rendered":"HLEDEJ PRAMEN VODY 2022, DRUH\u00dd VODO V\u00ddLET PLAV\u010c\u00cdK\u016e, VIDEA"},"content":{"rendered":"\n<p>Plav\u010d\u00edci se vydali na dal\u0161\u00ed cestu za pozn\u00e1n\u00edm. Tentokr\u00e1t se jejich z\u00e1jem t\u00fdkal rybn\u00edk\u016f v Ostrav\u011b.  <\/p>\n\n\n\n<figure class=\"wp-block-video\"><video height=\"1080\" style=\"aspect-ratio: 1920 \/ 1080;\" width=\"1920\" controls src=\"https:\/\/zszelena42.eu\/2021\/wp-content\/uploads\/2022\/03\/VID_20220314_082216.mp4\"><\/video><figcaption>Samoz\u0159ejm\u011b n\u00e1\u0161 pok\u0159ik na m\u00edst\u011b nesm\u00ed chyb\u011bt.<\/figcaption><\/figure>\n\n\n\n<figure class=\"wp-block-video\"><video height=\"1080\" style=\"aspect-ratio: 1920 \/ 1080;\" width=\"1920\" controls src=\"https:\/\/zszelena42.eu\/2021\/wp-content\/uploads\/2022\/03\/VID_20220314_083344.mp4\"><\/video><figcaption>N\u00e1sledovala report\u00e1\u017e s odpov\u011b\u010fmi na zv\u00eddav\u00e9 ot\u00e1zky. <\/figcaption><\/figure>\n\n\n\n<figure class=\"wp-block-video\"><video height=\"1080\" style=\"aspect-ratio: 1920 \/ 1080;\" width=\"1920\" controls src=\"https:\/\/zszelena42.eu\/2021\/wp-content\/uploads\/2022\/03\/VID_20220314_090507.mp4\"><\/video><figcaption>Potom se Plav\u010d\u00edci p\u0159esunuli do Ben\u00e1tek.<\/figcaption><\/figure>\n\n\n\n<figure class=\"wp-block-video\"><video height=\"1080\" style=\"aspect-ratio: 1920 \/ 1080;\" width=\"1920\" controls src=\"https:\/\/zszelena42.eu\/2021\/wp-content\/uploads\/2022\/03\/VID_20220314_091337.mp4\"><\/video><figcaption>V Ben\u00e1tk\u00e1ch Plav\u010d\u00edci objevili stromy, kter\u00e9 rostou z vody. Pro\u010d se Plav\u010d\u00edci rozhodli do Ben\u00e1tek vr\u00e1tit, sledujte ve videu. <\/figcaption><\/figure>\n","protected":false},"excerpt":{"rendered":"<p>Plav\u010d\u00edci se vydali na dal\u0161\u00ed cestu za pozn\u00e1n\u00edm. Tentokr\u00e1t se jejich z\u00e1jem t\u00fdkal rybn\u00edk\u016f v Ostrav\u011b.<\/p>\n","protected":false},"author":28,"featured_media":5646,"comment_status":"closed","ping_status":"closed","sticky":false,"template":"","format":"standard","meta":{"neve_meta_sidebar":"","neve_meta_container":"","neve_meta_enable_content_width":"","neve_meta_content_width":0,"neve_meta_title_alignment":"","neve_meta_author_avatar":"","neve_post_elements_order":"","neve_meta_disable_header":"","neve_meta_disable_footer":"","neve_meta_disable_title":"","footnotes":""},"categories":[28],"tags":[],"class_list":["post-7211","post","type-post","status-publish","format-standard","has-post-thumbnail","hentry","category-5-b"],"_links":{"self":[{"href":"https:\/\/zszelena42.eu\/2021\/wp-json\/wp\/v2\/posts\/7211","targetHints":{"allow":["GET"]}}],"collection":[{"href":"https:\/\/zszelena42.eu\/2021\/wp-json\/wp\/v2\/posts"}],"about":[{"href":"https:\/\/zszelena42.eu\/2021\/wp-json\/wp\/v2\/types\/post"}],"author":[{"embeddable":true,"href":"https:\/\/zszelena42.eu\/2021\/wp-json\/wp\/v2\/users\/28"}],"replies":[{"embeddable":true,"href":"https:\/\/zszelena42.eu\/2021\/wp-json\/wp\/v2\/comments?post=7211"}],"version-history":[{"count":1,"href":"https:\/\/zszelena42.eu\/2021\/wp-json\/wp\/v2\/posts\/7211\/revisions"}],"predecessor-version":[{"id":7216,"href":"https:\/\/zszelena42.eu\/2021\/wp-json\/wp\/v2\/posts\/7211\/revisions\/7216"}],"wp:featuredmedia":[{"embeddable":true,"href":"https:\/\/zszelena42.eu\/2021\/wp-json\/wp\/v2\/media\/5646"}],"wp:attachment":[{"href":"https:\/\/zszelena42.eu\/2021\/wp-json\/wp\/v2\/media?parent=7211"}],"wp:term":[{"taxonomy":"category","embeddable":true,"href":"https:\/\/zszelena42.eu\/2021\/wp-json\/wp\/v2\/categories?post=7211"},{"taxonomy":"post_tag","embeddable":true,"href":"https:\/\/zszelena42.eu\/2021\/wp-json\/wp\/v2\/tags?post=7211"}],"curies":[{"name":"wp","href":"https:\/\/api.w.org\/{rel}","templated":true}]}}