{"id":6516,"date":"2022-03-04T13:53:03","date_gmt":"2022-03-04T12:53:03","guid":{"rendered":"https:\/\/zszelena42.eu\/2021\/?p=6516"},"modified":"2022-03-04T13:53:05","modified_gmt":"2022-03-04T12:53:05","slug":"povesti-naseho-mesta","status":"publish","type":"post","link":"https:\/\/zszelena42.eu\/2021\/skolni-rok\/2021-2022\/1-stupen\/4-b\/povesti-naseho-mesta\/","title":{"rendered":"pov\u011bsti na\u0161eho m\u011bsta"},"content":{"rendered":"\n<p>byla liter\u00e1rn\u00ed beseda v Knihovn\u011b m\u011bsta Ostravy (pobo\u010dka Daliborova). Ne\u017e jsme \u0161li na besedu, znali jsme pov\u011bst o kov\u00e1\u0159i Kelti\u010dkovi. Dozv\u011bd\u011bli jsme se, \u017ee ostravsk\u00e9 pov\u011bsti nejsou jen o dob\u00fdv\u00e1n\u00ed uhl\u00ed, ale tak\u00e9 o Landeku a Slezkoostravsk\u00e9m hrad\u011b. A v\u00edme, pro\u010d m\u00e1 Ostrava ve znaku kon\u011b.<\/p>\n\n\n\n<figure class=\"wp-block-image size-large is-style-default\"><img fetchpriority=\"high\" decoding=\"async\" width=\"1024\" height=\"498\" src=\"https:\/\/zszelena42.eu\/2021\/wp-content\/uploads\/2022\/03\/20220201_093156-1024x498.jpg\" alt=\"\" class=\"wp-image-6521\" srcset=\"https:\/\/zszelena42.eu\/2021\/wp-content\/uploads\/2022\/03\/20220201_093156-1024x498.jpg 1024w, https:\/\/zszelena42.eu\/2021\/wp-content\/uploads\/2022\/03\/20220201_093156-300x146.jpg 300w, https:\/\/zszelena42.eu\/2021\/wp-content\/uploads\/2022\/03\/20220201_093156-768x373.jpg 768w, https:\/\/zszelena42.eu\/2021\/wp-content\/uploads\/2022\/03\/20220201_093156-1536x747.jpg 1536w, https:\/\/zszelena42.eu\/2021\/wp-content\/uploads\/2022\/03\/20220201_093156-2048x996.jpg 2048w\" sizes=\"(max-width: 1024px) 100vw, 1024px\" \/><\/figure>\n","protected":false},"excerpt":{"rendered":"<p>byla liter\u00e1rn\u00ed beseda v Knihovn\u011b m\u011bsta Ostravy (pobo\u010dka Daliborova). Ne\u017e jsme \u0161li na besedu, znali jsme pov\u011bst o kov\u00e1\u0159i Kelti\u010dkovi. Dozv\u011bd\u011bli jsme se, \u017ee ostravsk\u00e9 pov\u011bsti nejsou jen o dob\u00fdv\u00e1n\u00ed uhl\u00ed, ale tak\u00e9 o Landeku a Slezkoostravsk\u00e9m hrad\u011b. A v\u00edme, pro\u010d m\u00e1 Ostrava ve znaku kon\u011b.<\/p>\n","protected":false},"author":9,"featured_media":6518,"comment_status":"closed","ping_status":"closed","sticky":false,"template":"","format":"standard","meta":{"neve_meta_sidebar":"","neve_meta_container":"","neve_meta_enable_content_width":"","neve_meta_content_width":0,"neve_meta_title_alignment":"","neve_meta_author_avatar":"","neve_post_elements_order":"","neve_meta_disable_header":"","neve_meta_disable_footer":"","neve_meta_disable_title":"","footnotes":""},"categories":[24],"tags":[],"class_list":["post-6516","post","type-post","status-publish","format-standard","has-post-thumbnail","hentry","category-4-b"],"_links":{"self":[{"href":"https:\/\/zszelena42.eu\/2021\/wp-json\/wp\/v2\/posts\/6516","targetHints":{"allow":["GET"]}}],"collection":[{"href":"https:\/\/zszelena42.eu\/2021\/wp-json\/wp\/v2\/posts"}],"about":[{"href":"https:\/\/zszelena42.eu\/2021\/wp-json\/wp\/v2\/types\/post"}],"author":[{"embeddable":true,"href":"https:\/\/zszelena42.eu\/2021\/wp-json\/wp\/v2\/users\/9"}],"replies":[{"embeddable":true,"href":"https:\/\/zszelena42.eu\/2021\/wp-json\/wp\/v2\/comments?post=6516"}],"version-history":[{"count":7,"href":"https:\/\/zszelena42.eu\/2021\/wp-json\/wp\/v2\/posts\/6516\/revisions"}],"predecessor-version":[{"id":6526,"href":"https:\/\/zszelena42.eu\/2021\/wp-json\/wp\/v2\/posts\/6516\/revisions\/6526"}],"wp:featuredmedia":[{"embeddable":true,"href":"https:\/\/zszelena42.eu\/2021\/wp-json\/wp\/v2\/media\/6518"}],"wp:attachment":[{"href":"https:\/\/zszelena42.eu\/2021\/wp-json\/wp\/v2\/media?parent=6516"}],"wp:term":[{"taxonomy":"category","embeddable":true,"href":"https:\/\/zszelena42.eu\/2021\/wp-json\/wp\/v2\/categories?post=6516"},{"taxonomy":"post_tag","embeddable":true,"href":"https:\/\/zszelena42.eu\/2021\/wp-json\/wp\/v2\/tags?post=6516"}],"curies":[{"name":"wp","href":"https:\/\/api.w.org\/{rel}","templated":true}]}}