{"id":6498,"date":"2022-03-02T19:57:09","date_gmt":"2022-03-02T18:57:09","guid":{"rendered":"https:\/\/zszelena42.eu\/2021\/?p=6498"},"modified":"2022-03-02T20:46:07","modified_gmt":"2022-03-02T19:46:07","slug":"halda-ema","status":"publish","type":"post","link":"https:\/\/zszelena42.eu\/2021\/skolni-rok\/2021-2022\/1-stupen\/4-b\/halda-ema\/","title":{"rendered":"halda ema"},"content":{"rendered":"\n<p>Posledn\u00ed \u0161koln\u00ed den p\u0159ed v\u00e1no\u010dn\u00edmi pr\u00e1zdninami jsme se vydali na haldu Emu. Tam jsme \u0161li p\u0159es \u010cernou louku a kolem Slezskoostravsk\u00e9ho hradu, cesta zp\u011bt vedla p\u0159es \u00fadol\u00ed Bur\u0148a a kolem Kelti\u010dkovy kov\u00e1rny. V katedr\u00e1le Bo\u017esk\u00e9ho Spasitele jsme si je\u0161t\u011b stihli prohl\u00e9dnout betl\u00e9m.<\/p>\n\n\n\n<figure class=\"wp-block-image size-large\"><img fetchpriority=\"high\" decoding=\"async\" width=\"1024\" height=\"498\" src=\"https:\/\/zszelena42.eu\/2021\/wp-content\/uploads\/2022\/03\/20211222_100223-1024x498.jpg\" alt=\"\" class=\"wp-image-6500\" srcset=\"https:\/\/zszelena42.eu\/2021\/wp-content\/uploads\/2022\/03\/20211222_100223-1024x498.jpg 1024w, https:\/\/zszelena42.eu\/2021\/wp-content\/uploads\/2022\/03\/20211222_100223-300x146.jpg 300w, https:\/\/zszelena42.eu\/2021\/wp-content\/uploads\/2022\/03\/20211222_100223-768x373.jpg 768w, https:\/\/zszelena42.eu\/2021\/wp-content\/uploads\/2022\/03\/20211222_100223-1536x747.jpg 1536w, https:\/\/zszelena42.eu\/2021\/wp-content\/uploads\/2022\/03\/20211222_100223-2048x996.jpg 2048w\" sizes=\"(max-width: 1024px) 100vw, 1024px\" \/><\/figure>\n\n\n\n<p>Chv\u00edle str\u00e1ven\u00e9 na klouza\u010dce p\u0159i zp\u00e1te\u010dn\u00ed cest\u011b se staly inspirac\u00ed do v\u00fdtvarn\u00e9 v\u00fdchovy.<\/p>\n\n\n\n<figure class=\"wp-block-image size-large is-style-rounded\"><img decoding=\"async\" width=\"1024\" height=\"498\" src=\"https:\/\/zszelena42.eu\/2021\/wp-content\/uploads\/2022\/03\/20220228_153536-1024x498.jpg\" alt=\"\" class=\"wp-image-6503\" srcset=\"https:\/\/zszelena42.eu\/2021\/wp-content\/uploads\/2022\/03\/20220228_153536-1024x498.jpg 1024w, https:\/\/zszelena42.eu\/2021\/wp-content\/uploads\/2022\/03\/20220228_153536-300x146.jpg 300w, https:\/\/zszelena42.eu\/2021\/wp-content\/uploads\/2022\/03\/20220228_153536-768x373.jpg 768w, https:\/\/zszelena42.eu\/2021\/wp-content\/uploads\/2022\/03\/20220228_153536-1536x747.jpg 1536w, https:\/\/zszelena42.eu\/2021\/wp-content\/uploads\/2022\/03\/20220228_153536-2048x996.jpg 2048w\" sizes=\"(max-width: 1024px) 100vw, 1024px\" \/><\/figure>\n","protected":false},"excerpt":{"rendered":"<p>Posledn\u00ed \u0161koln\u00ed den p\u0159ed v\u00e1no\u010dn\u00edmi pr\u00e1zdninami jsme se vydali na haldu Emu. Tam jsme \u0161li p\u0159es \u010cernou louku a kolem Slezskoostravsk\u00e9ho hradu, cesta zp\u011bt vedla p\u0159es \u00fadol\u00ed Bur\u0148a a kolem Kelti\u010dkovy kov\u00e1rny. V katedr\u00e1le Bo\u017esk\u00e9ho Spasitele jsme si je\u0161t\u011b stihli prohl\u00e9dnout betl\u00e9m. Chv\u00edle str\u00e1ven\u00e9 na klouza\u010dce p\u0159i zp\u00e1te\u010dn\u00ed cest\u011b se staly inspirac\u00ed do v\u00fdtvarn\u00e9 v\u00fdchovy.<\/p>\n","protected":false},"author":9,"featured_media":6513,"comment_status":"closed","ping_status":"closed","sticky":false,"template":"","format":"standard","meta":{"neve_meta_sidebar":"","neve_meta_container":"","neve_meta_enable_content_width":"","neve_meta_content_width":0,"neve_meta_title_alignment":"","neve_meta_author_avatar":"","neve_post_elements_order":"","neve_meta_disable_header":"","neve_meta_disable_footer":"","neve_meta_disable_title":"","footnotes":""},"categories":[24],"tags":[],"class_list":["post-6498","post","type-post","status-publish","format-standard","has-post-thumbnail","hentry","category-4-b"],"_links":{"self":[{"href":"https:\/\/zszelena42.eu\/2021\/wp-json\/wp\/v2\/posts\/6498","targetHints":{"allow":["GET"]}}],"collection":[{"href":"https:\/\/zszelena42.eu\/2021\/wp-json\/wp\/v2\/posts"}],"about":[{"href":"https:\/\/zszelena42.eu\/2021\/wp-json\/wp\/v2\/types\/post"}],"author":[{"embeddable":true,"href":"https:\/\/zszelena42.eu\/2021\/wp-json\/wp\/v2\/users\/9"}],"replies":[{"embeddable":true,"href":"https:\/\/zszelena42.eu\/2021\/wp-json\/wp\/v2\/comments?post=6498"}],"version-history":[{"count":5,"href":"https:\/\/zszelena42.eu\/2021\/wp-json\/wp\/v2\/posts\/6498\/revisions"}],"predecessor-version":[{"id":6505,"href":"https:\/\/zszelena42.eu\/2021\/wp-json\/wp\/v2\/posts\/6498\/revisions\/6505"}],"wp:featuredmedia":[{"embeddable":true,"href":"https:\/\/zszelena42.eu\/2021\/wp-json\/wp\/v2\/media\/6513"}],"wp:attachment":[{"href":"https:\/\/zszelena42.eu\/2021\/wp-json\/wp\/v2\/media?parent=6498"}],"wp:term":[{"taxonomy":"category","embeddable":true,"href":"https:\/\/zszelena42.eu\/2021\/wp-json\/wp\/v2\/categories?post=6498"},{"taxonomy":"post_tag","embeddable":true,"href":"https:\/\/zszelena42.eu\/2021\/wp-json\/wp\/v2\/tags?post=6498"}],"curies":[{"name":"wp","href":"https:\/\/api.w.org\/{rel}","templated":true}]}}