{"id":5523,"date":"2022-02-09T14:57:46","date_gmt":"2022-02-09T13:57:46","guid":{"rendered":"https:\/\/zszelena42.eu\/2021\/?p=5523"},"modified":"2022-02-09T14:57:47","modified_gmt":"2022-02-09T13:57:47","slug":"jak-jsme-v-dejepise-cestovali-na-bajny-olymp-aneb-recke-baje-komiksem","status":"publish","type":"post","link":"https:\/\/zszelena42.eu\/2021\/2024-2025\/jak-jsme-v-dejepise-cestovali-na-bajny-olymp-aneb-recke-baje-komiksem\/","title":{"rendered":"Jak jsme v d\u011bjepise cestovali na b\u00e1jn\u00fd Olymp aneb \u0159eck\u00e9 b\u00e1je komiksem"},"content":{"rendered":"\n<p>\u0158eck\u00e9 b\u00e1je a pov\u011bsti jsou z\u00e1kladem evropsk\u00e9 kultury a vzd\u011blanosti. P\u0159edstavuj\u00ed sv\u011bt, kter\u00fd ch\u00e1pal s\u00e1m sebe prost\u0159ednictv\u00edm boh\u016f a jejich \u010din\u016f. V d\u00e1vn\u00fdch dob\u00e1ch se staly ned\u00edlnou sou\u010d\u00e1st\u00ed ka\u017edodenn\u00edho \u017eivota lid\u00ed bez rozd\u00edlu jejich spole\u010densk\u00e9ho postaven\u00ed. Ka\u017ed\u00fd si v nich na\u0161el p\u0159\u00edb\u011bh, kter\u00fd zobrazil i jeho osudy.<\/p>\n\n\n\n<div id=\"wp-block-themeisle-blocks-slider-ed065a8b\" class=\"wp-block-themeisle-blocks-slider glide\" data-per-view=\"1\" data-gap=\"0\" data-peek=\"0\" data-autoplay=\"true\" data-height=\"251px\" data-hide-arrows=\"false\"><div class=\"glide__track\" data-glide-el=\"track\"><div class=\"glide__slides\"><div class=\"wp-block-themeisle-blocks-slider-item-wrapper glide__slide\" tabindex=\"0\"><figure><img decoding=\"async\" class=\"wp-block-themeisle-blocks-slider-item\" src=\"https:\/\/zszelena42.eu\/2021\/wp-content\/uploads\/2022\/02\/20190501_142238.jpg\" alt=\"\" title=\"\" data-id=\"5524\"\/><\/figure><\/div><div class=\"wp-block-themeisle-blocks-slider-item-wrapper glide__slide\" tabindex=\"0\"><figure><img decoding=\"async\" class=\"wp-block-themeisle-blocks-slider-item\" src=\"https:\/\/zszelena42.eu\/2021\/wp-content\/uploads\/2022\/02\/20190501_142220.jpg\" alt=\"\" title=\"\" data-id=\"5525\"\/><\/figure><\/div><div class=\"wp-block-themeisle-blocks-slider-item-wrapper glide__slide\" tabindex=\"0\"><figure><img decoding=\"async\" class=\"wp-block-themeisle-blocks-slider-item\" src=\"https:\/\/zszelena42.eu\/2021\/wp-content\/uploads\/2022\/02\/20190501_142022.jpg\" alt=\"\" title=\"\" data-id=\"5526\"\/><\/figure><\/div><\/div><div class=\"glide__bullets\" data-glide-el=\"controls[nav]\"><button class=\"glide__bullet\" data-glide-dir=\"=0\"><\/button><button class=\"glide__bullet\" data-glide-dir=\"=1\"><\/button><button class=\"glide__bullet\" data-glide-dir=\"=2\"><\/button><\/div><\/div><\/div>\n\n\n\n<p><em>Vstupte do sv\u011bta olympsk\u00fdch boh\u016f, jim\u017e vl\u00e1dne z\u00e1letn\u00fd Zeus a jeho \u017e\u00e1rliv\u00e1 man\u017eelka H\u00e9ra, sledujte \u017eivotn\u00ed pou\u0165 nejslavn\u011bj\u0161\u00edho \u0159eck\u00e9 hrdiny H\u00e9rakla, spolu s Th\u00e9seem se vydejte do M\u00ednotaurova labyrintu a s Perseem pro hlavu Med\u00fasy. Vypravte se s Argonauty pro zlat\u00e9 rouno a s Agamemn\u00f3nem a Achilleem dob\u00fdvat Tr\u00f3ju. Prov\u00e1zejte Odyssea p\u0159i jeho dvacet let trvaj\u00edc\u00edm bloud\u011bn\u00ed i ne\u0161\u0165astn\u00e9ho Oidipa sna\u017e\u00edc\u00edho se zabr\u00e1nit spln\u011bn\u00ed v\u011b\u0161tby\u2026<\/em><\/p>\n\n\n\n<p><strong>Neexistuje jedin\u00fd a jednotn\u00fd v\u00fdklad \u0159eck\u00fdch b\u00e1j\u00ed<\/strong>. Podobn\u011b jako auto\u0159i \u0159e\u010dt\u00ed, i ti dne\u0161n\u00ed vyzdvihuj\u00ed tu nebo onu str\u00e1nku t\u011bchto my\u0161lenkov\u011b bohat\u00fdch p\u0159\u00edb\u011bh\u016f a vn\u00e1\u0161ej\u00ed do nich svou invenci.\u00a0<strong>A\u0165 u\u017e v t\u00e9 \u010di on\u00e9 verzi by v\u0161ak \u0159eck\u00e9 b\u00e1je jako jeden ze z\u00e1kladn\u00edch pil\u00ed\u0159\u016f evropsk\u00e9 civilizace m\u011bly b\u00fdt sou\u010dasn\u00e9mu \u017e\u00e1kovi zn\u00e1m\u00e9.<\/strong><\/p>\n","protected":false},"excerpt":{"rendered":"<p>\u0158eck\u00e9 b\u00e1je a pov\u011bsti jsou z\u00e1kladem evropsk\u00e9 kultury a vzd\u011blanosti. P\u0159edstavuj\u00ed sv\u011bt, kter\u00fd ch\u00e1pal s\u00e1m sebe prost\u0159ednictv\u00edm boh\u016f a jejich \u010din\u016f. V d\u00e1vn\u00fdch dob\u00e1ch se staly ned\u00edlnou sou\u010d\u00e1st\u00ed ka\u017edodenn\u00edho \u017eivota lid\u00ed bez rozd\u00edlu jejich spole\u010densk\u00e9ho postaven\u00ed. Ka\u017ed\u00fd si v nich na\u0161el p\u0159\u00edb\u011bh, kter\u00fd zobrazil i jeho osudy. Vstupte do sv\u011bta olympsk\u00fdch boh\u016f, jim\u017e vl\u00e1dne z\u00e1letn\u00fd&hellip;&nbsp;<a href=\"https:\/\/zszelena42.eu\/2021\/2024-2025\/jak-jsme-v-dejepise-cestovali-na-bajny-olymp-aneb-recke-baje-komiksem\/\" rel=\"bookmark\">\u010c\u00edst d\u00e1le &raquo;<span class=\"screen-reader-text\">Jak jsme v d\u011bjepise cestovali na b\u00e1jn\u00fd Olymp aneb \u0159eck\u00e9 b\u00e1je komiksem<\/span><\/a><\/p>\n","protected":false},"author":16,"featured_media":5526,"comment_status":"closed","ping_status":"closed","sticky":false,"template":"","format":"standard","meta":{"neve_meta_sidebar":"","neve_meta_container":"","neve_meta_enable_content_width":"","neve_meta_content_width":0,"neve_meta_title_alignment":"","neve_meta_author_avatar":"","neve_post_elements_order":"","neve_meta_disable_header":"","neve_meta_disable_footer":"","neve_meta_disable_title":"","footnotes":""},"categories":[],"tags":[154,264],"class_list":["post-5523","post","type-post","status-publish","format-standard","has-post-thumbnail","hentry","tag-de-6-b21-22","tag-dejepis"],"_links":{"self":[{"href":"https:\/\/zszelena42.eu\/2021\/wp-json\/wp\/v2\/posts\/5523","targetHints":{"allow":["GET"]}}],"collection":[{"href":"https:\/\/zszelena42.eu\/2021\/wp-json\/wp\/v2\/posts"}],"about":[{"href":"https:\/\/zszelena42.eu\/2021\/wp-json\/wp\/v2\/types\/post"}],"author":[{"embeddable":true,"href":"https:\/\/zszelena42.eu\/2021\/wp-json\/wp\/v2\/users\/16"}],"replies":[{"embeddable":true,"href":"https:\/\/zszelena42.eu\/2021\/wp-json\/wp\/v2\/comments?post=5523"}],"version-history":[{"count":1,"href":"https:\/\/zszelena42.eu\/2021\/wp-json\/wp\/v2\/posts\/5523\/revisions"}],"predecessor-version":[{"id":5527,"href":"https:\/\/zszelena42.eu\/2021\/wp-json\/wp\/v2\/posts\/5523\/revisions\/5527"}],"wp:featuredmedia":[{"embeddable":true,"href":"https:\/\/zszelena42.eu\/2021\/wp-json\/wp\/v2\/media\/5526"}],"wp:attachment":[{"href":"https:\/\/zszelena42.eu\/2021\/wp-json\/wp\/v2\/media?parent=5523"}],"wp:term":[{"taxonomy":"category","embeddable":true,"href":"https:\/\/zszelena42.eu\/2021\/wp-json\/wp\/v2\/categories?post=5523"},{"taxonomy":"post_tag","embeddable":true,"href":"https:\/\/zszelena42.eu\/2021\/wp-json\/wp\/v2\/tags?post=5523"}],"curies":[{"name":"wp","href":"https:\/\/api.w.org\/{rel}","templated":true}]}}