{"id":4706,"date":"2021-12-22T15:05:00","date_gmt":"2021-12-22T14:05:00","guid":{"rendered":"https:\/\/zszelena42.eu\/2021\/?p=4706"},"modified":"2022-01-12T23:26:26","modified_gmt":"2022-01-12T22:26:26","slug":"vyhra-v-soutezi-o-nekrasnejsi-vanocni-tridu","status":"publish","type":"post","link":"https:\/\/zszelena42.eu\/2021\/skolni-rok\/2021-2022\/1-stupen\/4-a\/vyhra-v-soutezi-o-nekrasnejsi-vanocni-tridu\/","title":{"rendered":"V\u00fdhra v sout\u011b\u017ei o nekr\u00e1sn\u011bj\u0161\u00ed v\u00e1no\u010dn\u00ed t\u0159\u00eddu"},"content":{"rendered":"\n<p>\u017d\u00e1ci 4. A miluj\u00ed V\u00e1noce, a proto se rozhodli p\u0159in\u00e9st v\u00e1no\u010dn\u00ed atmosf\u00e9ru i do na\u0161\u00ed t\u0159\u00eddy. Spole\u010dn\u00fdm \u00fasil\u00edm vyzdobili t\u0159\u00eddu kr\u00e1sn\u00fdmi ozdobami a v\u00e1no\u010dn\u00edm strome\u010dkem. V\u00fdzdoba se \u017e\u00e1k\u016fm natolik povedla, \u017ee byli porotou zvoleni za nejkr\u00e1sn\u011bj\u0161\u00ed v\u00e1no\u010dn\u00ed t\u0159\u00eddu na 1. stupni a jako cenu z\u00edskali lahodn\u00fd dort. <\/p>\n\n\n\n<figure class=\"wp-block-image size-large\"><img fetchpriority=\"high\" decoding=\"async\" width=\"902\" height=\"1024\" src=\"https:\/\/zszelena42.eu\/2021\/wp-content\/uploads\/2022\/01\/IMG_20211214_084420_2-902x1024.jpg\" alt=\"\" class=\"wp-image-4708\" srcset=\"https:\/\/zszelena42.eu\/2021\/wp-content\/uploads\/2022\/01\/IMG_20211214_084420_2-902x1024.jpg 902w, https:\/\/zszelena42.eu\/2021\/wp-content\/uploads\/2022\/01\/IMG_20211214_084420_2-264x300.jpg 264w, https:\/\/zszelena42.eu\/2021\/wp-content\/uploads\/2022\/01\/IMG_20211214_084420_2-768x872.jpg 768w, https:\/\/zszelena42.eu\/2021\/wp-content\/uploads\/2022\/01\/IMG_20211214_084420_2-1353x1536.jpg 1353w, https:\/\/zszelena42.eu\/2021\/wp-content\/uploads\/2022\/01\/IMG_20211214_084420_2-1804x2048.jpg 1804w\" sizes=\"(max-width: 902px) 100vw, 902px\" \/><\/figure>\n","protected":false},"excerpt":{"rendered":"<p>\u017d\u00e1ci 4. A miluj\u00ed V\u00e1noce, a proto se rozhodli p\u0159in\u00e9st v\u00e1no\u010dn\u00ed atmosf\u00e9ru i do na\u0161\u00ed t\u0159\u00eddy. Spole\u010dn\u00fdm \u00fasil\u00edm vyzdobili t\u0159\u00eddu kr\u00e1sn\u00fdmi ozdobami a v\u00e1no\u010dn\u00edm strome\u010dkem. V\u00fdzdoba se \u017e\u00e1k\u016fm natolik povedla, \u017ee byli porotou zvoleni za nejkr\u00e1sn\u011bj\u0161\u00ed v\u00e1no\u010dn\u00ed t\u0159\u00eddu na 1. stupni a jako cenu z\u00edskali lahodn\u00fd dort.<\/p>\n","protected":false},"author":39,"featured_media":4709,"comment_status":"closed","ping_status":"closed","sticky":false,"template":"","format":"standard","meta":{"neve_meta_sidebar":"","neve_meta_container":"","neve_meta_enable_content_width":"","neve_meta_content_width":0,"neve_meta_title_alignment":"","neve_meta_author_avatar":"","neve_post_elements_order":"","neve_meta_disable_header":"","neve_meta_disable_footer":"","neve_meta_disable_title":"","footnotes":""},"categories":[23],"tags":[97],"class_list":["post-4706","post","type-post","status-publish","format-standard","has-post-thumbnail","hentry","category-4-a","tag-4-a-21-22"],"_links":{"self":[{"href":"https:\/\/zszelena42.eu\/2021\/wp-json\/wp\/v2\/posts\/4706","targetHints":{"allow":["GET"]}}],"collection":[{"href":"https:\/\/zszelena42.eu\/2021\/wp-json\/wp\/v2\/posts"}],"about":[{"href":"https:\/\/zszelena42.eu\/2021\/wp-json\/wp\/v2\/types\/post"}],"author":[{"embeddable":true,"href":"https:\/\/zszelena42.eu\/2021\/wp-json\/wp\/v2\/users\/39"}],"replies":[{"embeddable":true,"href":"https:\/\/zszelena42.eu\/2021\/wp-json\/wp\/v2\/comments?post=4706"}],"version-history":[{"count":1,"href":"https:\/\/zszelena42.eu\/2021\/wp-json\/wp\/v2\/posts\/4706\/revisions"}],"predecessor-version":[{"id":4710,"href":"https:\/\/zszelena42.eu\/2021\/wp-json\/wp\/v2\/posts\/4706\/revisions\/4710"}],"wp:featuredmedia":[{"embeddable":true,"href":"https:\/\/zszelena42.eu\/2021\/wp-json\/wp\/v2\/media\/4709"}],"wp:attachment":[{"href":"https:\/\/zszelena42.eu\/2021\/wp-json\/wp\/v2\/media?parent=4706"}],"wp:term":[{"taxonomy":"category","embeddable":true,"href":"https:\/\/zszelena42.eu\/2021\/wp-json\/wp\/v2\/categories?post=4706"},{"taxonomy":"post_tag","embeddable":true,"href":"https:\/\/zszelena42.eu\/2021\/wp-json\/wp\/v2\/tags?post=4706"}],"curies":[{"name":"wp","href":"https:\/\/api.w.org\/{rel}","templated":true}]}}