{"id":45575,"date":"2026-04-01T17:31:06","date_gmt":"2026-04-01T16:31:06","guid":{"rendered":"https:\/\/zszelena42.eu\/2021\/?p=45575"},"modified":"2026-04-27T17:39:53","modified_gmt":"2026-04-27T16:39:53","slug":"svaty-vaclav-v-komiksu-ve-4-a-ano","status":"publish","type":"post","link":"https:\/\/zszelena42.eu\/2021\/2025-2026\/svaty-vaclav-v-komiksu-ve-4-a-ano\/","title":{"rendered":"Svat\u00fd V\u00e1clav v komiksu? Ve 4.A ano!"},"content":{"rendered":"\n<p>Ve t\u0159\u00edd\u011b <strong>4.A<\/strong> jsme v r\u00e1mci hodin <strong>vlastiv\u011bdy a slohu<\/strong> propojili historii s kreativitou a pustili se do netradi\u010dn\u00edho projektu \u2013 tvo\u0159ili jsme vlastn\u00ed <strong>komiksy o svat\u00e9m V\u00e1clavovi<\/strong>.<\/p>\n\n\n\n<p>Nejprve jsme se spole\u010dn\u011b sezn\u00e1mili s \u017eivotem \u010desk\u00e9ho patrona, p\u0159ipomn\u011bli si d\u016fle\u017eit\u00e9 ud\u00e1losti jeho \u017eivota a mluvili o tom, pro\u010d je svat\u00fd V\u00e1clav jednou z nejv\u00fdznamn\u011bj\u0161\u00edch postav na\u0161ich d\u011bjin. Pov\u00eddali jsme si o jeho odvaze, moudrosti, v\u00ed\u0159e i o slo\u017eit\u00fdch vztaz\u00edch v tehdej\u0161\u00ed dob\u011b. Historie tak nebyla jen letopo\u010dty v se\u0161it\u011b, ale p\u0159\u00edb\u011bhem pln\u00fdm rozhodnut\u00ed, konflikt\u016f a siln\u00fdch okam\u017eik\u016f.<\/p>\n\n\n\n<figure class=\"wp-block-gallery has-nested-images columns-default is-cropped wp-block-gallery-1 is-layout-flex wp-block-gallery-is-layout-flex\">\n<figure class=\"wp-block-image size-large\"><img fetchpriority=\"high\" decoding=\"async\" width=\"768\" height=\"1024\" data-id=\"45578\" src=\"https:\/\/zszelena42.eu\/2021\/wp-content\/uploads\/2026\/04\/IMG_20260401_113653.jpg\" alt=\"\" class=\"wp-image-45578\" srcset=\"https:\/\/zszelena42.eu\/2021\/wp-content\/uploads\/2026\/04\/IMG_20260401_113653.jpg 768w, https:\/\/zszelena42.eu\/2021\/wp-content\/uploads\/2026\/04\/IMG_20260401_113653-375x500.jpg 375w, https:\/\/zszelena42.eu\/2021\/wp-content\/uploads\/2026\/04\/IMG_20260401_113653-150x200.jpg 150w\" sizes=\"(max-width: 768px) 100vw, 768px\" \/><\/figure>\n\n\n\n<figure class=\"wp-block-image size-large\"><img decoding=\"async\" width=\"768\" height=\"1024\" data-id=\"45576\" src=\"https:\/\/zszelena42.eu\/2021\/wp-content\/uploads\/2026\/04\/IMG_20260401_113645.jpg\" alt=\"\" class=\"wp-image-45576\" srcset=\"https:\/\/zszelena42.eu\/2021\/wp-content\/uploads\/2026\/04\/IMG_20260401_113645.jpg 768w, https:\/\/zszelena42.eu\/2021\/wp-content\/uploads\/2026\/04\/IMG_20260401_113645-375x500.jpg 375w, https:\/\/zszelena42.eu\/2021\/wp-content\/uploads\/2026\/04\/IMG_20260401_113645-150x200.jpg 150w\" sizes=\"(max-width: 768px) 100vw, 768px\" \/><\/figure>\n\n\n\n<figure class=\"wp-block-image size-large\"><img decoding=\"async\" width=\"768\" height=\"1024\" data-id=\"45577\" src=\"https:\/\/zszelena42.eu\/2021\/wp-content\/uploads\/2026\/04\/IMG_20260401_113628.jpg\" alt=\"\" class=\"wp-image-45577\" srcset=\"https:\/\/zszelena42.eu\/2021\/wp-content\/uploads\/2026\/04\/IMG_20260401_113628.jpg 768w, https:\/\/zszelena42.eu\/2021\/wp-content\/uploads\/2026\/04\/IMG_20260401_113628-375x500.jpg 375w, https:\/\/zszelena42.eu\/2021\/wp-content\/uploads\/2026\/04\/IMG_20260401_113628-150x200.jpg 150w\" sizes=\"(max-width: 768px) 100vw, 768px\" \/><\/figure>\n\n\n\n<figure class=\"wp-block-image size-large\"><img loading=\"lazy\" decoding=\"async\" width=\"768\" height=\"1024\" data-id=\"45584\" src=\"https:\/\/zszelena42.eu\/2021\/wp-content\/uploads\/2026\/04\/IMG_20260401_113609.jpg\" alt=\"\" class=\"wp-image-45584\" srcset=\"https:\/\/zszelena42.eu\/2021\/wp-content\/uploads\/2026\/04\/IMG_20260401_113609.jpg 768w, https:\/\/zszelena42.eu\/2021\/wp-content\/uploads\/2026\/04\/IMG_20260401_113609-375x500.jpg 375w, https:\/\/zszelena42.eu\/2021\/wp-content\/uploads\/2026\/04\/IMG_20260401_113609-150x200.jpg 150w\" sizes=\"(max-width: 768px) 100vw, 768px\" \/><\/figure>\n\n\n\n<figure class=\"wp-block-image size-large\"><img loading=\"lazy\" decoding=\"async\" width=\"768\" height=\"1024\" data-id=\"45579\" src=\"https:\/\/zszelena42.eu\/2021\/wp-content\/uploads\/2026\/04\/IMG_20260401_113535.jpg\" alt=\"\" class=\"wp-image-45579\" srcset=\"https:\/\/zszelena42.eu\/2021\/wp-content\/uploads\/2026\/04\/IMG_20260401_113535.jpg 768w, https:\/\/zszelena42.eu\/2021\/wp-content\/uploads\/2026\/04\/IMG_20260401_113535-375x500.jpg 375w, https:\/\/zszelena42.eu\/2021\/wp-content\/uploads\/2026\/04\/IMG_20260401_113535-150x200.jpg 150w\" sizes=\"(max-width: 768px) 100vw, 768px\" \/><\/figure>\n\n\n\n<figure class=\"wp-block-image size-large\"><img loading=\"lazy\" decoding=\"async\" width=\"768\" height=\"1024\" data-id=\"45581\" src=\"https:\/\/zszelena42.eu\/2021\/wp-content\/uploads\/2026\/04\/IMG_20260401_113524.jpg\" alt=\"\" class=\"wp-image-45581\" srcset=\"https:\/\/zszelena42.eu\/2021\/wp-content\/uploads\/2026\/04\/IMG_20260401_113524.jpg 768w, https:\/\/zszelena42.eu\/2021\/wp-content\/uploads\/2026\/04\/IMG_20260401_113524-375x500.jpg 375w, https:\/\/zszelena42.eu\/2021\/wp-content\/uploads\/2026\/04\/IMG_20260401_113524-150x200.jpg 150w\" sizes=\"(max-width: 768px) 100vw, 768px\" \/><\/figure>\n\n\n\n<figure class=\"wp-block-image size-large\"><img loading=\"lazy\" decoding=\"async\" width=\"768\" height=\"1024\" data-id=\"45580\" src=\"https:\/\/zszelena42.eu\/2021\/wp-content\/uploads\/2026\/04\/IMG_20260401_113509.jpg\" alt=\"\" class=\"wp-image-45580\" srcset=\"https:\/\/zszelena42.eu\/2021\/wp-content\/uploads\/2026\/04\/IMG_20260401_113509.jpg 768w, https:\/\/zszelena42.eu\/2021\/wp-content\/uploads\/2026\/04\/IMG_20260401_113509-375x500.jpg 375w, https:\/\/zszelena42.eu\/2021\/wp-content\/uploads\/2026\/04\/IMG_20260401_113509-150x200.jpg 150w\" sizes=\"(max-width: 768px) 100vw, 768px\" \/><\/figure>\n\n\n\n<figure class=\"wp-block-image size-large\"><img loading=\"lazy\" decoding=\"async\" width=\"768\" height=\"1024\" data-id=\"45583\" src=\"https:\/\/zszelena42.eu\/2021\/wp-content\/uploads\/2026\/04\/IMG_20260401_113459.jpg\" alt=\"\" class=\"wp-image-45583\" srcset=\"https:\/\/zszelena42.eu\/2021\/wp-content\/uploads\/2026\/04\/IMG_20260401_113459.jpg 768w, https:\/\/zszelena42.eu\/2021\/wp-content\/uploads\/2026\/04\/IMG_20260401_113459-375x500.jpg 375w, https:\/\/zszelena42.eu\/2021\/wp-content\/uploads\/2026\/04\/IMG_20260401_113459-150x200.jpg 150w\" sizes=\"(max-width: 768px) 100vw, 768px\" \/><\/figure>\n<\/figure>\n\n\n\n<p>Pot\u00e9 p\u0159i\u0161la kreativn\u00ed \u010d\u00e1st \u2013 d\u011bti p\u0159ev\u00e1d\u011bly p\u0159\u00edb\u011bh svat\u00e9ho V\u00e1clava do podoby komiksu. P\u0159em\u00fd\u0161lely nad t\u00edm, kter\u00e9 momenty jsou pro p\u0159\u00edb\u011bh kl\u00ed\u010dov\u00e9, jak vystihnout d\u011bj v obr\u00e1zc\u00edch a jak pomoc\u00ed kr\u00e1tk\u00fdch text\u016f a dialog\u016f zachytit atmosf\u00e9ru cel\u00e9 legendy. Vznikly origin\u00e1ln\u00ed komiksy pln\u00e9 n\u00e1pad\u016f, akce i nehistorick\u00fdch moment\u016f.<\/p>\n\n\n\n<p>Na komiksovou tvorbu nav\u00e1zala aktivita <strong>storytelling<\/strong>, p\u0159i kter\u00e9 d\u011bti sv\u00e9 p\u0159\u00edb\u011bhy p\u0159edstavovaly ostatn\u00edm pomoc\u00ed kosti\u010dek. U\u010dily se vypr\u00e1v\u011bt, pracovat s hlasem, budovat nap\u011bt\u00ed a p\u0159ed\u00e1vat p\u0159\u00edb\u011bh tak, aby zaujal div\u00e1ky. <\/p>\n\n\n\n<p>A uk\u00e1zalo se, \u017ee kdy\u017e dostane historie hlas, za\u010dne \u017e\u00edt \u00fapln\u011b jinak.<\/p>\n\n\n\n<p>Spojen\u00ed vlastiv\u011bdy a slohu n\u00e1m op\u011bt uk\u00e1zalo, \u017ee u\u010den\u00ed m\u016f\u017ee b\u00fdt tvo\u0159iv\u00e9, \u017eiv\u00e9 a z\u00e1bavn\u00e9. Ve 4.A jsme si ov\u011b\u0159ili, \u017ee p\u0159\u00edb\u011bhy na\u0161ich d\u011bjin maj\u00ed po\u0159\u00e1d co \u0159\u00edct \u2013 a n\u011bkdy k tomu sta\u010d\u00ed pap\u00edr, pastelky p\u00e1r kosti\u010dek a dobr\u00fd vyprav\u011b\u010d.<\/p>\n","protected":false},"excerpt":{"rendered":"<p>Ve t\u0159\u00edd\u011b 4.A jsme v r\u00e1mci hodin vlastiv\u011bdy a slohu propojili historii s kreativitou a pustili se do netradi\u010dn\u00edho projektu \u2013 tvo\u0159ili jsme vlastn\u00ed komiksy o svat\u00e9m V\u00e1clavovi. Nejprve jsme se spole\u010dn\u011b sezn\u00e1mili s \u017eivotem \u010desk\u00e9ho patrona, p\u0159ipomn\u011bli si d\u016fle\u017eit\u00e9 ud\u00e1losti jeho \u017eivota a mluvili o tom, pro\u010d je svat\u00fd V\u00e1clav jednou z nejv\u00fdznamn\u011bj\u0161\u00edch postav&hellip;&nbsp;<a href=\"https:\/\/zszelena42.eu\/2021\/2025-2026\/svaty-vaclav-v-komiksu-ve-4-a-ano\/\" rel=\"bookmark\">\u010c\u00edst d\u00e1le &raquo;<span class=\"screen-reader-text\">Svat\u00fd V\u00e1clav v komiksu? Ve 4.A ano!<\/span><\/a><\/p>\n","protected":false},"author":40,"featured_media":45580,"comment_status":"closed","ping_status":"closed","sticky":false,"template":"","format":"standard","meta":{"neve_meta_sidebar":"","neve_meta_container":"","neve_meta_enable_content_width":"","neve_meta_content_width":0,"neve_meta_title_alignment":"","neve_meta_author_avatar":"","neve_post_elements_order":"","neve_meta_disable_header":"","neve_meta_disable_footer":"","neve_meta_disable_title":"","footnotes":""},"categories":[411,420],"tags":[453],"class_list":["post-45575","post","type-post","status-publish","format-standard","has-post-thumbnail","hentry","category-2025-2026","category-4-a-25-26","tag-vlastiveda"],"_links":{"self":[{"href":"https:\/\/zszelena42.eu\/2021\/wp-json\/wp\/v2\/posts\/45575","targetHints":{"allow":["GET"]}}],"collection":[{"href":"https:\/\/zszelena42.eu\/2021\/wp-json\/wp\/v2\/posts"}],"about":[{"href":"https:\/\/zszelena42.eu\/2021\/wp-json\/wp\/v2\/types\/post"}],"author":[{"embeddable":true,"href":"https:\/\/zszelena42.eu\/2021\/wp-json\/wp\/v2\/users\/40"}],"replies":[{"embeddable":true,"href":"https:\/\/zszelena42.eu\/2021\/wp-json\/wp\/v2\/comments?post=45575"}],"version-history":[{"count":1,"href":"https:\/\/zszelena42.eu\/2021\/wp-json\/wp\/v2\/posts\/45575\/revisions"}],"predecessor-version":[{"id":45585,"href":"https:\/\/zszelena42.eu\/2021\/wp-json\/wp\/v2\/posts\/45575\/revisions\/45585"}],"wp:featuredmedia":[{"embeddable":true,"href":"https:\/\/zszelena42.eu\/2021\/wp-json\/wp\/v2\/media\/45580"}],"wp:attachment":[{"href":"https:\/\/zszelena42.eu\/2021\/wp-json\/wp\/v2\/media?parent=45575"}],"wp:term":[{"taxonomy":"category","embeddable":true,"href":"https:\/\/zszelena42.eu\/2021\/wp-json\/wp\/v2\/categories?post=45575"},{"taxonomy":"post_tag","embeddable":true,"href":"https:\/\/zszelena42.eu\/2021\/wp-json\/wp\/v2\/tags?post=45575"}],"curies":[{"name":"wp","href":"https:\/\/api.w.org\/{rel}","templated":true}]}}