{"id":45484,"date":"2026-04-24T17:08:49","date_gmt":"2026-04-24T16:08:49","guid":{"rendered":"https:\/\/zszelena42.eu\/2021\/?p=45484"},"modified":"2026-04-27T17:41:20","modified_gmt":"2026-04-27T16:41:20","slug":"co-po-nas-chce-zeme-4-c","status":"publish","type":"post","link":"https:\/\/zszelena42.eu\/2021\/2025-2026\/co-po-nas-chce-zeme-4-c\/","title":{"rendered":"Co po n\u00e1s chce Zem\u011b, 4.C"},"content":{"rendered":"\n<p>V dal\u0161\u00edch dvou aktivit\u00e1ch jsme se spole\u010dn\u011b zam\u011b\u0159ili na p\u0159edstavu, jak by k n\u00e1m asi promlouvala samotn\u00e1 planeta Zem\u011b.<\/p>\n\n\n\n<p>Nejprve \u017e\u00e1ci p\u0159em\u00fd\u0161leli a zapisovali, co by Zem\u011b \u0159\u00edkala, \u017ee si od lid\u00ed p\u0159eje \u2014 tedy co j\u00ed d\u011bl\u00e1 radost a pom\u00e1h\u00e1 j\u00ed. Z\u00e1rove\u0148 jsme si pojmenovali i opa\u010dnou stranu: co by si Zem\u011b rozhodn\u011b nep\u0159\u00e1la a co ji naopak tr\u00e1p\u00ed a zarmucuje.<\/p>\n\n\n\n<p>D\u011bti p\u0159ich\u00e1zely s velmi p\u011bkn\u00fdmi a smyslupln\u00fdmi n\u00e1pady. Objevovaly se odpov\u011bdi jako t\u0159\u00edd\u011bn\u00ed odpadu, \u0161et\u0159en\u00ed vodou, ochrana p\u0159\u00edrody nebo s\u00e1zen\u00ed strom\u016f. Na druh\u00e9 stran\u011b pak zazn\u00edvalo zne\u010di\u0161\u0165ov\u00e1n\u00ed, pl\u00fdtv\u00e1n\u00ed nebo ni\u010den\u00ed p\u0159\u00edrody.<\/p>\n\n\n\n<p>Ve druh\u00e9 \u010d\u00e1sti jsme tyto my\u0161lenky p\u0159evedli do obr\u00e1zk\u016f<br>\u017d\u00e1ci ztv\u00e1rnili Zemi jako \u0161\u0165astnou nebo smutnou \u2014 podle toho, jak se k n\u00ed lid\u00e9 chovaj\u00ed.<\/p>\n\n\n\n<p>Vznikly kr\u00e1sn\u00e9, n\u00e1padit\u00e9 a \u010dasto i velmi v\u00fdmluvn\u00e9 pr\u00e1ce. Bylo vid\u011bt, \u017ee d\u011bti nejen rozum\u00ed rozd\u00edlu mezi spr\u00e1vn\u00fdm a \u0161kodliv\u00fdm chov\u00e1n\u00edm, ale dok\u00e1\u017eou ho i kreativn\u011b vyj\u00e1d\u0159it.<\/p>\n\n\n\n<p>Tyto aktivity d\u011btem pomohly uv\u011bdomit si, \u017ee na\u0161e ka\u017edodenn\u00ed rozhodnut\u00ed maj\u00ed vliv na sv\u011bt kolem n\u00e1s \u2014 a \u017ee ka\u017ed\u00fd z n\u00e1s m\u016f\u017ee p\u0159isp\u011bt k tomu, aby byla Zem\u011b spokojen\u011bj\u0161\u00ed.<\/p>\n\n\n\n<p>Na konci aktivity zazn\u00edvaly my\u0161lenky,<\/p>\n\n\n\n<p>nap\u0159. NEUV\u011aDOMIL JSEM SI, JAK MOC MY LID\u00c9 PLANET\u011a \u0160KOD\u00cdME.<\/p>\n\n\n\n<p>POCHOPILA JSEM, \u017dE PLANET\u011a M\u016e\u017dU POM\u00c1HAT I MAL\u00ddMI DOBR\u00ddMI SKUTKY.<\/p>\n\n\n\n<figure class=\"wp-block-image size-large\"><img fetchpriority=\"high\" decoding=\"async\" width=\"1024\" height=\"417\" src=\"https:\/\/zszelena42.eu\/2021\/wp-content\/uploads\/2026\/04\/Zeme_chce_nechce_WEB-1024x417.jpg\" alt=\"\" class=\"wp-image-45485\" srcset=\"https:\/\/zszelena42.eu\/2021\/wp-content\/uploads\/2026\/04\/Zeme_chce_nechce_WEB-1024x417.jpg 1024w, https:\/\/zszelena42.eu\/2021\/wp-content\/uploads\/2026\/04\/Zeme_chce_nechce_WEB-500x203.jpg 500w, https:\/\/zszelena42.eu\/2021\/wp-content\/uploads\/2026\/04\/Zeme_chce_nechce_WEB-200x81.jpg 200w, https:\/\/zszelena42.eu\/2021\/wp-content\/uploads\/2026\/04\/Zeme_chce_nechce_WEB-768x313.jpg 768w, https:\/\/zszelena42.eu\/2021\/wp-content\/uploads\/2026\/04\/Zeme_chce_nechce_WEB-1536x625.jpg 1536w, https:\/\/zszelena42.eu\/2021\/wp-content\/uploads\/2026\/04\/Zeme_chce_nechce_WEB.jpg 1978w\" sizes=\"(max-width: 1024px) 100vw, 1024px\" \/><\/figure>\n","protected":false},"excerpt":{"rendered":"<p>V dal\u0161\u00edch dvou aktivit\u00e1ch jsme se spole\u010dn\u011b zam\u011b\u0159ili na p\u0159edstavu, jak by k n\u00e1m asi promlouvala samotn\u00e1 planeta Zem\u011b. Nejprve \u017e\u00e1ci p\u0159em\u00fd\u0161leli a zapisovali, co by Zem\u011b \u0159\u00edkala, \u017ee si od lid\u00ed p\u0159eje \u2014 tedy co j\u00ed d\u011bl\u00e1 radost a pom\u00e1h\u00e1 j\u00ed. Z\u00e1rove\u0148 jsme si pojmenovali i opa\u010dnou stranu: co by si Zem\u011b rozhodn\u011b nep\u0159\u00e1la&hellip;&nbsp;<a href=\"https:\/\/zszelena42.eu\/2021\/2025-2026\/co-po-nas-chce-zeme-4-c\/\" rel=\"bookmark\">\u010c\u00edst d\u00e1le &raquo;<span class=\"screen-reader-text\">Co po n\u00e1s chce Zem\u011b, 4.C<\/span><\/a><\/p>\n","protected":false},"author":69,"featured_media":45486,"comment_status":"closed","ping_status":"closed","sticky":false,"template":"","format":"standard","meta":{"neve_meta_sidebar":"","neve_meta_container":"","neve_meta_enable_content_width":"","neve_meta_content_width":0,"neve_meta_title_alignment":"","neve_meta_author_avatar":"","neve_post_elements_order":"","neve_meta_disable_header":"","neve_meta_disable_footer":"","neve_meta_disable_title":"","footnotes":""},"categories":[411,431],"tags":[448],"class_list":["post-45484","post","type-post","status-publish","format-standard","has-post-thumbnail","hentry","category-2025-2026","category-4-c-25-26","tag-evvo"],"_links":{"self":[{"href":"https:\/\/zszelena42.eu\/2021\/wp-json\/wp\/v2\/posts\/45484","targetHints":{"allow":["GET"]}}],"collection":[{"href":"https:\/\/zszelena42.eu\/2021\/wp-json\/wp\/v2\/posts"}],"about":[{"href":"https:\/\/zszelena42.eu\/2021\/wp-json\/wp\/v2\/types\/post"}],"author":[{"embeddable":true,"href":"https:\/\/zszelena42.eu\/2021\/wp-json\/wp\/v2\/users\/69"}],"replies":[{"embeddable":true,"href":"https:\/\/zszelena42.eu\/2021\/wp-json\/wp\/v2\/comments?post=45484"}],"version-history":[{"count":2,"href":"https:\/\/zszelena42.eu\/2021\/wp-json\/wp\/v2\/posts\/45484\/revisions"}],"predecessor-version":[{"id":45488,"href":"https:\/\/zszelena42.eu\/2021\/wp-json\/wp\/v2\/posts\/45484\/revisions\/45488"}],"wp:featuredmedia":[{"embeddable":true,"href":"https:\/\/zszelena42.eu\/2021\/wp-json\/wp\/v2\/media\/45486"}],"wp:attachment":[{"href":"https:\/\/zszelena42.eu\/2021\/wp-json\/wp\/v2\/media?parent=45484"}],"wp:term":[{"taxonomy":"category","embeddable":true,"href":"https:\/\/zszelena42.eu\/2021\/wp-json\/wp\/v2\/categories?post=45484"},{"taxonomy":"post_tag","embeddable":true,"href":"https:\/\/zszelena42.eu\/2021\/wp-json\/wp\/v2\/tags?post=45484"}],"curies":[{"name":"wp","href":"https:\/\/api.w.org\/{rel}","templated":true}]}}