{"id":45085,"date":"2026-04-22T13:47:24","date_gmt":"2026-04-22T12:47:24","guid":{"rendered":"https:\/\/zszelena42.eu\/2021\/?p=45085"},"modified":"2026-04-27T17:42:50","modified_gmt":"2026-04-27T16:42:50","slug":"recyklace-v-praxi-4-c","status":"publish","type":"post","link":"https:\/\/zszelena42.eu\/2021\/2025-2026\/recyklace-v-praxi-4-c\/","title":{"rendered":"Recyklace v praxi, 4.c"},"content":{"rendered":"\n<p>V uplynul\u00fdch dnech jsme si s \u017e\u00e1ky pov\u00eddali o recyklaci \u2014 co to znamen\u00e1, pro\u010d je d\u016fle\u017eit\u00e1 a jak m\u016f\u017ee ka\u017ed\u00fd z n\u00e1s pomoci na\u0161\u00ed planet\u011b. Nez\u016fstali jsme ale jen u teorie. Spole\u010dn\u011b jsme sd\u00edleli n\u00e1pady, jak d\u00e1t star\u00fdm v\u011bcem nov\u00fd smysl, a d\u011bti p\u0159i\u0161ly s opravdu skv\u011bl\u00fdmi my\u0161lenkami.<\/p>\n\n\n\n<p>A dne\u0161n\u00ed den byl d\u016fkazem, \u017ee fantazie d\u011bt\u00ed nezn\u00e1 hranic.<\/p>\n\n\n\n<p>\u017d\u00e1ci si p\u0159inesli sv\u00e9 vlastn\u00ed v\u00fdrobky z recyklovan\u00fdch materi\u00e1l\u016f a prom\u011bnili tak \u201eodpad\u201c v n\u011bco u\u017eite\u010dn\u00e9ho i kr\u00e1sn\u00e9ho. Objevily se nap\u0159\u00edklad: origin\u00e1ln\u00ed stoj\u00e1nky na tu\u017eky, krm\u00edtko pro pt\u00e1ky ze star\u00fdch obal\u016f, n\u00e1padit\u00e9 pokladni\u010dky, antistresov\u00e9 m\u00ed\u010dky, hra\u010dky nebo kreativn\u00ed maska apod.<\/p>\n\n\n\n<p>Ka\u017ed\u00fd v\u00fdrobek byl jedine\u010dn\u00fd a bylo vid\u011bt, kolik \u00fasil\u00ed, n\u00e1pad\u016f i radosti do n\u011bj d\u011bti vlo\u017eily. Spole\u010dn\u011b jsme si v\u00fdrobky prohl\u00e9dli, p\u0159edstavili si je a pov\u00eddali si o tom, z \u010deho vznikly a k \u010demu slou\u017e\u00ed.<\/p>\n\n\n\n<p>D\u011bti si tak nejen vyzkou\u0161ely tvo\u0159en\u00ed, ale hlavn\u011b si uv\u011bdomily, \u017ee i v\u011bci, kter\u00e9 bychom b\u011b\u017en\u011b vyhodili, mohou je\u0161t\u011b dob\u0159e poslou\u017eit. Nau\u010dily se p\u0159em\u00fd\u0161let jinak \u2014 tvo\u0159iv\u011bji a ohledupln\u011bji k p\u0159\u00edrod\u011b.<\/p>\n\n\n\n<p>M\u00e1me velkou radost, jak zodpov\u011bdn\u011b a s nad\u0161en\u00edm se \u017e\u00e1ci do t\u00e9matu zapojili. V\u011b\u0159\u00edme, \u017ee si tyto n\u00e1vyky odnesou i do b\u011b\u017en\u00e9ho \u017eivota.<\/p>\n\n\n\n<p>Proto\u017ee i mal\u00e9 kroky mohou v\u00e9st k velk\u00fdm zm\u011bn\u00e1m.<\/p>\n\n\n\n<figure class=\"wp-block-image size-large\"><img fetchpriority=\"high\" decoding=\"async\" width=\"1024\" height=\"441\" src=\"https:\/\/zszelena42.eu\/2021\/wp-content\/uploads\/2026\/04\/upcycling6-1024x441.jpg\" alt=\"\" class=\"wp-image-45086\" srcset=\"https:\/\/zszelena42.eu\/2021\/wp-content\/uploads\/2026\/04\/upcycling6-1024x441.jpg 1024w, https:\/\/zszelena42.eu\/2021\/wp-content\/uploads\/2026\/04\/upcycling6-500x215.jpg 500w, https:\/\/zszelena42.eu\/2021\/wp-content\/uploads\/2026\/04\/upcycling6-200x86.jpg 200w, https:\/\/zszelena42.eu\/2021\/wp-content\/uploads\/2026\/04\/upcycling6-768x331.jpg 768w, https:\/\/zszelena42.eu\/2021\/wp-content\/uploads\/2026\/04\/upcycling6-1536x662.jpg 1536w, https:\/\/zszelena42.eu\/2021\/wp-content\/uploads\/2026\/04\/upcycling6.jpg 1688w\" sizes=\"(max-width: 1024px) 100vw, 1024px\" \/><\/figure>\n","protected":false},"excerpt":{"rendered":"<p>V uplynul\u00fdch dnech jsme si s \u017e\u00e1ky pov\u00eddali o recyklaci \u2014 co to znamen\u00e1, pro\u010d je d\u016fle\u017eit\u00e1 a jak m\u016f\u017ee ka\u017ed\u00fd z n\u00e1s pomoci na\u0161\u00ed planet\u011b. Nez\u016fstali jsme ale jen u teorie. Spole\u010dn\u011b jsme sd\u00edleli n\u00e1pady, jak d\u00e1t star\u00fdm v\u011bcem nov\u00fd smysl, a d\u011bti p\u0159i\u0161ly s opravdu skv\u011bl\u00fdmi my\u0161lenkami. A dne\u0161n\u00ed den byl d\u016fkazem, \u017ee&hellip;&nbsp;<a href=\"https:\/\/zszelena42.eu\/2021\/2025-2026\/recyklace-v-praxi-4-c\/\" rel=\"bookmark\">\u010c\u00edst d\u00e1le &raquo;<span class=\"screen-reader-text\">Recyklace v praxi, 4.c<\/span><\/a><\/p>\n","protected":false},"author":69,"featured_media":45086,"comment_status":"closed","ping_status":"closed","sticky":false,"template":"","format":"standard","meta":{"neve_meta_sidebar":"","neve_meta_container":"","neve_meta_enable_content_width":"","neve_meta_content_width":0,"neve_meta_title_alignment":"","neve_meta_author_avatar":"","neve_post_elements_order":"","neve_meta_disable_header":"","neve_meta_disable_footer":"","neve_meta_disable_title":"","footnotes":""},"categories":[411,431],"tags":[448],"class_list":["post-45085","post","type-post","status-publish","format-standard","has-post-thumbnail","hentry","category-2025-2026","category-4-c-25-26","tag-evvo"],"_links":{"self":[{"href":"https:\/\/zszelena42.eu\/2021\/wp-json\/wp\/v2\/posts\/45085","targetHints":{"allow":["GET"]}}],"collection":[{"href":"https:\/\/zszelena42.eu\/2021\/wp-json\/wp\/v2\/posts"}],"about":[{"href":"https:\/\/zszelena42.eu\/2021\/wp-json\/wp\/v2\/types\/post"}],"author":[{"embeddable":true,"href":"https:\/\/zszelena42.eu\/2021\/wp-json\/wp\/v2\/users\/69"}],"replies":[{"embeddable":true,"href":"https:\/\/zszelena42.eu\/2021\/wp-json\/wp\/v2\/comments?post=45085"}],"version-history":[{"count":1,"href":"https:\/\/zszelena42.eu\/2021\/wp-json\/wp\/v2\/posts\/45085\/revisions"}],"predecessor-version":[{"id":45087,"href":"https:\/\/zszelena42.eu\/2021\/wp-json\/wp\/v2\/posts\/45085\/revisions\/45087"}],"wp:featuredmedia":[{"embeddable":true,"href":"https:\/\/zszelena42.eu\/2021\/wp-json\/wp\/v2\/media\/45086"}],"wp:attachment":[{"href":"https:\/\/zszelena42.eu\/2021\/wp-json\/wp\/v2\/media?parent=45085"}],"wp:term":[{"taxonomy":"category","embeddable":true,"href":"https:\/\/zszelena42.eu\/2021\/wp-json\/wp\/v2\/categories?post=45085"},{"taxonomy":"post_tag","embeddable":true,"href":"https:\/\/zszelena42.eu\/2021\/wp-json\/wp\/v2\/tags?post=45085"}],"curies":[{"name":"wp","href":"https:\/\/api.w.org\/{rel}","templated":true}]}}