{"id":44260,"date":"2026-04-07T15:04:20","date_gmt":"2026-04-07T14:04:20","guid":{"rendered":"https:\/\/zszelena42.eu\/2021\/?p=44260"},"modified":"2026-04-07T15:04:20","modified_gmt":"2026-04-07T14:04:20","slug":"ceska-historie-nas-bavi-4-c","status":"publish","type":"post","link":"https:\/\/zszelena42.eu\/2021\/2025-2026\/ceska-historie-nas-bavi-4-c\/","title":{"rendered":"\u010desk\u00e1 historie n\u00e1s bav\u00ed, 4.c"},"content":{"rendered":"\n<p>V r\u00e1mci projektov\u00e9 v\u00fduky jsme se se \u017e\u00e1ci v\u011bnovali obdob\u00ed posledn\u00edch P\u0159emyslovc\u016f \u2013 od vl\u00e1dy P\u0159emysla Otakara I. a\u017e po tragickou smrt V\u00e1clava III. Tento \u00fasek \u010desk\u00fdch d\u011bjin jsme pozn\u00e1vali nejen z u\u010debnic, ale p\u0159edev\u0161\u00edm prost\u0159ednictv\u00edm skupinov\u00e9 pr\u00e1ce, prezentac\u00ed a tvo\u0159iv\u00fdch aktivit.<\/p>\n\n\n\n<p>\u017d\u00e1ci pracovali ve skupin\u00e1ch a ka\u017ed\u00e1 z nich se zam\u011b\u0159ila na konkr\u00e9tn\u00edho panovn\u00edka nebo d\u016fle\u017eitou ud\u00e1lost. Seznamovali se s v\u00fdznamn\u00fdmi osobnostmi, jako byli P\u0159emysl Otakar II., V\u00e1clav II. \u010di V\u00e1clav III., a zji\u0161\u0165ovali, jak\u00e9 ud\u00e1losti ovlivnily v\u00fdvoj \u010desk\u00e9ho st\u00e1tu. Nechyb\u011bly ani zaj\u00edmavosti ze \u017eivota panovn\u00edk\u016f.<\/p>\n\n\n\n<p>V\u00fdsledkem byly poveden\u00e9 plak\u00e1ty, kter\u00e9 \u017e\u00e1ci p\u0159edstavili sv\u00fdm spolu\u017e\u00e1k\u016fm. Projektov\u00e1 v\u00fduka tak p\u0159isp\u011bla nejen k lep\u0161\u00edmu pochopen\u00ed historick\u00fdch souvislost\u00ed, ale tak\u00e9 k rozvoji spolupr\u00e1ce, samostatnosti a schopnosti prezentovat vlastn\u00ed pr\u00e1ci.<\/p>\n\n\n\n<figure class=\"wp-block-gallery has-nested-images columns-default is-cropped wp-block-gallery-1 is-layout-flex wp-block-gallery-is-layout-flex\">\n<figure class=\"wp-block-image size-large\"><img fetchpriority=\"high\" decoding=\"async\" width=\"1024\" height=\"625\" data-id=\"44262\" src=\"https:\/\/zszelena42.eu\/2021\/wp-content\/uploads\/2026\/04\/Premyslovci-1024x625.jpg\" alt=\"\" class=\"wp-image-44262\" srcset=\"https:\/\/zszelena42.eu\/2021\/wp-content\/uploads\/2026\/04\/Premyslovci-1024x625.jpg 1024w, https:\/\/zszelena42.eu\/2021\/wp-content\/uploads\/2026\/04\/Premyslovci-500x305.jpg 500w, https:\/\/zszelena42.eu\/2021\/wp-content\/uploads\/2026\/04\/Premyslovci-200x122.jpg 200w, https:\/\/zszelena42.eu\/2021\/wp-content\/uploads\/2026\/04\/Premyslovci-768x468.jpg 768w, https:\/\/zszelena42.eu\/2021\/wp-content\/uploads\/2026\/04\/Premyslovci-1536x937.jpg 1536w, https:\/\/zszelena42.eu\/2021\/wp-content\/uploads\/2026\/04\/Premyslovci.jpg 1869w\" sizes=\"(max-width: 1024px) 100vw, 1024px\" \/><\/figure>\n\n\n\n<figure class=\"wp-block-image size-large\"><img decoding=\"async\" width=\"1024\" height=\"754\" data-id=\"44263\" src=\"https:\/\/zszelena42.eu\/2021\/wp-content\/uploads\/2026\/04\/VaclavIII-1024x754.jpg\" alt=\"\" class=\"wp-image-44263\" srcset=\"https:\/\/zszelena42.eu\/2021\/wp-content\/uploads\/2026\/04\/VaclavIII-1024x754.jpg 1024w, https:\/\/zszelena42.eu\/2021\/wp-content\/uploads\/2026\/04\/VaclavIII-500x368.jpg 500w, https:\/\/zszelena42.eu\/2021\/wp-content\/uploads\/2026\/04\/VaclavIII-200x147.jpg 200w, https:\/\/zszelena42.eu\/2021\/wp-content\/uploads\/2026\/04\/VaclavIII-768x566.jpg 768w, https:\/\/zszelena42.eu\/2021\/wp-content\/uploads\/2026\/04\/VaclavIII-1536x1131.jpg 1536w, https:\/\/zszelena42.eu\/2021\/wp-content\/uploads\/2026\/04\/VaclavIII.jpg 1836w\" sizes=\"(max-width: 1024px) 100vw, 1024px\" \/><\/figure>\n<\/figure>\n","protected":false},"excerpt":{"rendered":"<p>V r\u00e1mci projektov\u00e9 v\u00fduky jsme se se \u017e\u00e1ci v\u011bnovali obdob\u00ed posledn\u00edch P\u0159emyslovc\u016f \u2013 od vl\u00e1dy P\u0159emysla Otakara I. a\u017e po tragickou smrt V\u00e1clava III. Tento \u00fasek \u010desk\u00fdch d\u011bjin jsme pozn\u00e1vali nejen z u\u010debnic, ale p\u0159edev\u0161\u00edm prost\u0159ednictv\u00edm skupinov\u00e9 pr\u00e1ce, prezentac\u00ed a tvo\u0159iv\u00fdch aktivit. \u017d\u00e1ci pracovali ve skupin\u00e1ch a ka\u017ed\u00e1 z nich se zam\u011b\u0159ila na konkr\u00e9tn\u00edho panovn\u00edka&hellip;&nbsp;<a href=\"https:\/\/zszelena42.eu\/2021\/2025-2026\/ceska-historie-nas-bavi-4-c\/\" rel=\"bookmark\">\u010c\u00edst d\u00e1le &raquo;<span class=\"screen-reader-text\">\u010desk\u00e1 historie n\u00e1s bav\u00ed, 4.c<\/span><\/a><\/p>\n","protected":false},"author":69,"featured_media":44261,"comment_status":"closed","ping_status":"closed","sticky":false,"template":"","format":"standard","meta":{"neve_meta_sidebar":"","neve_meta_container":"","neve_meta_enable_content_width":"","neve_meta_content_width":0,"neve_meta_title_alignment":"","neve_meta_author_avatar":"","neve_post_elements_order":"","neve_meta_disable_header":"","neve_meta_disable_footer":"","neve_meta_disable_title":"","footnotes":""},"categories":[411,431],"tags":[],"class_list":["post-44260","post","type-post","status-publish","format-standard","has-post-thumbnail","hentry","category-2025-2026","category-4-c-25-26"],"_links":{"self":[{"href":"https:\/\/zszelena42.eu\/2021\/wp-json\/wp\/v2\/posts\/44260","targetHints":{"allow":["GET"]}}],"collection":[{"href":"https:\/\/zszelena42.eu\/2021\/wp-json\/wp\/v2\/posts"}],"about":[{"href":"https:\/\/zszelena42.eu\/2021\/wp-json\/wp\/v2\/types\/post"}],"author":[{"embeddable":true,"href":"https:\/\/zszelena42.eu\/2021\/wp-json\/wp\/v2\/users\/69"}],"replies":[{"embeddable":true,"href":"https:\/\/zszelena42.eu\/2021\/wp-json\/wp\/v2\/comments?post=44260"}],"version-history":[{"count":1,"href":"https:\/\/zszelena42.eu\/2021\/wp-json\/wp\/v2\/posts\/44260\/revisions"}],"predecessor-version":[{"id":44264,"href":"https:\/\/zszelena42.eu\/2021\/wp-json\/wp\/v2\/posts\/44260\/revisions\/44264"}],"wp:featuredmedia":[{"embeddable":true,"href":"https:\/\/zszelena42.eu\/2021\/wp-json\/wp\/v2\/media\/44261"}],"wp:attachment":[{"href":"https:\/\/zszelena42.eu\/2021\/wp-json\/wp\/v2\/media?parent=44260"}],"wp:term":[{"taxonomy":"category","embeddable":true,"href":"https:\/\/zszelena42.eu\/2021\/wp-json\/wp\/v2\/categories?post=44260"},{"taxonomy":"post_tag","embeddable":true,"href":"https:\/\/zszelena42.eu\/2021\/wp-json\/wp\/v2\/tags?post=44260"}],"curies":[{"name":"wp","href":"https:\/\/api.w.org\/{rel}","templated":true}]}}