{"id":44254,"date":"2026-04-07T14:56:25","date_gmt":"2026-04-07T13:56:25","guid":{"rendered":"https:\/\/zszelena42.eu\/2021\/?p=44254"},"modified":"2026-04-07T14:56:25","modified_gmt":"2026-04-07T13:56:25","slug":"jarni-pozdrav-v-domove-radost","status":"publish","type":"post","link":"https:\/\/zszelena42.eu\/2021\/2025-2026\/jarni-pozdrav-v-domove-radost\/","title":{"rendered":"jarn\u00ed pozdrav v domov\u011b &#8211; radost"},"content":{"rendered":"\n<p>Babi\u010dky i d\u011bde\u010dkov\u00e9 si na\u0161e jarn\u00ed pozdravy pe\u010dliv\u011b pro\u010d\u00edtali a bylo vid\u011bt, jak velkou radost jim ud\u011blaly. Barevn\u00e9 obr\u00e1zky i mil\u00e1 slova vykouzlily \u00fasm\u011bvy na tv\u00e1\u0159\u00edch a p\u0159inesly do jejich dn\u016f p\u0159\u00edjemnou jarn\u00ed atmosf\u00e9ru.<\/p>\n\n\n\n<p>M\u00e1me radost, \u017ee jsme jim touto formou mohli zp\u0159\u00edjemnit den, a t\u011b\u0161\u00edme se na dal\u0161\u00ed spole\u010dn\u00e1 setk\u00e1n\u00ed.<\/p>\n\n\n\n<figure class=\"wp-block-image size-large\"><img fetchpriority=\"high\" decoding=\"async\" width=\"1024\" height=\"836\" src=\"https:\/\/zszelena42.eu\/2021\/wp-content\/uploads\/2026\/04\/jarni-pozdrav-1024x836.jpg\" alt=\"\" class=\"wp-image-44257\" srcset=\"https:\/\/zszelena42.eu\/2021\/wp-content\/uploads\/2026\/04\/jarni-pozdrav-1024x836.jpg 1024w, https:\/\/zszelena42.eu\/2021\/wp-content\/uploads\/2026\/04\/jarni-pozdrav-500x408.jpg 500w, https:\/\/zszelena42.eu\/2021\/wp-content\/uploads\/2026\/04\/jarni-pozdrav-200x163.jpg 200w, https:\/\/zszelena42.eu\/2021\/wp-content\/uploads\/2026\/04\/jarni-pozdrav-768x627.jpg 768w, https:\/\/zszelena42.eu\/2021\/wp-content\/uploads\/2026\/04\/jarni-pozdrav-1536x1254.jpg 1536w, https:\/\/zszelena42.eu\/2021\/wp-content\/uploads\/2026\/04\/jarni-pozdrav-2048x1672.jpg 2048w\" sizes=\"(max-width: 1024px) 100vw, 1024px\" \/><\/figure>\n","protected":false},"excerpt":{"rendered":"<p>Babi\u010dky i d\u011bde\u010dkov\u00e9 si na\u0161e jarn\u00ed pozdravy pe\u010dliv\u011b pro\u010d\u00edtali a bylo vid\u011bt, jak velkou radost jim ud\u011blaly. Barevn\u00e9 obr\u00e1zky i mil\u00e1 slova vykouzlily \u00fasm\u011bvy na tv\u00e1\u0159\u00edch a p\u0159inesly do jejich dn\u016f p\u0159\u00edjemnou jarn\u00ed atmosf\u00e9ru. M\u00e1me radost, \u017ee jsme jim touto formou mohli zp\u0159\u00edjemnit den, a t\u011b\u0161\u00edme se na dal\u0161\u00ed spole\u010dn\u00e1 setk\u00e1n\u00ed.<\/p>\n","protected":false},"author":69,"featured_media":44096,"comment_status":"closed","ping_status":"closed","sticky":false,"template":"","format":"standard","meta":{"neve_meta_sidebar":"","neve_meta_container":"","neve_meta_enable_content_width":"","neve_meta_content_width":0,"neve_meta_title_alignment":"","neve_meta_author_avatar":"","neve_post_elements_order":"","neve_meta_disable_header":"","neve_meta_disable_footer":"","neve_meta_disable_title":"","footnotes":""},"categories":[411,431],"tags":[],"class_list":["post-44254","post","type-post","status-publish","format-standard","has-post-thumbnail","hentry","category-2025-2026","category-4-c-25-26"],"_links":{"self":[{"href":"https:\/\/zszelena42.eu\/2021\/wp-json\/wp\/v2\/posts\/44254","targetHints":{"allow":["GET"]}}],"collection":[{"href":"https:\/\/zszelena42.eu\/2021\/wp-json\/wp\/v2\/posts"}],"about":[{"href":"https:\/\/zszelena42.eu\/2021\/wp-json\/wp\/v2\/types\/post"}],"author":[{"embeddable":true,"href":"https:\/\/zszelena42.eu\/2021\/wp-json\/wp\/v2\/users\/69"}],"replies":[{"embeddable":true,"href":"https:\/\/zszelena42.eu\/2021\/wp-json\/wp\/v2\/comments?post=44254"}],"version-history":[{"count":1,"href":"https:\/\/zszelena42.eu\/2021\/wp-json\/wp\/v2\/posts\/44254\/revisions"}],"predecessor-version":[{"id":44258,"href":"https:\/\/zszelena42.eu\/2021\/wp-json\/wp\/v2\/posts\/44254\/revisions\/44258"}],"wp:featuredmedia":[{"embeddable":true,"href":"https:\/\/zszelena42.eu\/2021\/wp-json\/wp\/v2\/media\/44096"}],"wp:attachment":[{"href":"https:\/\/zszelena42.eu\/2021\/wp-json\/wp\/v2\/media?parent=44254"}],"wp:term":[{"taxonomy":"category","embeddable":true,"href":"https:\/\/zszelena42.eu\/2021\/wp-json\/wp\/v2\/categories?post=44254"},{"taxonomy":"post_tag","embeddable":true,"href":"https:\/\/zszelena42.eu\/2021\/wp-json\/wp\/v2\/tags?post=44254"}],"curies":[{"name":"wp","href":"https:\/\/api.w.org\/{rel}","templated":true}]}}