{"id":44094,"date":"2026-03-31T17:36:34","date_gmt":"2026-03-31T16:36:34","guid":{"rendered":"https:\/\/zszelena42.eu\/2021\/?p=44094"},"modified":"2026-03-31T17:36:35","modified_gmt":"2026-03-31T16:36:35","slug":"jarne-velikonocni-pozdrav-pro-seniory","status":"publish","type":"post","link":"https:\/\/zszelena42.eu\/2021\/2025-2026\/jarne-velikonocni-pozdrav-pro-seniory\/","title":{"rendered":"Jarn\u011b &#8211; velikono\u010dn\u00ed pozdrav pro seniory"},"content":{"rendered":"\n<p>Na\u0161e spolupr\u00e1ce s Charitn\u00edm domem sv. Al\u017eb\u011bty i nad\u00e1le pokra\u010duje v p\u0159\u00edjemn\u00e9m a tvo\u0159iv\u00e9m duchu. Po spole\u010dn\u00e9m jarn\u00edm setk\u00e1n\u00ed, p\u0159i kter\u00e9m jsme si u\u017eili tv\u016fr\u010d\u00ed d\u00edlnu, jsme se rozhodli ud\u011blat babi\u010dk\u00e1m a d\u011bde\u010dk\u016fm radost je\u0161t\u011b jednou.<\/p>\n\n\n\n<p>\u017d\u00e1ci pro n\u011b p\u0159ipravili velikono\u010dn\u011b-jarn\u00ed pozdrav ve form\u011b plak\u00e1tu, kter\u00fd je pln\u00fd barev, mil\u00fdch vzkaz\u016f a jarn\u00ed atmosf\u00e9ry. Ka\u017ed\u00fd se na jeho tvorb\u011b pod\u00edlel a v\u00fdsledkem je spole\u010dn\u00e9 d\u00edlo, kter\u00e9 v\u011b\u0159\u00edme vykouzl\u00ed \u00fasm\u011bv na tv\u00e1\u0159i v\u0161em klient\u016fm.<\/p>\n\n\n\n<p>T\u011b\u0161\u00ed n\u00e1s, \u017ee m\u016f\u017eeme touto cestou udr\u017eovat hezk\u00e9 vztahy mezi generacemi a u\u017e te\u010f se t\u011b\u0161\u00edme na dal\u0161\u00ed spole\u010dn\u00e1 setk\u00e1n\u00ed.<\/p>\n\n\n\n<figure class=\"wp-block-image size-large\"><img fetchpriority=\"high\" decoding=\"async\" width=\"716\" height=\"1024\" src=\"https:\/\/zszelena42.eu\/2021\/wp-content\/uploads\/2026\/03\/JARO_Plakat-716x1024.jpg\" alt=\"\" class=\"wp-image-44095\" srcset=\"https:\/\/zszelena42.eu\/2021\/wp-content\/uploads\/2026\/03\/JARO_Plakat-716x1024.jpg 716w, https:\/\/zszelena42.eu\/2021\/wp-content\/uploads\/2026\/03\/JARO_Plakat-349x500.jpg 349w, https:\/\/zszelena42.eu\/2021\/wp-content\/uploads\/2026\/03\/JARO_Plakat-140x200.jpg 140w, https:\/\/zszelena42.eu\/2021\/wp-content\/uploads\/2026\/03\/JARO_Plakat-768x1099.jpg 768w, https:\/\/zszelena42.eu\/2021\/wp-content\/uploads\/2026\/03\/JARO_Plakat-1074x1536.jpg 1074w, https:\/\/zszelena42.eu\/2021\/wp-content\/uploads\/2026\/03\/JARO_Plakat-1432x2048.jpg 1432w, https:\/\/zszelena42.eu\/2021\/wp-content\/uploads\/2026\/03\/JARO_Plakat-scaled.jpg 1789w\" sizes=\"(max-width: 716px) 100vw, 716px\" \/><\/figure>\n","protected":false},"excerpt":{"rendered":"<p>Na\u0161e spolupr\u00e1ce s Charitn\u00edm domem sv. Al\u017eb\u011bty i nad\u00e1le pokra\u010duje v p\u0159\u00edjemn\u00e9m a tvo\u0159iv\u00e9m duchu. Po spole\u010dn\u00e9m jarn\u00edm setk\u00e1n\u00ed, p\u0159i kter\u00e9m jsme si u\u017eili tv\u016fr\u010d\u00ed d\u00edlnu, jsme se rozhodli ud\u011blat babi\u010dk\u00e1m a d\u011bde\u010dk\u016fm radost je\u0161t\u011b jednou. \u017d\u00e1ci pro n\u011b p\u0159ipravili velikono\u010dn\u011b-jarn\u00ed pozdrav ve form\u011b plak\u00e1tu, kter\u00fd je pln\u00fd barev, mil\u00fdch vzkaz\u016f a jarn\u00ed atmosf\u00e9ry. Ka\u017ed\u00fd&hellip;&nbsp;<a href=\"https:\/\/zszelena42.eu\/2021\/2025-2026\/jarne-velikonocni-pozdrav-pro-seniory\/\" rel=\"bookmark\">\u010c\u00edst d\u00e1le &raquo;<span class=\"screen-reader-text\">Jarn\u011b &#8211; velikono\u010dn\u00ed pozdrav pro seniory<\/span><\/a><\/p>\n","protected":false},"author":69,"featured_media":44096,"comment_status":"closed","ping_status":"closed","sticky":false,"template":"","format":"standard","meta":{"neve_meta_sidebar":"","neve_meta_container":"","neve_meta_enable_content_width":"","neve_meta_content_width":0,"neve_meta_title_alignment":"","neve_meta_author_avatar":"","neve_post_elements_order":"","neve_meta_disable_header":"","neve_meta_disable_footer":"","neve_meta_disable_title":"","footnotes":""},"categories":[411,431],"tags":[],"class_list":["post-44094","post","type-post","status-publish","format-standard","has-post-thumbnail","hentry","category-2025-2026","category-4-c-25-26"],"_links":{"self":[{"href":"https:\/\/zszelena42.eu\/2021\/wp-json\/wp\/v2\/posts\/44094","targetHints":{"allow":["GET"]}}],"collection":[{"href":"https:\/\/zszelena42.eu\/2021\/wp-json\/wp\/v2\/posts"}],"about":[{"href":"https:\/\/zszelena42.eu\/2021\/wp-json\/wp\/v2\/types\/post"}],"author":[{"embeddable":true,"href":"https:\/\/zszelena42.eu\/2021\/wp-json\/wp\/v2\/users\/69"}],"replies":[{"embeddable":true,"href":"https:\/\/zszelena42.eu\/2021\/wp-json\/wp\/v2\/comments?post=44094"}],"version-history":[{"count":1,"href":"https:\/\/zszelena42.eu\/2021\/wp-json\/wp\/v2\/posts\/44094\/revisions"}],"predecessor-version":[{"id":44097,"href":"https:\/\/zszelena42.eu\/2021\/wp-json\/wp\/v2\/posts\/44094\/revisions\/44097"}],"wp:featuredmedia":[{"embeddable":true,"href":"https:\/\/zszelena42.eu\/2021\/wp-json\/wp\/v2\/media\/44096"}],"wp:attachment":[{"href":"https:\/\/zszelena42.eu\/2021\/wp-json\/wp\/v2\/media?parent=44094"}],"wp:term":[{"taxonomy":"category","embeddable":true,"href":"https:\/\/zszelena42.eu\/2021\/wp-json\/wp\/v2\/categories?post=44094"},{"taxonomy":"post_tag","embeddable":true,"href":"https:\/\/zszelena42.eu\/2021\/wp-json\/wp\/v2\/tags?post=44094"}],"curies":[{"name":"wp","href":"https:\/\/api.w.org\/{rel}","templated":true}]}}