{"id":44003,"date":"2026-03-27T18:58:06","date_gmt":"2026-03-27T17:58:06","guid":{"rendered":"https:\/\/zszelena42.eu\/2021\/?p=44003"},"modified":"2026-03-27T19:15:45","modified_gmt":"2026-03-27T18:15:45","slug":"spolecne-jarni-tvoreni-4-c","status":"publish","type":"post","link":"https:\/\/zszelena42.eu\/2021\/2025-2026\/spolecne-jarni-tvoreni-4-c\/","title":{"rendered":"spole\u010dn\u00e9 jarn\u00ed tvo\u0159en\u00ed, 4.c"},"content":{"rendered":"\n<p>Dnes jsme op\u011bt nav\u0161t\u00edvili Charitn\u00ed d\u016fm sv. Al\u017eb\u011bty na Zelen\u00e9 ulici, kde jsme str\u00e1vili p\u0159\u00edjemn\u00e9 chv\u00edle s babi\u010dkami a d\u011bde\u010dky. Tentokr\u00e1t jsme se spole\u010dn\u011b pustili do jarn\u00edho tvo\u0159en\u00ed a vyr\u00e1b\u011bli pt\u00e1\u010dky z vlny.<\/p>\n\n\n\n<p>Aktivita byla zam\u011b\u0159ena na procvi\u010dov\u00e1n\u00ed jemn\u00e9 motoriky, kter\u00e1 je d\u016fle\u017eit\u00e1 jak pro d\u011bti, tak pro seniory. B\u011bhem tvo\u0159en\u00ed panovala velmi mil\u00e1 atmosf\u00e9ra \u2013 v\u0161ichni spolupracovali, pov\u00eddali si a navz\u00e1jem si pom\u00e1hali.<\/p>\n\n\n\n<p>V\u00fdsledkem byly nejen kr\u00e1sn\u00e9 v\u00fdrobky, ale p\u0159edev\u0161\u00edm radost ze spole\u010dn\u011b str\u00e1ven\u00e9ho \u010dasu a vz\u00e1jemn\u00e9 spole\u010dnosti. U\u017e te\u010f se t\u011b\u0161\u00edme na dal\u0161\u00ed setk\u00e1n\u00ed.<\/p>\n\n\n\n<figure class=\"wp-block-image size-large\"><img fetchpriority=\"high\" decoding=\"async\" width=\"1024\" height=\"595\" src=\"https:\/\/zszelena42.eu\/2021\/wp-content\/uploads\/2026\/03\/ptacci-1024x595.jpg\" alt=\"\" class=\"wp-image-44008\" srcset=\"https:\/\/zszelena42.eu\/2021\/wp-content\/uploads\/2026\/03\/ptacci-1024x595.jpg 1024w, https:\/\/zszelena42.eu\/2021\/wp-content\/uploads\/2026\/03\/ptacci-500x290.jpg 500w, https:\/\/zszelena42.eu\/2021\/wp-content\/uploads\/2026\/03\/ptacci-200x116.jpg 200w, https:\/\/zszelena42.eu\/2021\/wp-content\/uploads\/2026\/03\/ptacci-768x446.jpg 768w, https:\/\/zszelena42.eu\/2021\/wp-content\/uploads\/2026\/03\/ptacci-1536x892.jpg 1536w, https:\/\/zszelena42.eu\/2021\/wp-content\/uploads\/2026\/03\/ptacci.jpg 1632w\" sizes=\"(max-width: 1024px) 100vw, 1024px\" \/><\/figure>\n","protected":false},"excerpt":{"rendered":"<p>Dnes jsme op\u011bt nav\u0161t\u00edvili Charitn\u00ed d\u016fm sv. Al\u017eb\u011bty na Zelen\u00e9 ulici, kde jsme str\u00e1vili p\u0159\u00edjemn\u00e9 chv\u00edle s babi\u010dkami a d\u011bde\u010dky. Tentokr\u00e1t jsme se spole\u010dn\u011b pustili do jarn\u00edho tvo\u0159en\u00ed a vyr\u00e1b\u011bli pt\u00e1\u010dky z vlny. Aktivita byla zam\u011b\u0159ena na procvi\u010dov\u00e1n\u00ed jemn\u00e9 motoriky, kter\u00e1 je d\u016fle\u017eit\u00e1 jak pro d\u011bti, tak pro seniory. B\u011bhem tvo\u0159en\u00ed panovala velmi mil\u00e1 atmosf\u00e9ra&hellip;&nbsp;<a href=\"https:\/\/zszelena42.eu\/2021\/2025-2026\/spolecne-jarni-tvoreni-4-c\/\" rel=\"bookmark\">\u010c\u00edst d\u00e1le &raquo;<span class=\"screen-reader-text\">spole\u010dn\u00e9 jarn\u00ed tvo\u0159en\u00ed, 4.c<\/span><\/a><\/p>\n","protected":false},"author":69,"featured_media":44006,"comment_status":"closed","ping_status":"closed","sticky":false,"template":"","format":"standard","meta":{"neve_meta_sidebar":"","neve_meta_container":"","neve_meta_enable_content_width":"","neve_meta_content_width":0,"neve_meta_title_alignment":"","neve_meta_author_avatar":"","neve_post_elements_order":"","neve_meta_disable_header":"","neve_meta_disable_footer":"","neve_meta_disable_title":"","footnotes":""},"categories":[411,431],"tags":[],"class_list":["post-44003","post","type-post","status-publish","format-standard","has-post-thumbnail","hentry","category-2025-2026","category-4-c-25-26"],"_links":{"self":[{"href":"https:\/\/zszelena42.eu\/2021\/wp-json\/wp\/v2\/posts\/44003","targetHints":{"allow":["GET"]}}],"collection":[{"href":"https:\/\/zszelena42.eu\/2021\/wp-json\/wp\/v2\/posts"}],"about":[{"href":"https:\/\/zszelena42.eu\/2021\/wp-json\/wp\/v2\/types\/post"}],"author":[{"embeddable":true,"href":"https:\/\/zszelena42.eu\/2021\/wp-json\/wp\/v2\/users\/69"}],"replies":[{"embeddable":true,"href":"https:\/\/zszelena42.eu\/2021\/wp-json\/wp\/v2\/comments?post=44003"}],"version-history":[{"count":3,"href":"https:\/\/zszelena42.eu\/2021\/wp-json\/wp\/v2\/posts\/44003\/revisions"}],"predecessor-version":[{"id":44010,"href":"https:\/\/zszelena42.eu\/2021\/wp-json\/wp\/v2\/posts\/44003\/revisions\/44010"}],"wp:featuredmedia":[{"embeddable":true,"href":"https:\/\/zszelena42.eu\/2021\/wp-json\/wp\/v2\/media\/44006"}],"wp:attachment":[{"href":"https:\/\/zszelena42.eu\/2021\/wp-json\/wp\/v2\/media?parent=44003"}],"wp:term":[{"taxonomy":"category","embeddable":true,"href":"https:\/\/zszelena42.eu\/2021\/wp-json\/wp\/v2\/categories?post=44003"},{"taxonomy":"post_tag","embeddable":true,"href":"https:\/\/zszelena42.eu\/2021\/wp-json\/wp\/v2\/tags?post=44003"}],"curies":[{"name":"wp","href":"https:\/\/api.w.org\/{rel}","templated":true}]}}