{"id":43992,"date":"2026-03-27T18:38:29","date_gmt":"2026-03-27T17:38:29","guid":{"rendered":"https:\/\/zszelena42.eu\/2021\/?p=43992"},"modified":"2026-03-27T18:38:30","modified_gmt":"2026-03-27T17:38:30","slug":"jaro-v-nasi-tride-4-c","status":"publish","type":"post","link":"https:\/\/zszelena42.eu\/2021\/2025-2026\/jaro-v-nasi-tride-4-c\/","title":{"rendered":"jaro v na\u0161\u00ed t\u0159\u00edd\u011b, 4.c"},"content":{"rendered":"\n<p>Ve v\u00fdtvarn\u00e9 v\u00fdchov\u011b se \u017e\u00e1ci 4. t\u0159\u00eddy pustili do malov\u00e1n\u00ed jarn\u00edch kv\u011btin. Inspirovali se p\u0159\u00edrodou kolem n\u00e1s a sna\u017eili se zachytit barvy i tvary typick\u00e9 pro jarn\u00ed obdob\u00ed.<\/p>\n\n\n\n<p>P\u0159i pr\u00e1ci vyu\u017e\u00edvali r\u016fzn\u00e9 v\u00fdtvarn\u00e9 techniky a zam\u011b\u0159ili se nejen na samotn\u00e9 kv\u011btiny, ale i na celkovou kompozici obr\u00e1zku. Ka\u017ed\u00fd \u017e\u00e1k pojal sv\u00e9 d\u00edlo origin\u00e1ln\u011b \u2013 n\u011bkter\u00e9 pr\u00e1ce byly jemn\u00e9 a detailn\u00ed, jin\u00e9 naopak v\u00fdrazn\u00e9 a pln\u00e9 barev.<\/p>\n\n\n\n<p>V\u00fdsledkem jsou kr\u00e1sn\u00e9 obr\u00e1zky, kter\u00e9 n\u00e1m rozz\u00e1\u0159ily chodbu p\u0159ed na\u0161\u00ed t\u0159\u00eddou a p\u0159ipom\u00ednaj\u00ed, \u017ee jaro je kone\u010dn\u011b tady, alespo\u0148 to astronomick\u00e9.<\/p>\n\n\n\n<figure class=\"wp-block-image size-large\"><img fetchpriority=\"high\" decoding=\"async\" width=\"1024\" height=\"477\" src=\"https:\/\/zszelena42.eu\/2021\/wp-content\/uploads\/2026\/03\/jaro1.1-1024x477.jpg\" alt=\"\" class=\"wp-image-43995\" srcset=\"https:\/\/zszelena42.eu\/2021\/wp-content\/uploads\/2026\/03\/jaro1.1-1024x477.jpg 1024w, https:\/\/zszelena42.eu\/2021\/wp-content\/uploads\/2026\/03\/jaro1.1-500x233.jpg 500w, https:\/\/zszelena42.eu\/2021\/wp-content\/uploads\/2026\/03\/jaro1.1-200x93.jpg 200w, https:\/\/zszelena42.eu\/2021\/wp-content\/uploads\/2026\/03\/jaro1.1-768x358.jpg 768w, https:\/\/zszelena42.eu\/2021\/wp-content\/uploads\/2026\/03\/jaro1.1.jpg 1529w\" sizes=\"(max-width: 1024px) 100vw, 1024px\" \/><\/figure>\n\n\n\n<figure class=\"wp-block-image size-large\"><img decoding=\"async\" width=\"1024\" height=\"479\" src=\"https:\/\/zszelena42.eu\/2021\/wp-content\/uploads\/2026\/03\/jaro4.1-1024x479.jpg\" alt=\"\" class=\"wp-image-43996\" srcset=\"https:\/\/zszelena42.eu\/2021\/wp-content\/uploads\/2026\/03\/jaro4.1-1024x479.jpg 1024w, https:\/\/zszelena42.eu\/2021\/wp-content\/uploads\/2026\/03\/jaro4.1-500x234.jpg 500w, https:\/\/zszelena42.eu\/2021\/wp-content\/uploads\/2026\/03\/jaro4.1-200x94.jpg 200w, https:\/\/zszelena42.eu\/2021\/wp-content\/uploads\/2026\/03\/jaro4.1-768x360.jpg 768w, https:\/\/zszelena42.eu\/2021\/wp-content\/uploads\/2026\/03\/jaro4.1.jpg 1523w\" sizes=\"(max-width: 1024px) 100vw, 1024px\" \/><\/figure>\n","protected":false},"excerpt":{"rendered":"<p>Ve v\u00fdtvarn\u00e9 v\u00fdchov\u011b se \u017e\u00e1ci 4. t\u0159\u00eddy pustili do malov\u00e1n\u00ed jarn\u00edch kv\u011btin. Inspirovali se p\u0159\u00edrodou kolem n\u00e1s a sna\u017eili se zachytit barvy i tvary typick\u00e9 pro jarn\u00ed obdob\u00ed. P\u0159i pr\u00e1ci vyu\u017e\u00edvali r\u016fzn\u00e9 v\u00fdtvarn\u00e9 techniky a zam\u011b\u0159ili se nejen na samotn\u00e9 kv\u011btiny, ale i na celkovou kompozici obr\u00e1zku. Ka\u017ed\u00fd \u017e\u00e1k pojal sv\u00e9 d\u00edlo origin\u00e1ln\u011b \u2013 n\u011bkter\u00e9&hellip;&nbsp;<a href=\"https:\/\/zszelena42.eu\/2021\/2025-2026\/jaro-v-nasi-tride-4-c\/\" rel=\"bookmark\">\u010c\u00edst d\u00e1le &raquo;<span class=\"screen-reader-text\">jaro v na\u0161\u00ed t\u0159\u00edd\u011b, 4.c<\/span><\/a><\/p>\n","protected":false},"author":69,"featured_media":43993,"comment_status":"closed","ping_status":"closed","sticky":false,"template":"","format":"standard","meta":{"neve_meta_sidebar":"","neve_meta_container":"","neve_meta_enable_content_width":"","neve_meta_content_width":0,"neve_meta_title_alignment":"","neve_meta_author_avatar":"","neve_post_elements_order":"","neve_meta_disable_header":"","neve_meta_disable_footer":"","neve_meta_disable_title":"","footnotes":""},"categories":[411,431],"tags":[],"class_list":["post-43992","post","type-post","status-publish","format-standard","has-post-thumbnail","hentry","category-2025-2026","category-4-c-25-26"],"_links":{"self":[{"href":"https:\/\/zszelena42.eu\/2021\/wp-json\/wp\/v2\/posts\/43992","targetHints":{"allow":["GET"]}}],"collection":[{"href":"https:\/\/zszelena42.eu\/2021\/wp-json\/wp\/v2\/posts"}],"about":[{"href":"https:\/\/zszelena42.eu\/2021\/wp-json\/wp\/v2\/types\/post"}],"author":[{"embeddable":true,"href":"https:\/\/zszelena42.eu\/2021\/wp-json\/wp\/v2\/users\/69"}],"replies":[{"embeddable":true,"href":"https:\/\/zszelena42.eu\/2021\/wp-json\/wp\/v2\/comments?post=43992"}],"version-history":[{"count":1,"href":"https:\/\/zszelena42.eu\/2021\/wp-json\/wp\/v2\/posts\/43992\/revisions"}],"predecessor-version":[{"id":43997,"href":"https:\/\/zszelena42.eu\/2021\/wp-json\/wp\/v2\/posts\/43992\/revisions\/43997"}],"wp:featuredmedia":[{"embeddable":true,"href":"https:\/\/zszelena42.eu\/2021\/wp-json\/wp\/v2\/media\/43993"}],"wp:attachment":[{"href":"https:\/\/zszelena42.eu\/2021\/wp-json\/wp\/v2\/media?parent=43992"}],"wp:term":[{"taxonomy":"category","embeddable":true,"href":"https:\/\/zszelena42.eu\/2021\/wp-json\/wp\/v2\/categories?post=43992"},{"taxonomy":"post_tag","embeddable":true,"href":"https:\/\/zszelena42.eu\/2021\/wp-json\/wp\/v2\/tags?post=43992"}],"curies":[{"name":"wp","href":"https:\/\/api.w.org\/{rel}","templated":true}]}}