{"id":4236,"date":"2021-12-17T16:48:43","date_gmt":"2021-12-17T15:48:43","guid":{"rendered":"https:\/\/zszelena42.eu\/2021\/?p=4236"},"modified":"2021-12-17T16:48:44","modified_gmt":"2021-12-17T15:48:44","slug":"vyhodnoceni-souteze-o-nejvanocnejsi-tridu","status":"publish","type":"post","link":"https:\/\/zszelena42.eu\/2021\/skolni-rok\/2021-2022\/vyhodnoceni-souteze-o-nejvanocnejsi-tridu\/","title":{"rendered":"Vyhodnocen\u00ed sout\u011b\u017ee o &#8222;nejv\u00e1no\u010dn\u011bj\u0161\u00ed&#8220; t\u0159\u00eddu"},"content":{"rendered":"\n<p>V p\u00e1tek 10.12. prob\u011bhlo vyhodnocen\u00ed sout\u011b\u017ee o nejkr\u00e1sn\u011bj\u0161\u00ed v\u00e1no\u010dn\u00ed v\u00fdzdobu t\u0159\u00eddy. Rozhodov\u00e1n\u00ed bylo opravdu t\u011b\u017ek\u00e9, proto\u017ee na v\u00fdzdob\u011b si dali v\u0161ichni velmi z\u00e1le\u017eet. V kategorii 1. stupn\u011b tak do u\u017e\u0161\u00edho fin\u00e1le postoupilo celkem 7 t\u0159\u00edd a o v\u00edt\u011bzi musel rozhodnout los. Z finalist\u016f b\u00fdval\u00e1 pan\u00ed \u0161kolnice Hedvika Stry\u0161ovsk\u00e1 vylosovala v\u00edt\u011bznou t\u0159\u00eddu, j\u00ed\u017e se stala <strong>4.A.<\/strong> <\/p>\n\n\n\n<p>I na 2. stupni musel o v\u00edt\u011bzi rozhodnout los. Do u\u017e\u0161\u00edho <strong>fin\u00e1le postoupily t\u0159\u00eddy t\u0159\u00eddy 6.B, 7.C, 8.A, 8.B a 9.A<\/strong>. Pan\u00ed Stry\u0161ovsk\u00e1 pak vylosovala v\u00edt\u011bze, kter\u00fdm je <strong>6.B.<\/strong><\/p>\n\n\n\n<div id=\"wp-block-themeisle-blocks-slider-d5b2711c\" class=\"wp-block-themeisle-blocks-slider glide\" data-per-view=\"1\" data-gap=\"0\" data-peek=\"0\" data-autoplay=\"3000\" data-height=\"885px\" data-hide-arrows=\"false\"><div class=\"glide__track\" data-glide-el=\"track\"><div class=\"glide__slides\"><div class=\"wp-block-themeisle-blocks-slider-item-wrapper glide__slide\" tabindex=\"0\"><figure><img decoding=\"async\" class=\"wp-block-themeisle-blocks-slider-item\" src=\"https:\/\/zszelena42.eu\/2021\/wp-content\/uploads\/2021\/12\/265674460_1612288982435921_1577305679199851054_n-1-768x1024.jpg\" alt=\"\" title=\"\" data-id=\"4239\"\/><\/figure><\/div><div class=\"wp-block-themeisle-blocks-slider-item-wrapper glide__slide\" tabindex=\"0\"><figure><img decoding=\"async\" class=\"wp-block-themeisle-blocks-slider-item\" src=\"https:\/\/zszelena42.eu\/2021\/wp-content\/uploads\/2021\/12\/266182314_236567821883122_8434537938197761141_n-1-1024x768.jpg\" alt=\"\" title=\"\" data-id=\"4241\"\/><\/figure><\/div><\/div><div class=\"glide__bullets\" data-glide-el=\"controls[nav]\"><button class=\"glide__bullet\" data-glide-dir=\"=0\"><\/button><button class=\"glide__bullet\" data-glide-dir=\"=1\"><\/button><\/div><\/div><\/div>\n\n\n\n<p><br><br><strong>V\u00edt\u011bz\u016fm blahop\u0159ejeme, jsme r\u00e1di, \u017ee se v\u0161ichni s radost\u00ed zapojili a t\u011bm, kte\u0159\u00ed nevyhr\u00e1li, se to ur\u010dit\u011b povede p\u0159\u00ed\u0161t\u011b!<\/strong> Hodn\u011b \u0161t\u011bst\u00ed a kr\u00e1sn\u00e9 V\u00e1noce p\u0159ej\u00ed koordin\u00e1to\u0159i \u017e\u00e1kovsk\u00e9ho \u0161koln\u00edho parlamentu!<\/p>\n","protected":false},"excerpt":{"rendered":"<p>V p\u00e1tek 10.12. prob\u011bhlo vyhodnocen\u00ed sout\u011b\u017ee o nejkr\u00e1sn\u011bj\u0161\u00ed v\u00e1no\u010dn\u00ed v\u00fdzdobu t\u0159\u00eddy. Rozhodov\u00e1n\u00ed bylo opravdu t\u011b\u017ek\u00e9, proto\u017ee na v\u00fdzdob\u011b si dali v\u0161ichni velmi z\u00e1le\u017eet. V kategorii 1. stupn\u011b tak do u\u017e\u0161\u00edho fin\u00e1le postoupilo celkem 7 t\u0159\u00edd a o v\u00edt\u011bzi musel rozhodnout los. Z finalist\u016f b\u00fdval\u00e1 pan\u00ed \u0161kolnice Hedvika Stry\u0161ovsk\u00e1 vylosovala v\u00edt\u011bznou t\u0159\u00eddu, j\u00ed\u017e se stala 4.A.&hellip;&nbsp;<a href=\"https:\/\/zszelena42.eu\/2021\/skolni-rok\/2021-2022\/vyhodnoceni-souteze-o-nejvanocnejsi-tridu\/\" rel=\"bookmark\">\u010c\u00edst d\u00e1le &raquo;<span class=\"screen-reader-text\">Vyhodnocen\u00ed sout\u011b\u017ee o &#8222;nejv\u00e1no\u010dn\u011bj\u0161\u00ed&#8220; t\u0159\u00eddu<\/span><\/a><\/p>\n","protected":false},"author":36,"featured_media":4240,"comment_status":"closed","ping_status":"closed","sticky":false,"template":"","format":"standard","meta":{"neve_meta_sidebar":"","neve_meta_container":"","neve_meta_enable_content_width":"","neve_meta_content_width":0,"neve_meta_title_alignment":"","neve_meta_author_avatar":"","neve_post_elements_order":"","neve_meta_disable_header":"","neve_meta_disable_footer":"","neve_meta_disable_title":"","footnotes":""},"categories":[4],"tags":[113,106],"class_list":["post-4236","post","type-post","status-publish","format-standard","has-post-thumbnail","hentry","category-2021-2022","tag-soutez","tag-zakovsky-parlament-21-22"],"_links":{"self":[{"href":"https:\/\/zszelena42.eu\/2021\/wp-json\/wp\/v2\/posts\/4236","targetHints":{"allow":["GET"]}}],"collection":[{"href":"https:\/\/zszelena42.eu\/2021\/wp-json\/wp\/v2\/posts"}],"about":[{"href":"https:\/\/zszelena42.eu\/2021\/wp-json\/wp\/v2\/types\/post"}],"author":[{"embeddable":true,"href":"https:\/\/zszelena42.eu\/2021\/wp-json\/wp\/v2\/users\/36"}],"replies":[{"embeddable":true,"href":"https:\/\/zszelena42.eu\/2021\/wp-json\/wp\/v2\/comments?post=4236"}],"version-history":[{"count":2,"href":"https:\/\/zszelena42.eu\/2021\/wp-json\/wp\/v2\/posts\/4236\/revisions"}],"predecessor-version":[{"id":4243,"href":"https:\/\/zszelena42.eu\/2021\/wp-json\/wp\/v2\/posts\/4236\/revisions\/4243"}],"wp:featuredmedia":[{"embeddable":true,"href":"https:\/\/zszelena42.eu\/2021\/wp-json\/wp\/v2\/media\/4240"}],"wp:attachment":[{"href":"https:\/\/zszelena42.eu\/2021\/wp-json\/wp\/v2\/media?parent=4236"}],"wp:term":[{"taxonomy":"category","embeddable":true,"href":"https:\/\/zszelena42.eu\/2021\/wp-json\/wp\/v2\/categories?post=4236"},{"taxonomy":"post_tag","embeddable":true,"href":"https:\/\/zszelena42.eu\/2021\/wp-json\/wp\/v2\/tags?post=4236"}],"curies":[{"name":"wp","href":"https:\/\/api.w.org\/{rel}","templated":true}]}}