{"id":42120,"date":"2025-12-12T16:16:07","date_gmt":"2025-12-12T15:16:07","guid":{"rendered":"https:\/\/zszelena42.eu\/2021\/?p=42120"},"modified":"2025-12-12T16:16:08","modified_gmt":"2025-12-12T15:16:08","slug":"charitni-dum-sv-alzbety-4-c","status":"publish","type":"post","link":"https:\/\/zszelena42.eu\/2021\/2025-2026\/charitni-dum-sv-alzbety-4-c\/","title":{"rendered":"charitn\u00ed d\u016fm sv.al\u017eb\u011bty, 4.c"},"content":{"rendered":"\n<p>V&nbsp;p\u00e1tek 12. prosince jsme se s d\u011btmi vypravili na n\u00e1v\u0161t\u011bvu do Charitn\u00edho domu sv. Al\u017eb\u011bty na Zelen\u00e9 ulici. P\u0159iv\u00edtaly n\u00e1s mil\u00e9 babi\u010dky a p\u0159idal se i jeden d\u011bde\u010dek. D\u011bti si ve \u0161kole nacvi\u010dily mikul\u00e1\u0161sk\u00e9 a v\u00e1no\u010dn\u00ed p\u0159ekvapen\u00ed. P\u0159ednesly babi\u010dk\u00e1m a d\u011bde\u010dkovi n\u011bkolik b\u00e1sni\u010dek o Mikul\u00e1\u0161i a bl\u00ed\u017e\u00edc\u00edch se V\u00e1noc\u00edch \u2013 jednu z nich dokonce klienti domova dob\u0159e znali, a tak si ji s n\u00e1mi spole\u010dn\u011b zopakovali.<\/p>\n\n\n\n<p>Po b\u00e1sni\u010dk\u00e1ch jsme si v\u0161ichni zazp\u00edvali dv\u011b v\u00e1no\u010dn\u00ed p\u00edsni\u010dky, co\u017e vytvo\u0159ilo kr\u00e1snou, slavnostn\u00ed atmosf\u00e9ru. Chv\u00edli jsme si tak\u00e9 popov\u00eddali, p\u0159edali p\u0159\u00e1n\u00ed\u010dka i d\u00e1re\u010dky, kter\u00e9 d\u011bti s l\u00e1skou vyr\u00e1b\u011bly ve \u0161kole, a pop\u0159\u00e1li jsme v\u0161em kr\u00e1sn\u00e9 sv\u00e1tky.<\/p>\n\n\n\n<p>Kdy\u017e jsme se po n\u00e1v\u0161t\u011bv\u011b vraceli zp\u00e1tky, je\u0161t\u011b jsme se zastavili u strome\u010dku domova a p\u0159idali jsme na n\u011bj n\u011bkolik ozdobi\u010dek, aby p\u0159ipom\u00ednaly na\u0161i n\u00e1v\u0161t\u011bvu a tak\u00e9 n\u00e1m cestu zp\u0159\u00edjemnil v\u00e1no\u010dn\u00ed n\u00e1ladou.<\/p>\n\n\n\n<p>Byl to p\u0159\u00edjemn\u00fd a dojemn\u00fd z\u00e1\u017eitek, na kter\u00fd budeme r\u00e1di vzpom\u00ednat. Z\u00e1rove\u0148 se t\u011b\u0161\u00edme na dal\u0161\u00ed spolupr\u00e1ci.<\/p>\n\n\n\n<figure class=\"wp-block-gallery has-nested-images columns-default is-cropped wp-block-gallery-1 is-layout-flex wp-block-gallery-is-layout-flex\">\n<figure class=\"wp-block-image size-large\"><img fetchpriority=\"high\" decoding=\"async\" width=\"654\" height=\"1024\" data-id=\"42122\" src=\"https:\/\/zszelena42.eu\/2021\/wp-content\/uploads\/2025\/12\/sv.Alzbeta4-654x1024.jpg\" alt=\"\" class=\"wp-image-42122\" srcset=\"https:\/\/zszelena42.eu\/2021\/wp-content\/uploads\/2025\/12\/sv.Alzbeta4-654x1024.jpg 654w, https:\/\/zszelena42.eu\/2021\/wp-content\/uploads\/2025\/12\/sv.Alzbeta4-319x500.jpg 319w, https:\/\/zszelena42.eu\/2021\/wp-content\/uploads\/2025\/12\/sv.Alzbeta4-128x200.jpg 128w, https:\/\/zszelena42.eu\/2021\/wp-content\/uploads\/2025\/12\/sv.Alzbeta4-768x1203.jpg 768w, https:\/\/zszelena42.eu\/2021\/wp-content\/uploads\/2025\/12\/sv.Alzbeta4.jpg 862w\" sizes=\"(max-width: 654px) 100vw, 654px\" \/><\/figure>\n<\/figure>\n\n\n\n<figure class=\"wp-block-image size-large\"><img decoding=\"async\" width=\"1024\" height=\"576\" src=\"https:\/\/zszelena42.eu\/2021\/wp-content\/uploads\/2025\/12\/sv.Alzbeta1-2-1024x576.jpg\" alt=\"\" class=\"wp-image-42125\" srcset=\"https:\/\/zszelena42.eu\/2021\/wp-content\/uploads\/2025\/12\/sv.Alzbeta1-2-1024x576.jpg 1024w, https:\/\/zszelena42.eu\/2021\/wp-content\/uploads\/2025\/12\/sv.Alzbeta1-2-500x281.jpg 500w, https:\/\/zszelena42.eu\/2021\/wp-content\/uploads\/2025\/12\/sv.Alzbeta1-2-200x113.jpg 200w, https:\/\/zszelena42.eu\/2021\/wp-content\/uploads\/2025\/12\/sv.Alzbeta1-2-768x432.jpg 768w, https:\/\/zszelena42.eu\/2021\/wp-content\/uploads\/2025\/12\/sv.Alzbeta1-2-1536x864.jpg 1536w, https:\/\/zszelena42.eu\/2021\/wp-content\/uploads\/2025\/12\/sv.Alzbeta1-2-2048x1152.jpg 2048w\" sizes=\"(max-width: 1024px) 100vw, 1024px\" \/><\/figure>\n","protected":false},"excerpt":{"rendered":"<p>V&nbsp;p\u00e1tek 12. prosince jsme se s d\u011btmi vypravili na n\u00e1v\u0161t\u011bvu do Charitn\u00edho domu sv. Al\u017eb\u011bty na Zelen\u00e9 ulici. P\u0159iv\u00edtaly n\u00e1s mil\u00e9 babi\u010dky a p\u0159idal se i jeden d\u011bde\u010dek. D\u011bti si ve \u0161kole nacvi\u010dily mikul\u00e1\u0161sk\u00e9 a v\u00e1no\u010dn\u00ed p\u0159ekvapen\u00ed. P\u0159ednesly babi\u010dk\u00e1m a d\u011bde\u010dkovi n\u011bkolik b\u00e1sni\u010dek o Mikul\u00e1\u0161i a bl\u00ed\u017e\u00edc\u00edch se V\u00e1noc\u00edch \u2013 jednu z nich dokonce klienti&hellip;&nbsp;<a href=\"https:\/\/zszelena42.eu\/2021\/2025-2026\/charitni-dum-sv-alzbety-4-c\/\" rel=\"bookmark\">\u010c\u00edst d\u00e1le &raquo;<span class=\"screen-reader-text\">charitn\u00ed d\u016fm sv.al\u017eb\u011bty, 4.c<\/span><\/a><\/p>\n","protected":false},"author":69,"featured_media":42126,"comment_status":"closed","ping_status":"closed","sticky":false,"template":"","format":"standard","meta":{"neve_meta_sidebar":"","neve_meta_container":"","neve_meta_enable_content_width":"","neve_meta_content_width":0,"neve_meta_title_alignment":"","neve_meta_author_avatar":"","neve_post_elements_order":"","neve_meta_disable_header":"","neve_meta_disable_footer":"","neve_meta_disable_title":"","footnotes":""},"categories":[411,431],"tags":[],"class_list":["post-42120","post","type-post","status-publish","format-standard","has-post-thumbnail","hentry","category-2025-2026","category-4-c-25-26"],"_links":{"self":[{"href":"https:\/\/zszelena42.eu\/2021\/wp-json\/wp\/v2\/posts\/42120","targetHints":{"allow":["GET"]}}],"collection":[{"href":"https:\/\/zszelena42.eu\/2021\/wp-json\/wp\/v2\/posts"}],"about":[{"href":"https:\/\/zszelena42.eu\/2021\/wp-json\/wp\/v2\/types\/post"}],"author":[{"embeddable":true,"href":"https:\/\/zszelena42.eu\/2021\/wp-json\/wp\/v2\/users\/69"}],"replies":[{"embeddable":true,"href":"https:\/\/zszelena42.eu\/2021\/wp-json\/wp\/v2\/comments?post=42120"}],"version-history":[{"count":1,"href":"https:\/\/zszelena42.eu\/2021\/wp-json\/wp\/v2\/posts\/42120\/revisions"}],"predecessor-version":[{"id":42127,"href":"https:\/\/zszelena42.eu\/2021\/wp-json\/wp\/v2\/posts\/42120\/revisions\/42127"}],"wp:featuredmedia":[{"embeddable":true,"href":"https:\/\/zszelena42.eu\/2021\/wp-json\/wp\/v2\/media\/42126"}],"wp:attachment":[{"href":"https:\/\/zszelena42.eu\/2021\/wp-json\/wp\/v2\/media?parent=42120"}],"wp:term":[{"taxonomy":"category","embeddable":true,"href":"https:\/\/zszelena42.eu\/2021\/wp-json\/wp\/v2\/categories?post=42120"},{"taxonomy":"post_tag","embeddable":true,"href":"https:\/\/zszelena42.eu\/2021\/wp-json\/wp\/v2\/tags?post=42120"}],"curies":[{"name":"wp","href":"https:\/\/api.w.org\/{rel}","templated":true}]}}