{"id":41969,"date":"2025-12-09T20:08:09","date_gmt":"2025-12-09T19:08:09","guid":{"rendered":"https:\/\/zszelena42.eu\/2021\/?p=41969"},"modified":"2025-12-09T20:19:26","modified_gmt":"2025-12-09T19:19:26","slug":"darecky-pro-nemocnici","status":"publish","type":"post","link":"https:\/\/zszelena42.eu\/2021\/2025-2026\/darecky-pro-nemocnici\/","title":{"rendered":"d\u00e1re\u010dky pro nemocnici"},"content":{"rendered":"\n<p>Dnes n\u00e1s ve t\u0159\u00edd\u011b 4.C nav\u0161t\u00edvil kaplan z M\u011bstsk\u00e9 nemocnice. Pov\u00eddali jsme si s n\u00edm o tom, jak\u00e9 to je tr\u00e1vit V\u00e1noce v nemocnici a pro\u010d tam n\u011bkte\u0159\u00ed lid\u00e9 musej\u00ed z\u016fstat i b\u011bhem sv\u00e1tk\u016f. Uv\u011bdomili jsme si, \u017ee pro n\u011b mohou b\u00fdt V\u00e1noce osam\u011bl\u00e9 a n\u00e1ro\u010dn\u00e9.<\/p>\n\n\n\n<p>Abychom jim ud\u011blali alespo\u0148 malou radost, vyrobili jsme pro pacienty drobn\u00e9 v\u00e1no\u010dn\u00ed d\u00e1re\u010dky. Douf\u00e1me, \u017ee jim zp\u0159\u00edjemn\u00ed sv\u00e1te\u010dn\u00ed dny a vykouzl\u00ed \u00fasm\u011bv na tv\u00e1\u0159i.<\/p>\n\n\n\n<p>D\u011bkujeme panu kaplanovi za mil\u00e9 setk\u00e1n\u00ed a inspiraci k dobr\u00e9mu skutku!<\/p>\n\n\n\n<figure class=\"wp-block-image size-large\"><img fetchpriority=\"high\" decoding=\"async\" width=\"1024\" height=\"694\" src=\"https:\/\/zszelena42.eu\/2021\/wp-content\/uploads\/2025\/12\/darecky2-1024x694.jpg\" alt=\"\" class=\"wp-image-41970\" srcset=\"https:\/\/zszelena42.eu\/2021\/wp-content\/uploads\/2025\/12\/darecky2-1024x694.jpg 1024w, https:\/\/zszelena42.eu\/2021\/wp-content\/uploads\/2025\/12\/darecky2-500x339.jpg 500w, https:\/\/zszelena42.eu\/2021\/wp-content\/uploads\/2025\/12\/darecky2-200x136.jpg 200w, https:\/\/zszelena42.eu\/2021\/wp-content\/uploads\/2025\/12\/darecky2-768x521.jpg 768w, https:\/\/zszelena42.eu\/2021\/wp-content\/uploads\/2025\/12\/darecky2-1536x1042.jpg 1536w, https:\/\/zszelena42.eu\/2021\/wp-content\/uploads\/2025\/12\/darecky2.jpg 1578w\" sizes=\"(max-width: 1024px) 100vw, 1024px\" \/><\/figure>\n","protected":false},"excerpt":{"rendered":"<p>Dnes n\u00e1s ve t\u0159\u00edd\u011b 4.C nav\u0161t\u00edvil kaplan z M\u011bstsk\u00e9 nemocnice. Pov\u00eddali jsme si s n\u00edm o tom, jak\u00e9 to je tr\u00e1vit V\u00e1noce v nemocnici a pro\u010d tam n\u011bkte\u0159\u00ed lid\u00e9 musej\u00ed z\u016fstat i b\u011bhem sv\u00e1tk\u016f. Uv\u011bdomili jsme si, \u017ee pro n\u011b mohou b\u00fdt V\u00e1noce osam\u011bl\u00e9 a n\u00e1ro\u010dn\u00e9. Abychom jim ud\u011blali alespo\u0148 malou radost, vyrobili jsme pro&hellip;&nbsp;<a href=\"https:\/\/zszelena42.eu\/2021\/2025-2026\/darecky-pro-nemocnici\/\" rel=\"bookmark\">\u010c\u00edst d\u00e1le &raquo;<span class=\"screen-reader-text\">d\u00e1re\u010dky pro nemocnici<\/span><\/a><\/p>\n","protected":false},"author":69,"featured_media":41971,"comment_status":"closed","ping_status":"closed","sticky":false,"template":"","format":"standard","meta":{"neve_meta_sidebar":"","neve_meta_container":"","neve_meta_enable_content_width":"","neve_meta_content_width":0,"neve_meta_title_alignment":"","neve_meta_author_avatar":"","neve_post_elements_order":"","neve_meta_disable_header":"","neve_meta_disable_footer":"","neve_meta_disable_title":"","footnotes":""},"categories":[411,420,431],"tags":[],"class_list":["post-41969","post","type-post","status-publish","format-standard","has-post-thumbnail","hentry","category-2025-2026","category-4-a-25-26","category-4-c-25-26"],"_links":{"self":[{"href":"https:\/\/zszelena42.eu\/2021\/wp-json\/wp\/v2\/posts\/41969","targetHints":{"allow":["GET"]}}],"collection":[{"href":"https:\/\/zszelena42.eu\/2021\/wp-json\/wp\/v2\/posts"}],"about":[{"href":"https:\/\/zszelena42.eu\/2021\/wp-json\/wp\/v2\/types\/post"}],"author":[{"embeddable":true,"href":"https:\/\/zszelena42.eu\/2021\/wp-json\/wp\/v2\/users\/69"}],"replies":[{"embeddable":true,"href":"https:\/\/zszelena42.eu\/2021\/wp-json\/wp\/v2\/comments?post=41969"}],"version-history":[{"count":1,"href":"https:\/\/zszelena42.eu\/2021\/wp-json\/wp\/v2\/posts\/41969\/revisions"}],"predecessor-version":[{"id":41972,"href":"https:\/\/zszelena42.eu\/2021\/wp-json\/wp\/v2\/posts\/41969\/revisions\/41972"}],"wp:featuredmedia":[{"embeddable":true,"href":"https:\/\/zszelena42.eu\/2021\/wp-json\/wp\/v2\/media\/41971"}],"wp:attachment":[{"href":"https:\/\/zszelena42.eu\/2021\/wp-json\/wp\/v2\/media?parent=41969"}],"wp:term":[{"taxonomy":"category","embeddable":true,"href":"https:\/\/zszelena42.eu\/2021\/wp-json\/wp\/v2\/categories?post=41969"},{"taxonomy":"post_tag","embeddable":true,"href":"https:\/\/zszelena42.eu\/2021\/wp-json\/wp\/v2\/tags?post=41969"}],"curies":[{"name":"wp","href":"https:\/\/api.w.org\/{rel}","templated":true}]}}