{"id":41847,"date":"2025-12-04T09:43:50","date_gmt":"2025-12-04T08:43:50","guid":{"rendered":"https:\/\/zszelena42.eu\/2021\/?p=41847"},"modified":"2025-12-04T09:43:51","modified_gmt":"2025-12-04T08:43:51","slug":"zelena-pro-afriku","status":"publish","type":"post","link":"https:\/\/zszelena42.eu\/2021\/skolni-rok\/os-zelena\/zelena-pro-afriku\/","title":{"rendered":"Zelen\u00e1 pro afriku"},"content":{"rendered":"\n<p>V pr\u016fb\u011bhu leto\u0161n\u00edho \u0161koln\u00edho roku se v Ob\u010dansk\u00e9m sdru\u017een\u00ed Zelen\u00e1 zrodil n\u00e1pad, kter\u00fd by mohl rozt\u00e1t i led na rovn\u00edku. Jedna z na\u0161ich \u010dlenek p\u0159i\u0161la s my\u0161lenkou uspo\u0159\u00e1dat sb\u00edrku pro africk\u00e9 d\u011bti \u2013 a ne\u017e bys \u0159ekl \u201epono\u017eka\u201c, \u0161kola se prom\u011bnila v centrum textiln\u00ed solidarity. D\u011bti, rodi\u010de i u\u010ditel\u00e9 se pustili do sb\u00edr\u00e1n\u00ed pono\u017eek v\u0161ech barev a velikost\u00ed. Te\u010f u\u017e jsou nachystan\u00e9 vydat se na dlouhou cestu do Malawi, kde zah\u0159ej\u00ed nejen d\u011btsk\u00e9 no\u017eky, ale mo\u017en\u00e1 i srdce.<\/p>\n\n\n\n<figure class=\"wp-block-image size-large\"><img fetchpriority=\"high\" decoding=\"async\" width=\"1024\" height=\"768\" src=\"https:\/\/zszelena42.eu\/2021\/wp-content\/uploads\/2025\/12\/IMG_6927-1024x768.jpg\" alt=\"\" class=\"wp-image-41848\" srcset=\"https:\/\/zszelena42.eu\/2021\/wp-content\/uploads\/2025\/12\/IMG_6927-1024x768.jpg 1024w, https:\/\/zszelena42.eu\/2021\/wp-content\/uploads\/2025\/12\/IMG_6927-500x375.jpg 500w, https:\/\/zszelena42.eu\/2021\/wp-content\/uploads\/2025\/12\/IMG_6927-200x150.jpg 200w, https:\/\/zszelena42.eu\/2021\/wp-content\/uploads\/2025\/12\/IMG_6927-768x576.jpg 768w, https:\/\/zszelena42.eu\/2021\/wp-content\/uploads\/2025\/12\/IMG_6927-1536x1152.jpg 1536w, https:\/\/zszelena42.eu\/2021\/wp-content\/uploads\/2025\/12\/IMG_6927-2048x1536.jpg 2048w\" sizes=\"(max-width: 1024px) 100vw, 1024px\" \/><\/figure>\n","protected":false},"excerpt":{"rendered":"<p>V pr\u016fb\u011bhu leto\u0161n\u00edho \u0161koln\u00edho roku se v Ob\u010dansk\u00e9m sdru\u017een\u00ed Zelen\u00e1 zrodil n\u00e1pad, kter\u00fd by mohl rozt\u00e1t i led na rovn\u00edku. Jedna z na\u0161ich \u010dlenek p\u0159i\u0161la s my\u0161lenkou uspo\u0159\u00e1dat sb\u00edrku pro africk\u00e9 d\u011bti \u2013 a ne\u017e bys \u0159ekl \u201epono\u017eka\u201c, \u0161kola se prom\u011bnila v centrum textiln\u00ed solidarity. D\u011bti, rodi\u010de i u\u010ditel\u00e9 se pustili do sb\u00edr\u00e1n\u00ed pono\u017eek v\u0161ech&hellip;&nbsp;<a href=\"https:\/\/zszelena42.eu\/2021\/skolni-rok\/os-zelena\/zelena-pro-afriku\/\" rel=\"bookmark\">\u010c\u00edst d\u00e1le &raquo;<span class=\"screen-reader-text\">Zelen\u00e1 pro afriku<\/span><\/a><\/p>\n","protected":false},"author":33,"featured_media":41848,"comment_status":"closed","ping_status":"closed","sticky":false,"template":"","format":"standard","meta":{"neve_meta_sidebar":"","neve_meta_container":"","neve_meta_enable_content_width":"","neve_meta_content_width":0,"neve_meta_title_alignment":"","neve_meta_author_avatar":"","neve_post_elements_order":"","neve_meta_disable_header":"","neve_meta_disable_footer":"","neve_meta_disable_title":"","footnotes":""},"categories":[411,270],"tags":[],"class_list":["post-41847","post","type-post","status-publish","format-standard","has-post-thumbnail","hentry","category-2025-2026","category-os-zelena"],"_links":{"self":[{"href":"https:\/\/zszelena42.eu\/2021\/wp-json\/wp\/v2\/posts\/41847","targetHints":{"allow":["GET"]}}],"collection":[{"href":"https:\/\/zszelena42.eu\/2021\/wp-json\/wp\/v2\/posts"}],"about":[{"href":"https:\/\/zszelena42.eu\/2021\/wp-json\/wp\/v2\/types\/post"}],"author":[{"embeddable":true,"href":"https:\/\/zszelena42.eu\/2021\/wp-json\/wp\/v2\/users\/33"}],"replies":[{"embeddable":true,"href":"https:\/\/zszelena42.eu\/2021\/wp-json\/wp\/v2\/comments?post=41847"}],"version-history":[{"count":1,"href":"https:\/\/zszelena42.eu\/2021\/wp-json\/wp\/v2\/posts\/41847\/revisions"}],"predecessor-version":[{"id":41849,"href":"https:\/\/zszelena42.eu\/2021\/wp-json\/wp\/v2\/posts\/41847\/revisions\/41849"}],"wp:featuredmedia":[{"embeddable":true,"href":"https:\/\/zszelena42.eu\/2021\/wp-json\/wp\/v2\/media\/41848"}],"wp:attachment":[{"href":"https:\/\/zszelena42.eu\/2021\/wp-json\/wp\/v2\/media?parent=41847"}],"wp:term":[{"taxonomy":"category","embeddable":true,"href":"https:\/\/zszelena42.eu\/2021\/wp-json\/wp\/v2\/categories?post=41847"},{"taxonomy":"post_tag","embeddable":true,"href":"https:\/\/zszelena42.eu\/2021\/wp-json\/wp\/v2\/tags?post=41847"}],"curies":[{"name":"wp","href":"https:\/\/api.w.org\/{rel}","templated":true}]}}