{"id":41325,"date":"2025-11-01T19:16:27","date_gmt":"2025-11-01T18:16:27","guid":{"rendered":"https:\/\/zszelena42.eu\/2021\/?p=41325"},"modified":"2025-11-03T19:52:04","modified_gmt":"2025-11-03T18:52:04","slug":"dusickovy-den-ve-4-a","status":"publish","type":"post","link":"https:\/\/zszelena42.eu\/2021\/2025-2026\/dusickovy-den-ve-4-a\/","title":{"rendered":"Du\u0161i\u010dkov\u00fd den ve 4.A"},"content":{"rendered":"\n<p>V p\u00e1tek 31. \u0159\u00edjna se na\u0161e t\u0159\u00edda 4.A prom\u011bnila v m\u00edsto, kde by se ani nejodv\u00e1\u017en\u011bj\u0161\u00ed duch nec\u00edtil osam\u011ble. Slavili jsme <strong>Du\u0161i\u010dkov\u00fd den \u00e1 la Halloween<\/strong> \u2013 a \u017ee to byla j\u00edzda!<\/p>\n\n\n\n<p>U\u017e r\u00e1no se chodbami \u0161koly potulovali sm\u011brem k na\u0161\u00ed t\u0159\u00edd\u011b kostlivci, \u010darod\u011bjnice, duchov\u00e9, up\u00ed\u0159i i p\u00e1r zbloudil\u00fdch d\u00fdn\u00ed. B\u011bhem dne jsme si pov\u00eddali o tradici <strong>Pam\u00e1tky zesnul\u00fdch<\/strong>, p\u0159ipomn\u011bli si, pro\u010d si lid\u00e9 v \u010cesku zapaluj\u00ed sv\u00ed\u010dky na h\u0159bitovech, a z\u00e1rove\u0148 jsme zjistili, jak podobn\u00e9 i odli\u0161n\u00e9 jsou tyto zvyky od <strong>Halloweenu<\/strong>. Nechyb\u011bly ani z\u00e1bavn\u00e9 sout\u011b\u017ee, h\u00e1danky a <strong>tvo\u0159en\u00ed d\u00fd\u0148ov\u00fdch dekorac\u00ed<\/strong>, kter\u00e9 rozsv\u00edtily celou na\u0161i t\u0159\u00eddu.<\/p>\n\n\n\n<figure class=\"wp-block-gallery has-nested-images columns-default is-cropped wp-block-gallery-1 is-layout-flex wp-block-gallery-is-layout-flex\">\n<figure class=\"wp-block-image size-large\"><img fetchpriority=\"high\" decoding=\"async\" width=\"768\" height=\"1024\" data-id=\"41327\" src=\"https:\/\/zszelena42.eu\/2021\/wp-content\/uploads\/2025\/11\/IMG_20251031_094951.jpg\" alt=\"\" class=\"wp-image-41327\" srcset=\"https:\/\/zszelena42.eu\/2021\/wp-content\/uploads\/2025\/11\/IMG_20251031_094951.jpg 768w, https:\/\/zszelena42.eu\/2021\/wp-content\/uploads\/2025\/11\/IMG_20251031_094951-375x500.jpg 375w, https:\/\/zszelena42.eu\/2021\/wp-content\/uploads\/2025\/11\/IMG_20251031_094951-150x200.jpg 150w\" sizes=\"(max-width: 768px) 100vw, 768px\" \/><\/figure>\n\n\n\n<figure class=\"wp-block-image size-large\"><img decoding=\"async\" width=\"768\" height=\"1024\" data-id=\"41326\" src=\"https:\/\/zszelena42.eu\/2021\/wp-content\/uploads\/2025\/11\/IMG_20251031_095307.jpg\" alt=\"\" class=\"wp-image-41326\" srcset=\"https:\/\/zszelena42.eu\/2021\/wp-content\/uploads\/2025\/11\/IMG_20251031_095307.jpg 768w, https:\/\/zszelena42.eu\/2021\/wp-content\/uploads\/2025\/11\/IMG_20251031_095307-375x500.jpg 375w, https:\/\/zszelena42.eu\/2021\/wp-content\/uploads\/2025\/11\/IMG_20251031_095307-150x200.jpg 150w\" sizes=\"(max-width: 768px) 100vw, 768px\" \/><\/figure>\n<\/figure>\n\n\n\n<p>Na z\u00e1v\u011br jsme se odm\u011bnili malou ochutn\u00e1vkou stra\u0161ideln\u00fdch dobrot, kter\u00e9 si d\u011bti samy p\u0159inesly \u2013 a\u0165 u\u017e to byly \u201epavou\u010d\u00ed muffiny\u201c, \u201ekrvav\u00e9 prsty\u201c z p\u00e1rk\u016f nebo su\u0161enky ve tvaru netop\u00fdr\u016f.<\/p>\n\n\n\n<figure class=\"wp-block-gallery has-nested-images columns-default is-cropped wp-block-gallery-2 is-layout-flex wp-block-gallery-is-layout-flex\">\n<figure class=\"wp-block-image size-large\"><img decoding=\"async\" width=\"1024\" height=\"768\" data-id=\"41331\" src=\"https:\/\/zszelena42.eu\/2021\/wp-content\/uploads\/2025\/11\/IMG_20251031_095203691_HDR_AE-1024x768.jpg\" alt=\"\" class=\"wp-image-41331\" srcset=\"https:\/\/zszelena42.eu\/2021\/wp-content\/uploads\/2025\/11\/IMG_20251031_095203691_HDR_AE-1024x768.jpg 1024w, https:\/\/zszelena42.eu\/2021\/wp-content\/uploads\/2025\/11\/IMG_20251031_095203691_HDR_AE-500x375.jpg 500w, https:\/\/zszelena42.eu\/2021\/wp-content\/uploads\/2025\/11\/IMG_20251031_095203691_HDR_AE-200x150.jpg 200w, https:\/\/zszelena42.eu\/2021\/wp-content\/uploads\/2025\/11\/IMG_20251031_095203691_HDR_AE-768x576.jpg 768w, https:\/\/zszelena42.eu\/2021\/wp-content\/uploads\/2025\/11\/IMG_20251031_095203691_HDR_AE-1536x1152.jpg 1536w, https:\/\/zszelena42.eu\/2021\/wp-content\/uploads\/2025\/11\/IMG_20251031_095203691_HDR_AE-2048x1536.jpg 2048w\" sizes=\"(max-width: 1024px) 100vw, 1024px\" \/><\/figure>\n\n\n\n<figure class=\"wp-block-image size-large\"><img loading=\"lazy\" decoding=\"async\" width=\"1024\" height=\"768\" data-id=\"41330\" src=\"https:\/\/zszelena42.eu\/2021\/wp-content\/uploads\/2025\/11\/IMG_20251031_095609314_HDR_AE-1024x768.jpg\" alt=\"\" class=\"wp-image-41330\" srcset=\"https:\/\/zszelena42.eu\/2021\/wp-content\/uploads\/2025\/11\/IMG_20251031_095609314_HDR_AE-1024x768.jpg 1024w, https:\/\/zszelena42.eu\/2021\/wp-content\/uploads\/2025\/11\/IMG_20251031_095609314_HDR_AE-500x375.jpg 500w, https:\/\/zszelena42.eu\/2021\/wp-content\/uploads\/2025\/11\/IMG_20251031_095609314_HDR_AE-200x150.jpg 200w, https:\/\/zszelena42.eu\/2021\/wp-content\/uploads\/2025\/11\/IMG_20251031_095609314_HDR_AE-768x576.jpg 768w, https:\/\/zszelena42.eu\/2021\/wp-content\/uploads\/2025\/11\/IMG_20251031_095609314_HDR_AE-1536x1152.jpg 1536w, https:\/\/zszelena42.eu\/2021\/wp-content\/uploads\/2025\/11\/IMG_20251031_095609314_HDR_AE-2048x1536.jpg 2048w\" sizes=\"(max-width: 1024px) 100vw, 1024px\" \/><\/figure>\n<\/figure>\n\n\n\n<p>Den se n\u00e1m n\u00e1ramn\u011b vyda\u0159il a p\u0159inesl nejen sm\u00edch, ale i trochu pou\u010den\u00ed. Zjistili jsme, \u017ee a\u0165 u\u017e slav\u00edme <strong>Du\u0161i\u010dky nebo Halloween<\/strong>, jde hlavn\u011b o <strong>vzpom\u00ednku a spole\u010dn\u00e9 chv\u00edle<\/strong>.<\/p>\n\n\n\n<figure class=\"wp-block-image size-full\"><img loading=\"lazy\" decoding=\"async\" width=\"1024\" height=\"768\" src=\"https:\/\/zszelena42.eu\/2021\/wp-content\/uploads\/2025\/11\/IMG_20251031_080907261_HDR_PORTRAIT.jpg\" alt=\"\" class=\"wp-image-41340\" srcset=\"https:\/\/zszelena42.eu\/2021\/wp-content\/uploads\/2025\/11\/IMG_20251031_080907261_HDR_PORTRAIT.jpg 1024w, https:\/\/zszelena42.eu\/2021\/wp-content\/uploads\/2025\/11\/IMG_20251031_080907261_HDR_PORTRAIT-500x375.jpg 500w, https:\/\/zszelena42.eu\/2021\/wp-content\/uploads\/2025\/11\/IMG_20251031_080907261_HDR_PORTRAIT-200x150.jpg 200w, https:\/\/zszelena42.eu\/2021\/wp-content\/uploads\/2025\/11\/IMG_20251031_080907261_HDR_PORTRAIT-768x576.jpg 768w\" sizes=\"(max-width: 1024px) 100vw, 1024px\" \/><\/figure>\n","protected":false},"excerpt":{"rendered":"<p>V p\u00e1tek 31. \u0159\u00edjna se na\u0161e t\u0159\u00edda 4.A prom\u011bnila v m\u00edsto, kde by se ani nejodv\u00e1\u017en\u011bj\u0161\u00ed duch nec\u00edtil osam\u011ble. Slavili jsme Du\u0161i\u010dkov\u00fd den \u00e1 la Halloween \u2013 a \u017ee to byla j\u00edzda! U\u017e r\u00e1no se chodbami \u0161koly potulovali sm\u011brem k na\u0161\u00ed t\u0159\u00edd\u011b kostlivci, \u010darod\u011bjnice, duchov\u00e9, up\u00ed\u0159i i p\u00e1r zbloudil\u00fdch d\u00fdn\u00ed. B\u011bhem dne jsme si pov\u00eddali&hellip;&nbsp;<a href=\"https:\/\/zszelena42.eu\/2021\/2025-2026\/dusickovy-den-ve-4-a\/\" rel=\"bookmark\">\u010c\u00edst d\u00e1le &raquo;<span class=\"screen-reader-text\">Du\u0161i\u010dkov\u00fd den ve 4.A<\/span><\/a><\/p>\n","protected":false},"author":40,"featured_media":41330,"comment_status":"closed","ping_status":"closed","sticky":false,"template":"","format":"standard","meta":{"neve_meta_sidebar":"","neve_meta_container":"","neve_meta_enable_content_width":"","neve_meta_content_width":0,"neve_meta_title_alignment":"","neve_meta_author_avatar":"","neve_post_elements_order":"","neve_meta_disable_header":"","neve_meta_disable_footer":"","neve_meta_disable_title":"","footnotes":""},"categories":[411,420],"tags":[246],"class_list":["post-41325","post","type-post","status-publish","format-standard","has-post-thumbnail","hentry","category-2025-2026","category-4-a-25-26","tag-halloween"],"_links":{"self":[{"href":"https:\/\/zszelena42.eu\/2021\/wp-json\/wp\/v2\/posts\/41325","targetHints":{"allow":["GET"]}}],"collection":[{"href":"https:\/\/zszelena42.eu\/2021\/wp-json\/wp\/v2\/posts"}],"about":[{"href":"https:\/\/zszelena42.eu\/2021\/wp-json\/wp\/v2\/types\/post"}],"author":[{"embeddable":true,"href":"https:\/\/zszelena42.eu\/2021\/wp-json\/wp\/v2\/users\/40"}],"replies":[{"embeddable":true,"href":"https:\/\/zszelena42.eu\/2021\/wp-json\/wp\/v2\/comments?post=41325"}],"version-history":[{"count":4,"href":"https:\/\/zszelena42.eu\/2021\/wp-json\/wp\/v2\/posts\/41325\/revisions"}],"predecessor-version":[{"id":41341,"href":"https:\/\/zszelena42.eu\/2021\/wp-json\/wp\/v2\/posts\/41325\/revisions\/41341"}],"wp:featuredmedia":[{"embeddable":true,"href":"https:\/\/zszelena42.eu\/2021\/wp-json\/wp\/v2\/media\/41330"}],"wp:attachment":[{"href":"https:\/\/zszelena42.eu\/2021\/wp-json\/wp\/v2\/media?parent=41325"}],"wp:term":[{"taxonomy":"category","embeddable":true,"href":"https:\/\/zszelena42.eu\/2021\/wp-json\/wp\/v2\/categories?post=41325"},{"taxonomy":"post_tag","embeddable":true,"href":"https:\/\/zszelena42.eu\/2021\/wp-json\/wp\/v2\/tags?post=41325"}],"curies":[{"name":"wp","href":"https:\/\/api.w.org\/{rel}","templated":true}]}}