{"id":41293,"date":"2025-11-03T18:41:35","date_gmt":"2025-11-03T17:41:35","guid":{"rendered":"https:\/\/zszelena42.eu\/2021\/?p=41293"},"modified":"2025-11-03T19:50:52","modified_gmt":"2025-11-03T18:50:52","slug":"neoliticka-vesnice-projektova-vyuka-dejepisu","status":"publish","type":"post","link":"https:\/\/zszelena42.eu\/2021\/2025-2026\/neoliticka-vesnice-projektova-vyuka-dejepisu\/","title":{"rendered":"Neolitick\u00e1 vesnice \u2013 projektov\u00e1 v\u00fduka d\u011bjepisu"},"content":{"rendered":"\n<p>\u017d\u00e1ci \u0161est\u00fdch t\u0159\u00edd se v hodin\u00e1ch d\u011bjepisu vr\u00e1tili o n\u011bkolik tis\u00edc let zp\u011bt \u2013 do doby, kdy se lovci a sb\u011bra\u010di za\u010dali m\u011bnit v prvn\u00ed zem\u011bd\u011blce a vznikaly prvn\u00ed osady. V r\u00e1mci <strong>projektov\u00e9 v\u00fduky<\/strong> se tak t\u0159\u00edda prom\u011bnila v mal\u00e9 archeologick\u00e9 nalezi\u0161t\u011b i stavebn\u00ed d\u00edlnu z\u00e1rove\u0148.<\/p>\n\n\n\n<p>\u00dakolem \u017e\u00e1k\u016f bylo vytvo\u0159it <strong>model neolitick\u00e9 vesnice<\/strong> \u2013 m\u00edsto, kde by mohli \u017e\u00edt prvn\u00ed roln\u00edci, pastevci a \u0159emesln\u00edci. Ka\u017ed\u00e1 skupina m\u011bla za \u00fakol promyslet rozm\u00edst\u011bn\u00ed dom\u016f, pol\u00ed\u010dek, ohni\u0161\u0165 i studn\u00ed. Pou\u017e\u00edvali jsme rozmanit\u00e9 materi\u00e1ly \u2013 <strong>hl\u00ednu, v\u011btvi\u010dky, kam\u00ednky, prov\u00e1zky, mechy i kousky d\u0159eva<\/strong>, aby byl v\u00fdsledek co nejv\u011brn\u011bj\u0161\u00ed \u017eivotu prav\u011bk\u00fdch lid\u00ed.<\/p>\n\n\n\n<p>Sou\u010d\u00e1st\u00ed projektu je tak\u00e9 <strong>tvorba vlastn\u00edho p\u0159\u00edb\u011bhu<\/strong>, kter\u00fd se bude odehr\u00e1vat pr\u00e1v\u011b v t\u00e9to vesnici. Postavami p\u0159\u00edb\u011bhu budou samotn\u00ed \u017e\u00e1ci, kte\u0159\u00ed se na chv\u00edli prom\u011bn\u00ed v obyvatele \u010desk\u00fdch zem\u00ed v dob\u011b <strong>neolitick\u00e9 revoluce<\/strong> \u2013 budou ps\u00e1t o sv\u00fdch \u017eivotech, pr\u00e1ci na poli, stavb\u011b dom\u016f i o v\u00fdm\u011bn\u011b s okoln\u00edmi kmeny.<\/p>\n\n\n\n<p>P\u0159i pr\u00e1ci se d\u011bti u\u010d\u00ed nejen o zp\u016fsobu \u017eivota v neolitu, ale tak\u00e9 o <strong>t\u00fdmov\u00e9 spolupr\u00e1ci, rozd\u011blen\u00ed rol\u00ed a pl\u00e1nov\u00e1n\u00ed<\/strong>. Diskutuj\u00ed o tom, pro\u010d lid\u00e9 za\u010dali stav\u011bt trval\u00e1 obydl\u00ed, jak vyu\u017e\u00edvali p\u0159\u00edrodu a jak se m\u011bnil jejich ka\u017edodenn\u00ed \u017eivot.<\/p>\n\n\n\n<p>Hotov\u00e9 modely i p\u0159\u00edb\u011bhy budou k vid\u011bn\u00ed na <strong>v\u00fdstavce ve vestibulu \u0161koly<\/strong>.<\/p>\n\n\n\n<p><strong><mark style=\"background-color:rgba(0, 0, 0, 0)\" class=\"has-inline-color has-neve-link-color-color\">Projekt ukazuje, \u017ee d\u011bjepis nemus\u00ed b\u00fdt jen o letopo\u010dtech, ale tak\u00e9 o tvo\u0159ivosti, fantazii a z\u00e1\u017eitc\u00edch, kter\u00e9 si \u017e\u00e1ci odn\u00e1\u0161ej\u00ed s \u00fasm\u011bvem.<\/mark><\/strong><\/p>\n\n\n\n<div class=\"wp-block-buttons alignwide is-content-justification-center is-layout-flex wp-container-core-buttons-is-layout-16018d1d wp-block-buttons-is-layout-flex\">\n<div class=\"wp-block-button is-style-secondary\"><a class=\"wp-block-button__link has-nv-site-bg-color has-text-color has-link-color has-text-align-center wp-element-button\" href=\"https:\/\/www.virtualniarcheologie.cz\/jak-se-zilo-prvnim-zemedelcum\/\">Jak se \u017eilo prvn\u00edm zem\u011bd\u011blc\u016fm<\/a><\/div>\n<\/div>\n\n\n\n<p><\/p>\n\n\n\n<figure class=\"wp-block-gallery has-nested-images columns-default is-cropped wp-block-gallery-1 is-layout-flex wp-block-gallery-is-layout-flex\">\n<figure class=\"wp-block-image size-large\"><img fetchpriority=\"high\" decoding=\"async\" width=\"1024\" height=\"768\" data-id=\"41334\" src=\"https:\/\/zszelena42.eu\/2021\/wp-content\/uploads\/2025\/11\/IMG_20251031_080936564_HDR_PORTRAIT.jpg\" alt=\"\" class=\"wp-image-41334\" srcset=\"https:\/\/zszelena42.eu\/2021\/wp-content\/uploads\/2025\/11\/IMG_20251031_080936564_HDR_PORTRAIT.jpg 1024w, https:\/\/zszelena42.eu\/2021\/wp-content\/uploads\/2025\/11\/IMG_20251031_080936564_HDR_PORTRAIT-500x375.jpg 500w, https:\/\/zszelena42.eu\/2021\/wp-content\/uploads\/2025\/11\/IMG_20251031_080936564_HDR_PORTRAIT-200x150.jpg 200w, https:\/\/zszelena42.eu\/2021\/wp-content\/uploads\/2025\/11\/IMG_20251031_080936564_HDR_PORTRAIT-768x576.jpg 768w\" sizes=\"(max-width: 1024px) 100vw, 1024px\" \/><\/figure>\n\n\n\n<figure class=\"wp-block-image size-large\"><img decoding=\"async\" width=\"1024\" height=\"768\" data-id=\"41337\" src=\"https:\/\/zszelena42.eu\/2021\/wp-content\/uploads\/2025\/11\/IMG_20251031_080946642_HDR_PORTRAIT.jpg\" alt=\"\" class=\"wp-image-41337\" srcset=\"https:\/\/zszelena42.eu\/2021\/wp-content\/uploads\/2025\/11\/IMG_20251031_080946642_HDR_PORTRAIT.jpg 1024w, https:\/\/zszelena42.eu\/2021\/wp-content\/uploads\/2025\/11\/IMG_20251031_080946642_HDR_PORTRAIT-500x375.jpg 500w, https:\/\/zszelena42.eu\/2021\/wp-content\/uploads\/2025\/11\/IMG_20251031_080946642_HDR_PORTRAIT-200x150.jpg 200w, https:\/\/zszelena42.eu\/2021\/wp-content\/uploads\/2025\/11\/IMG_20251031_080946642_HDR_PORTRAIT-768x576.jpg 768w\" sizes=\"(max-width: 1024px) 100vw, 1024px\" \/><\/figure>\n\n\n\n<figure class=\"wp-block-image size-large\"><img decoding=\"async\" width=\"1024\" height=\"768\" data-id=\"41336\" src=\"https:\/\/zszelena42.eu\/2021\/wp-content\/uploads\/2025\/11\/IMG_20251031_080954122_HDR_PORTRAIT.jpg\" alt=\"\" class=\"wp-image-41336\" srcset=\"https:\/\/zszelena42.eu\/2021\/wp-content\/uploads\/2025\/11\/IMG_20251031_080954122_HDR_PORTRAIT.jpg 1024w, https:\/\/zszelena42.eu\/2021\/wp-content\/uploads\/2025\/11\/IMG_20251031_080954122_HDR_PORTRAIT-500x375.jpg 500w, https:\/\/zszelena42.eu\/2021\/wp-content\/uploads\/2025\/11\/IMG_20251031_080954122_HDR_PORTRAIT-200x150.jpg 200w, https:\/\/zszelena42.eu\/2021\/wp-content\/uploads\/2025\/11\/IMG_20251031_080954122_HDR_PORTRAIT-768x576.jpg 768w\" sizes=\"(max-width: 1024px) 100vw, 1024px\" \/><\/figure>\n\n\n\n<figure class=\"wp-block-image size-large\"><img loading=\"lazy\" decoding=\"async\" width=\"1024\" height=\"768\" data-id=\"41335\" src=\"https:\/\/zszelena42.eu\/2021\/wp-content\/uploads\/2025\/11\/IMG_20251031_081002526_HDR_PORTRAIT.jpg\" alt=\"\" class=\"wp-image-41335\" srcset=\"https:\/\/zszelena42.eu\/2021\/wp-content\/uploads\/2025\/11\/IMG_20251031_081002526_HDR_PORTRAIT.jpg 1024w, https:\/\/zszelena42.eu\/2021\/wp-content\/uploads\/2025\/11\/IMG_20251031_081002526_HDR_PORTRAIT-500x375.jpg 500w, https:\/\/zszelena42.eu\/2021\/wp-content\/uploads\/2025\/11\/IMG_20251031_081002526_HDR_PORTRAIT-200x150.jpg 200w, https:\/\/zszelena42.eu\/2021\/wp-content\/uploads\/2025\/11\/IMG_20251031_081002526_HDR_PORTRAIT-768x576.jpg 768w\" sizes=\"(max-width: 1024px) 100vw, 1024px\" \/><\/figure>\n<\/figure>\n\n\n\n<p><\/p>\n\n\n\n<figure class=\"wp-block-gallery has-nested-images columns-default is-cropped wp-block-gallery-2 is-layout-flex wp-block-gallery-is-layout-flex\">\n<figure class=\"wp-block-image size-large\"><img loading=\"lazy\" decoding=\"async\" width=\"1024\" height=\"768\" data-id=\"41299\" src=\"https:\/\/zszelena42.eu\/2021\/wp-content\/uploads\/2025\/11\/IMG_20251103_111916913_HDR_AE-1024x768.jpg\" alt=\"\" class=\"wp-image-41299\" srcset=\"https:\/\/zszelena42.eu\/2021\/wp-content\/uploads\/2025\/11\/IMG_20251103_111916913_HDR_AE-1024x768.jpg 1024w, https:\/\/zszelena42.eu\/2021\/wp-content\/uploads\/2025\/11\/IMG_20251103_111916913_HDR_AE-500x375.jpg 500w, https:\/\/zszelena42.eu\/2021\/wp-content\/uploads\/2025\/11\/IMG_20251103_111916913_HDR_AE-200x150.jpg 200w, https:\/\/zszelena42.eu\/2021\/wp-content\/uploads\/2025\/11\/IMG_20251103_111916913_HDR_AE-768x576.jpg 768w, https:\/\/zszelena42.eu\/2021\/wp-content\/uploads\/2025\/11\/IMG_20251103_111916913_HDR_AE-1536x1152.jpg 1536w, https:\/\/zszelena42.eu\/2021\/wp-content\/uploads\/2025\/11\/IMG_20251103_111916913_HDR_AE-2048x1536.jpg 2048w\" sizes=\"(max-width: 1024px) 100vw, 1024px\" \/><\/figure>\n\n\n\n<figure class=\"wp-block-image size-large\"><img loading=\"lazy\" decoding=\"async\" width=\"1024\" height=\"768\" data-id=\"41295\" src=\"https:\/\/zszelena42.eu\/2021\/wp-content\/uploads\/2025\/11\/IMG_20251103_111931977_HDR_PORTRAIT.jpg\" alt=\"\" class=\"wp-image-41295\" srcset=\"https:\/\/zszelena42.eu\/2021\/wp-content\/uploads\/2025\/11\/IMG_20251103_111931977_HDR_PORTRAIT.jpg 1024w, https:\/\/zszelena42.eu\/2021\/wp-content\/uploads\/2025\/11\/IMG_20251103_111931977_HDR_PORTRAIT-500x375.jpg 500w, https:\/\/zszelena42.eu\/2021\/wp-content\/uploads\/2025\/11\/IMG_20251103_111931977_HDR_PORTRAIT-200x150.jpg 200w, https:\/\/zszelena42.eu\/2021\/wp-content\/uploads\/2025\/11\/IMG_20251103_111931977_HDR_PORTRAIT-768x576.jpg 768w\" sizes=\"(max-width: 1024px) 100vw, 1024px\" \/><\/figure>\n\n\n\n<figure class=\"wp-block-image size-large\"><img loading=\"lazy\" decoding=\"async\" width=\"1024\" height=\"768\" data-id=\"41297\" src=\"https:\/\/zszelena42.eu\/2021\/wp-content\/uploads\/2025\/11\/IMG_20251103_111941066_HDR_PORTRAIT.jpg\" alt=\"\" class=\"wp-image-41297\" srcset=\"https:\/\/zszelena42.eu\/2021\/wp-content\/uploads\/2025\/11\/IMG_20251103_111941066_HDR_PORTRAIT.jpg 1024w, https:\/\/zszelena42.eu\/2021\/wp-content\/uploads\/2025\/11\/IMG_20251103_111941066_HDR_PORTRAIT-500x375.jpg 500w, https:\/\/zszelena42.eu\/2021\/wp-content\/uploads\/2025\/11\/IMG_20251103_111941066_HDR_PORTRAIT-200x150.jpg 200w, https:\/\/zszelena42.eu\/2021\/wp-content\/uploads\/2025\/11\/IMG_20251103_111941066_HDR_PORTRAIT-768x576.jpg 768w\" sizes=\"(max-width: 1024px) 100vw, 1024px\" \/><\/figure>\n\n\n\n<figure class=\"wp-block-image size-large\"><img loading=\"lazy\" decoding=\"async\" width=\"1024\" height=\"768\" data-id=\"41298\" src=\"https:\/\/zszelena42.eu\/2021\/wp-content\/uploads\/2025\/11\/IMG_20251103_112022613_HDR_PORTRAIT.jpg\" alt=\"\" class=\"wp-image-41298\" srcset=\"https:\/\/zszelena42.eu\/2021\/wp-content\/uploads\/2025\/11\/IMG_20251103_112022613_HDR_PORTRAIT.jpg 1024w, https:\/\/zszelena42.eu\/2021\/wp-content\/uploads\/2025\/11\/IMG_20251103_112022613_HDR_PORTRAIT-500x375.jpg 500w, https:\/\/zszelena42.eu\/2021\/wp-content\/uploads\/2025\/11\/IMG_20251103_112022613_HDR_PORTRAIT-200x150.jpg 200w, https:\/\/zszelena42.eu\/2021\/wp-content\/uploads\/2025\/11\/IMG_20251103_112022613_HDR_PORTRAIT-768x576.jpg 768w\" sizes=\"(max-width: 1024px) 100vw, 1024px\" \/><\/figure>\n\n\n\n<figure class=\"wp-block-image size-large\"><img loading=\"lazy\" decoding=\"async\" width=\"1024\" height=\"768\" data-id=\"41296\" src=\"https:\/\/zszelena42.eu\/2021\/wp-content\/uploads\/2025\/11\/IMG_20251103_112030836_HDR_PORTRAIT.jpg\" alt=\"\" class=\"wp-image-41296\" srcset=\"https:\/\/zszelena42.eu\/2021\/wp-content\/uploads\/2025\/11\/IMG_20251103_112030836_HDR_PORTRAIT.jpg 1024w, https:\/\/zszelena42.eu\/2021\/wp-content\/uploads\/2025\/11\/IMG_20251103_112030836_HDR_PORTRAIT-500x375.jpg 500w, https:\/\/zszelena42.eu\/2021\/wp-content\/uploads\/2025\/11\/IMG_20251103_112030836_HDR_PORTRAIT-200x150.jpg 200w, https:\/\/zszelena42.eu\/2021\/wp-content\/uploads\/2025\/11\/IMG_20251103_112030836_HDR_PORTRAIT-768x576.jpg 768w\" sizes=\"(max-width: 1024px) 100vw, 1024px\" \/><\/figure>\n<\/figure>\n\n\n\n<p><\/p>\n\n\n\n<figure class=\"wp-block-embed is-type-video is-provider-youtube wp-block-embed-youtube wp-embed-aspect-16-9 wp-has-aspect-ratio\"><div class=\"wp-block-embed__wrapper\">\n<div class=\"nv-iframe-embed\"><iframe title=\"Vesni\u010dka prvn\u00edch zem\u011bd\u011blc\u016f\" width=\"1200\" height=\"675\" src=\"https:\/\/www.youtube.com\/embed\/rFJltnjOLnE?feature=oembed\" frameborder=\"0\" allow=\"accelerometer; autoplay; clipboard-write; encrypted-media; gyroscope; picture-in-picture; web-share\" referrerpolicy=\"strict-origin-when-cross-origin\" allowfullscreen><\/iframe><\/div>\n<\/div><\/figure>\n\n\n\n<p><\/p>\n\n\n\n<p><\/p>\n\n\n\n<hr class=\"wp-block-separator has-alpha-channel-opacity\"\/>\n\n\n\n<p><\/p>\n\n\n\n<p><strong>Modelov\u00fd p\u0159\u00edb\u011bh z doby neolitick\u00e9 revoluce: T\u0159i mu\u017ei a nov\u00e1 zem\u011b<\/strong><\/p>\n\n\n\n<blockquote class=\"wp-block-quote is-layout-flow wp-block-quote-is-layout-flow\">\n<p>Bylo to v dob\u011b, kdy se lesy \u010desk\u00fdch zem\u00ed probouzely do jara a \u0159eky nesly na sv\u00fdch vln\u00e1ch prvn\u00ed odraz slunce po dlouh\u00e9 zim\u011b. Lid\u00e9 u\u017e d\u00e1vno p\u0159estali bloudit za st\u00e1dy divok\u00fdch zv\u00ed\u0159at \u2013 te\u010f si sami vyp\u011bstovali to, co pot\u0159ebovali k \u017eivotu. V jednom z \u00fadol\u00ed nedaleko \u0159eky Moravy st\u00e1la nov\u00e1 osada, kterou jej\u00ed obyvatel\u00e9 naz\u00fdvali Hlinit\u00e1 Lhota.<\/p>\n\n\n\n<p>T\u0159i mu\u017ei st\u00e1li uprost\u0159ed vesnice a d\u00edvali se na pole, kter\u00e1 se teprve za\u010d\u00ednala zelenat.<\/p>\n\n\n\n<p>Ivo Hl\u00edna \u2013 zku\u0161en\u00fd stavitel a nejstar\u0161\u00ed z trojice \u2013 pr\u00e1v\u011b dokon\u010dil st\u0159echu nov\u00e9 ch\u00fd\u0161e. Um\u011bl ze d\u0159eva a hl\u00edny vytvo\u0159it p\u0159\u00edst\u0159e\u0161\u00ed tak pevn\u00e9, \u017ee vydr\u017eelo i letn\u00ed bou\u0159e. Jeho ruce byly drsn\u00e9 jako k\u016fra dubu, ale srdce m\u011bl m\u011bkk\u00e9, v\u017edy myslel na ostatn\u00ed.<\/p>\n\n\n\n<p>Vedle n\u011bj st\u00e1l Pavel Obiln\u00fd, mlad\u00fd roln\u00edk, kter\u00fd m\u011bl zvl\u00e1\u0161tn\u00ed dar rozum\u011bt p\u016fd\u011b. Kdy\u017e se j\u00ed dotkl, v\u011bd\u011bl, kde poroste proso nejl\u00e9pe a kam zasadit len. Ka\u017ed\u00e9 r\u00e1no, ne\u017e vy\u0161lo slunce, klekl na zem a pod\u011bkoval boh\u016fm plodnosti za to, \u017ee p\u016fda st\u00e1le d\u00e1v\u00e1.<\/p>\n\n\n\n<p>T\u0159et\u00edm byl Jan z Kamene, tich\u00fd, ale ne\u00fanavn\u00fd mu\u017e, kter\u00fd vyr\u00e1b\u011bl n\u00e1stroje. Z kamene dok\u00e1zal vytesat sekery a srpy, kter\u00e9 vydr\u017eely cel\u00e9 roky. Jeho d\u00edlna st\u00e1la na okraji vesnice \u2013 mezi lesem a \u0159ekou \u2013 a zdaleka bylo sly\u0161et pravideln\u00e9 klep\u00e1n\u00ed kamen\u016f o sebe.<\/p>\n\n\n\n<p>Jednoho dne, kdy\u017e se chystali spole\u010dn\u011b roz\u0161\u00ed\u0159it pole za vesnic\u00ed, dorazil k nim cizinec. M\u011bl tmav\u00e9 vlasy, na z\u00e1dech ko\u017ee\u0161inu a v rukou n\u016f\u017e z leskl\u00e9ho kamene, jak\u00fd je\u0161t\u011b nikdo z nich nevid\u011bl. P\u0159inesl zpr\u00e1vy o jin\u00fdch osad\u00e1ch \u2013 daleko na jihu pr\u00fd lid\u00e9 stav\u00ed domy z kamene a chovaj\u00ed st\u00e1da koz.<\/p>\n\n\n\n<p>\u201eSv\u011bt se m\u011bn\u00ed,\u201c \u0159ekl Ivo Hl\u00edna. \u201eU\u017e d\u00e1vno nejsme lovci. P\u0159i\u0161el \u010das, abychom si postavili vlastn\u00ed sv\u011bt \u2013 tady.\u201c<\/p>\n\n\n\n<p>A tak t\u00e9ho\u017e dne mu\u017ei rozhodli, \u017ee postav\u00ed velkou spole\u010dnou s\u00fdpku, aby uchovali obil\u00ed pro v\u0161echny. Pracovali cel\u00e9 dny \u2013 Ivo navrhoval, Pavel p\u0159in\u00e1\u0161el svazky lnu a Jan opracov\u00e1val kamenn\u00e9 kl\u00edny. Kdy\u017e stavbu dokon\u010dili, st\u00e1la pevn\u00e1, vo\u0148av\u00e1 hl\u00ednou a nov\u00fdm za\u010d\u00e1tkem.<\/p>\n\n\n\n<p>Ve\u010der usedli kolem ohn\u011b. D\u011bti se sm\u00e1ly, psi \u0161t\u011bkali, a nad vesnic\u00ed se zvedal kou\u0159 z prvn\u00edch ohni\u0161\u0165. Z daleka se oz\u00fdvalo bu\u010den\u00ed krav a tich\u00e9 \u0161um\u011bn\u00ed lesa.<\/p>\n\n\n\n<p>\u201eA\u017e jednou n\u011bkdo najde na\u0161e stopy,\u201c \u0159ekl Jan z Kamene, \u201emo\u017en\u00e1 pozn\u00e1, \u017ee jsme tu \u017eili s rozumem i srdcem.\u201c<\/p>\n\n\n\n<p>Pavel se usm\u00e1l a p\u0159ihodil do ohn\u011b p\u00e1r klas\u016f. \u201eA mo\u017en\u00e1 si vzpomene, \u017ee v\u0161echno za\u010dalo pr\u00e1v\u011b tady \u2013 kdy\u017e jsme se rozhodli z\u016fstat.\u201c<\/p>\n\n\n\n<p>A ohe\u0148 praskal, sv\u011bt se m\u011bnil, a nov\u00e1 doba se rodila mezi rukama lid\u00ed, kte\u0159\u00ed poprv\u00e9 zkrotili zemi.<\/p>\n<\/blockquote>\n","protected":false},"excerpt":{"rendered":"<p>\u017d\u00e1ci \u0161est\u00fdch t\u0159\u00edd se v hodin\u00e1ch d\u011bjepisu vr\u00e1tili o n\u011bkolik tis\u00edc let zp\u011bt \u2013 do doby, kdy se lovci a sb\u011bra\u010di za\u010dali m\u011bnit v prvn\u00ed zem\u011bd\u011blce a vznikaly prvn\u00ed osady. V r\u00e1mci projektov\u00e9 v\u00fduky se tak t\u0159\u00edda prom\u011bnila v mal\u00e9 archeologick\u00e9 nalezi\u0161t\u011b i stavebn\u00ed d\u00edlnu z\u00e1rove\u0148. \u00dakolem \u017e\u00e1k\u016f bylo vytvo\u0159it model neolitick\u00e9 vesnice \u2013 m\u00edsto,&hellip;&nbsp;<a href=\"https:\/\/zszelena42.eu\/2021\/2025-2026\/neoliticka-vesnice-projektova-vyuka-dejepisu\/\" rel=\"bookmark\">\u010c\u00edst d\u00e1le &raquo;<span class=\"screen-reader-text\">Neolitick\u00e1 vesnice \u2013 projektov\u00e1 v\u00fduka d\u011bjepisu<\/span><\/a><\/p>\n","protected":false},"author":16,"featured_media":41294,"comment_status":"closed","ping_status":"closed","sticky":false,"template":"","format":"standard","meta":{"neve_meta_sidebar":"","neve_meta_container":"","neve_meta_enable_content_width":"","neve_meta_content_width":0,"neve_meta_title_alignment":"","neve_meta_author_avatar":"","neve_post_elements_order":"","neve_meta_disable_header":"","neve_meta_disable_footer":"","neve_meta_disable_title":"","footnotes":""},"categories":[411,437],"tags":[264],"class_list":["post-41293","post","type-post","status-publish","format-standard","has-post-thumbnail","hentry","category-2025-2026","category-6-a-25-26","tag-dejepis"],"_links":{"self":[{"href":"https:\/\/zszelena42.eu\/2021\/wp-json\/wp\/v2\/posts\/41293","targetHints":{"allow":["GET"]}}],"collection":[{"href":"https:\/\/zszelena42.eu\/2021\/wp-json\/wp\/v2\/posts"}],"about":[{"href":"https:\/\/zszelena42.eu\/2021\/wp-json\/wp\/v2\/types\/post"}],"author":[{"embeddable":true,"href":"https:\/\/zszelena42.eu\/2021\/wp-json\/wp\/v2\/users\/16"}],"replies":[{"embeddable":true,"href":"https:\/\/zszelena42.eu\/2021\/wp-json\/wp\/v2\/comments?post=41293"}],"version-history":[{"count":12,"href":"https:\/\/zszelena42.eu\/2021\/wp-json\/wp\/v2\/posts\/41293\/revisions"}],"predecessor-version":[{"id":41339,"href":"https:\/\/zszelena42.eu\/2021\/wp-json\/wp\/v2\/posts\/41293\/revisions\/41339"}],"wp:featuredmedia":[{"embeddable":true,"href":"https:\/\/zszelena42.eu\/2021\/wp-json\/wp\/v2\/media\/41294"}],"wp:attachment":[{"href":"https:\/\/zszelena42.eu\/2021\/wp-json\/wp\/v2\/media?parent=41293"}],"wp:term":[{"taxonomy":"category","embeddable":true,"href":"https:\/\/zszelena42.eu\/2021\/wp-json\/wp\/v2\/categories?post=41293"},{"taxonomy":"post_tag","embeddable":true,"href":"https:\/\/zszelena42.eu\/2021\/wp-json\/wp\/v2\/tags?post=41293"}],"curies":[{"name":"wp","href":"https:\/\/api.w.org\/{rel}","templated":true}]}}