{"id":40866,"date":"2025-05-30T14:26:00","date_gmt":"2025-05-30T13:26:00","guid":{"rendered":"https:\/\/zszelena42.eu\/2021\/?p=40866"},"modified":"2025-10-08T09:32:39","modified_gmt":"2025-10-08T08:32:39","slug":"osz-na-dni-deti","status":"publish","type":"post","link":"https:\/\/zszelena42.eu\/2021\/skolni-rok\/os-zelena\/osz-na-dni-deti\/","title":{"rendered":"OSZ na Dni d\u011bt\u00ed"},"content":{"rendered":"\n<p>Den d\u011bt\u00ed na na\u0161\u00ed \u0161kole se letos opravdu vyda\u0159il. Na \u0161koln\u00edm h\u0159i\u0161ti panovala od r\u00e1na slavnostn\u00ed atmosf\u00e9ra, kterou si u\u017e\u00edvali \u017e\u00e1ci v\u0161ech t\u0159\u00edd. O z\u00e1bavu se postaraly tak\u00e9 maminky z&nbsp;<strong>Ob\u010dansk\u00e9ho sdru\u017een\u00ed Zelen\u00e1<\/strong>, kter\u00e9 se dobrovoln\u011b zapojily do p\u0159\u00edprav i samotn\u00e9ho programu.<\/p>\n\n\n\n<p>Pro d\u011bti si p\u0159ipravily pestrou nab\u00eddku her a sout\u011b\u017e\u00ed, p\u0159i nich\u017e si mohly vyzkou\u0161et svoji zru\u010dnost, post\u0159eh i t\u00fdmovou spolupr\u00e1ci. Velk\u00fdm l\u00e1kadlem byla&nbsp;<strong>laserov\u00e1 st\u0159elnice<\/strong>, kter\u00e1 nadchla mal\u00e9 i v\u011bt\u0161\u00ed \u017e\u00e1ky. D\u011bti si s nad\u0161en\u00edm st\u0159\u00edlely na ter\u010de a sna\u017eily se z\u00edskat co nejv\u00edce bod\u016f.<\/p>\n\n\n\n<p>B\u011bhem dne panovala v\u00fdborn\u00e1 n\u00e1lada, nechyb\u011bl sm\u00edch, drobn\u00e9 odm\u011bny ani pochvaly za \u0161ikovnost. D\u011bti odch\u00e1zely dom\u016f spokojen\u00e9, pln\u00e9 z\u00e1\u017eitk\u016f a pozitivn\u00ed energie. Organiz\u00e1tor\u016fm a mamink\u00e1m z Ob\u010dansk\u00e9ho sdru\u017een\u00ed Zelen\u00e1 pat\u0159\u00ed velk\u00e9 pod\u011bkov\u00e1n\u00ed za jejich \u010das, ochotu a n\u00e1paditost, d\u00edky nim\u017e se Den d\u011bt\u00ed stal opravdu v\u00fdjime\u010dn\u00fdm.<\/p>\n\n\n\n<figure class=\"wp-block-gallery has-nested-images columns-default is-cropped wp-block-gallery-1 is-layout-flex wp-block-gallery-is-layout-flex\">\n<figure class=\"wp-block-image size-large\"><img fetchpriority=\"high\" decoding=\"async\" width=\"1024\" height=\"768\" data-id=\"40869\" src=\"https:\/\/zszelena42.eu\/2021\/wp-content\/uploads\/2025\/10\/IMG_6237-1-1024x768.jpg\" alt=\"\" class=\"wp-image-40869\" srcset=\"https:\/\/zszelena42.eu\/2021\/wp-content\/uploads\/2025\/10\/IMG_6237-1-1024x768.jpg 1024w, https:\/\/zszelena42.eu\/2021\/wp-content\/uploads\/2025\/10\/IMG_6237-1-500x375.jpg 500w, https:\/\/zszelena42.eu\/2021\/wp-content\/uploads\/2025\/10\/IMG_6237-1-200x150.jpg 200w, https:\/\/zszelena42.eu\/2021\/wp-content\/uploads\/2025\/10\/IMG_6237-1-768x576.jpg 768w, https:\/\/zszelena42.eu\/2021\/wp-content\/uploads\/2025\/10\/IMG_6237-1-1536x1152.jpg 1536w, https:\/\/zszelena42.eu\/2021\/wp-content\/uploads\/2025\/10\/IMG_6237-1-2048x1536.jpg 2048w\" sizes=\"(max-width: 1024px) 100vw, 1024px\" \/><\/figure>\n\n\n\n<figure class=\"wp-block-image size-large\"><img decoding=\"async\" width=\"1024\" height=\"768\" data-id=\"40868\" src=\"https:\/\/zszelena42.eu\/2021\/wp-content\/uploads\/2025\/10\/IMG_6235-1024x768.jpg\" alt=\"\" class=\"wp-image-40868\" srcset=\"https:\/\/zszelena42.eu\/2021\/wp-content\/uploads\/2025\/10\/IMG_6235-1024x768.jpg 1024w, https:\/\/zszelena42.eu\/2021\/wp-content\/uploads\/2025\/10\/IMG_6235-500x375.jpg 500w, https:\/\/zszelena42.eu\/2021\/wp-content\/uploads\/2025\/10\/IMG_6235-200x150.jpg 200w, https:\/\/zszelena42.eu\/2021\/wp-content\/uploads\/2025\/10\/IMG_6235-768x576.jpg 768w, https:\/\/zszelena42.eu\/2021\/wp-content\/uploads\/2025\/10\/IMG_6235-1536x1152.jpg 1536w, https:\/\/zszelena42.eu\/2021\/wp-content\/uploads\/2025\/10\/IMG_6235-2048x1536.jpg 2048w\" sizes=\"(max-width: 1024px) 100vw, 1024px\" \/><\/figure>\n<\/figure>\n","protected":false},"excerpt":{"rendered":"<p>Den d\u011bt\u00ed na na\u0161\u00ed \u0161kole se letos opravdu vyda\u0159il. Na \u0161koln\u00edm h\u0159i\u0161ti panovala od r\u00e1na slavnostn\u00ed atmosf\u00e9ra, kterou si u\u017e\u00edvali \u017e\u00e1ci v\u0161ech t\u0159\u00edd. O z\u00e1bavu se postaraly tak\u00e9 maminky z&nbsp;Ob\u010dansk\u00e9ho sdru\u017een\u00ed Zelen\u00e1, kter\u00e9 se dobrovoln\u011b zapojily do p\u0159\u00edprav i samotn\u00e9ho programu. Pro d\u011bti si p\u0159ipravily pestrou nab\u00eddku her a sout\u011b\u017e\u00ed, p\u0159i nich\u017e si mohly vyzkou\u0161et&hellip;&nbsp;<a href=\"https:\/\/zszelena42.eu\/2021\/skolni-rok\/os-zelena\/osz-na-dni-deti\/\" rel=\"bookmark\">\u010c\u00edst d\u00e1le &raquo;<span class=\"screen-reader-text\">OSZ na Dni d\u011bt\u00ed<\/span><\/a><\/p>\n","protected":false},"author":33,"featured_media":40868,"comment_status":"closed","ping_status":"closed","sticky":false,"template":"","format":"standard","meta":{"neve_meta_sidebar":"","neve_meta_container":"","neve_meta_enable_content_width":"","neve_meta_content_width":0,"neve_meta_title_alignment":"","neve_meta_author_avatar":"","neve_post_elements_order":"","neve_meta_disable_header":"","neve_meta_disable_footer":"","neve_meta_disable_title":"","footnotes":""},"categories":[270],"tags":[],"class_list":["post-40866","post","type-post","status-publish","format-standard","has-post-thumbnail","hentry","category-os-zelena"],"_links":{"self":[{"href":"https:\/\/zszelena42.eu\/2021\/wp-json\/wp\/v2\/posts\/40866","targetHints":{"allow":["GET"]}}],"collection":[{"href":"https:\/\/zszelena42.eu\/2021\/wp-json\/wp\/v2\/posts"}],"about":[{"href":"https:\/\/zszelena42.eu\/2021\/wp-json\/wp\/v2\/types\/post"}],"author":[{"embeddable":true,"href":"https:\/\/zszelena42.eu\/2021\/wp-json\/wp\/v2\/users\/33"}],"replies":[{"embeddable":true,"href":"https:\/\/zszelena42.eu\/2021\/wp-json\/wp\/v2\/comments?post=40866"}],"version-history":[{"count":1,"href":"https:\/\/zszelena42.eu\/2021\/wp-json\/wp\/v2\/posts\/40866\/revisions"}],"predecessor-version":[{"id":40870,"href":"https:\/\/zszelena42.eu\/2021\/wp-json\/wp\/v2\/posts\/40866\/revisions\/40870"}],"wp:featuredmedia":[{"embeddable":true,"href":"https:\/\/zszelena42.eu\/2021\/wp-json\/wp\/v2\/media\/40868"}],"wp:attachment":[{"href":"https:\/\/zszelena42.eu\/2021\/wp-json\/wp\/v2\/media?parent=40866"}],"wp:term":[{"taxonomy":"category","embeddable":true,"href":"https:\/\/zszelena42.eu\/2021\/wp-json\/wp\/v2\/categories?post=40866"},{"taxonomy":"post_tag","embeddable":true,"href":"https:\/\/zszelena42.eu\/2021\/wp-json\/wp\/v2\/tags?post=40866"}],"curies":[{"name":"wp","href":"https:\/\/api.w.org\/{rel}","templated":true}]}}