{"id":40464,"date":"2025-07-01T17:21:50","date_gmt":"2025-07-01T16:21:50","guid":{"rendered":"https:\/\/zszelena42.eu\/2021\/?p=40464"},"modified":"2025-07-17T17:33:44","modified_gmt":"2025-07-17T16:33:44","slug":"podekovani-za-skolni-rok-2024-25","status":"publish","type":"post","link":"https:\/\/zszelena42.eu\/2021\/skolni-rok\/2024-2025\/podekovani-za-skolni-rok-2024-25\/","title":{"rendered":"Pod\u011bkov\u00e1n\u00ed za \u0161koln\u00ed rok 2024\/25"},"content":{"rendered":"\n<p><strong>Mil\u00ed plav\u010d\u00edci, v\u00e1\u017een\u00ed u\u010ditel\u00e9, vychovatelky, spr\u00e1vn\u00ed zam\u011bstnanci i v\u0161ichni ostatn\u00ed \u010dlenov\u00e9 pos\u00e1dky,<\/strong><\/p>\n\n\n\n<p>na\u0161e spole\u010dn\u00e1 plavba \u0161koln\u00edm rokem 2024\/2025 pr\u00e1v\u011b dorazila do c\u00edlov\u00e9ho p\u0159\u00edstavu. Byl to rok pln\u00fd nov\u00fdch objev\u016f, v\u00fdzev, pr\u00e1ce, ale i radosti a pokroku \u2013 a za to v\u0161echno v\u00e1m pat\u0159\u00ed jedno velk\u00e9 d\u011bkujeme.<\/p>\n\n\n\n<p>Plav\u010d\u00edk\u016fm \u2013 na\u0161im \u017e\u00e1k\u016fm \u2013 d\u011bkujeme za jejich odvahu, zv\u00eddavost a nasazen\u00ed, se kter\u00fdm se vrhali do nov\u00fdch v\u011bdomost\u00ed. A\u0165 u\u017e jste pr\u00e1v\u011b vyplouvali v prvn\u00ed t\u0159\u00edd\u011b, nebo se lou\u010dili s lod\u00ed Z\u0160 Zelen\u00e1 42 jako dev\u00e1\u0165\u00e1ci, ka\u017ed\u00fd z v\u00e1s byl d\u016fle\u017eitou sou\u010d\u00e1st\u00ed pos\u00e1dky.<\/p>\n\n\n\n<p>Velk\u00e9 d\u00edky pat\u0159\u00ed tak\u00e9 na\u0161im u\u010ditel\u016fm \u2013 zku\u0161en\u00fdm lodivod\u016fm, kte\u0159\u00ed s trp\u011blivost\u00ed vedli plav\u010d\u00edky skrze klidn\u00e9 i bou\u0159liv\u00e9 vody u\u010diva. Bez v\u00e1s by se lo\u010f nikdy nedostala tak daleko.<\/p>\n\n\n\n<p>Nezapom\u00edn\u00e1me ani na vychovatelky ze \u0161koln\u00ed dru\u017einy, kter\u00e9 byly d\u016fle\u017eit\u00fdm z\u00e1zem\u00edm po vyu\u010dov\u00e1n\u00ed \u2013 jako p\u0159\u00edstav, kde se d\u011bti c\u00edtily bezpe\u010dn\u011b a p\u0159\u00edjemn\u011b.<\/p>\n\n\n\n<p>Pod\u011bkov\u00e1n\u00ed si zaslou\u017e\u00ed i na\u0161e kucha\u0159ky, kter\u00e9 se staraly, aby m\u011bl ka\u017ed\u00fd \u010dlen pos\u00e1dky dost sil na dal\u0161\u00ed plavbu, i spr\u00e1vn\u00ed zam\u011bstnanci, jejich\u017e pr\u00e1ce je \u010dasto nen\u00e1padn\u00e1, ale naprosto nezbytn\u00e1 pro to, aby lo\u010f mohla bez probl\u00e9m\u016f fungovat.<\/p>\n\n\n\n<p>Na\u0161e \u0161kola \u2013 jako spr\u00e1vn\u00fd maj\u00e1k \u2013 i letos sv\u00edtila a ukazovala sm\u011br. A\u0165 u\u017e jsme \u010delili jak\u00e9mukoliv v\u011btru nebo vln\u00e1m, d\u00edky v\u00e1m v\u0161em jsme z\u016fstali na spr\u00e1vn\u00e9m kurzu.<\/p>\n\n\n\n<p>Nyn\u00ed p\u0159ich\u00e1z\u00ed \u010das, kdy kapit\u00e1n i cel\u00e1 pos\u00e1dka m\u016f\u017ee na chv\u00edli zakotvit. Mil\u00ed plav\u010d\u00edci, u\u017eijte si kr\u00e1sn\u00e9, bezstarostn\u00e9 pr\u00e1zdniny pln\u00e9 dobrodru\u017estv\u00ed a slun\u00ed\u010dka. V\u00e1m, mil\u00ed kolegov\u00e9 a zam\u011bstnanci \u0161koly, p\u0159ejeme zaslou\u017een\u00fd odpo\u010dinek a pohodovou dovolenou \u2013 a\u0165 si dopln\u00edte s\u00edly na dal\u0161\u00ed plavbu.<\/p>\n\n\n\n<p class=\"has-medium-font-size\"><strong>T\u011b\u0161\u00edme se, a\u017e se v z\u00e1\u0159\u00ed op\u011bt sejdeme pod sv\u011btlem na\u0161eho maj\u00e1ku, p\u0159ipraveni spole\u010dn\u011b vyplout do nov\u00e9ho \u0161koln\u00edho roku.<\/strong><\/p>\n\n\n\n<p class=\"has-medium-font-size\"><strong>\u0160\u0165astnou plavbu a kr\u00e1sn\u00e9 l\u00e9to v\u0161em!<\/strong><\/p>\n\n\n<div class=\"wp-block-image\">\n<figure class=\"aligncenter size-full\"><img fetchpriority=\"high\" decoding=\"async\" width=\"1920\" height=\"1080\" src=\"https:\/\/zszelena42.eu\/2021\/wp-content\/uploads\/2025\/07\/leto_zelena.jpg\" alt=\"\" class=\"wp-image-40473\" srcset=\"https:\/\/zszelena42.eu\/2021\/wp-content\/uploads\/2025\/07\/leto_zelena.jpg 1920w, https:\/\/zszelena42.eu\/2021\/wp-content\/uploads\/2025\/07\/leto_zelena-500x281.jpg 500w, https:\/\/zszelena42.eu\/2021\/wp-content\/uploads\/2025\/07\/leto_zelena-1024x576.jpg 1024w, https:\/\/zszelena42.eu\/2021\/wp-content\/uploads\/2025\/07\/leto_zelena-200x113.jpg 200w, https:\/\/zszelena42.eu\/2021\/wp-content\/uploads\/2025\/07\/leto_zelena-768x432.jpg 768w, https:\/\/zszelena42.eu\/2021\/wp-content\/uploads\/2025\/07\/leto_zelena-1536x864.jpg 1536w\" sizes=\"(max-width: 1920px) 100vw, 1920px\" \/><\/figure>\n<\/div>","protected":false},"excerpt":{"rendered":"<p>Mil\u00ed plav\u010d\u00edci, v\u00e1\u017een\u00ed u\u010ditel\u00e9, vychovatelky, spr\u00e1vn\u00ed zam\u011bstnanci i v\u0161ichni ostatn\u00ed \u010dlenov\u00e9 pos\u00e1dky, na\u0161e spole\u010dn\u00e1 plavba \u0161koln\u00edm rokem 2024\/2025 pr\u00e1v\u011b dorazila do c\u00edlov\u00e9ho p\u0159\u00edstavu. Byl to rok pln\u00fd nov\u00fdch objev\u016f, v\u00fdzev, pr\u00e1ce, ale i radosti a pokroku \u2013 a za to v\u0161echno v\u00e1m pat\u0159\u00ed jedno velk\u00e9 d\u011bkujeme. Plav\u010d\u00edk\u016fm \u2013 na\u0161im \u017e\u00e1k\u016fm \u2013 d\u011bkujeme za jejich odvahu,&hellip;&nbsp;<a href=\"https:\/\/zszelena42.eu\/2021\/skolni-rok\/2024-2025\/podekovani-za-skolni-rok-2024-25\/\" rel=\"bookmark\">\u010c\u00edst d\u00e1le &raquo;<span class=\"screen-reader-text\">Pod\u011bkov\u00e1n\u00ed za \u0161koln\u00ed rok 2024\/25<\/span><\/a><\/p>\n","protected":false},"author":1,"featured_media":40460,"comment_status":"closed","ping_status":"closed","sticky":false,"template":"","format":"standard","meta":{"neve_meta_sidebar":"","neve_meta_container":"","neve_meta_enable_content_width":"","neve_meta_content_width":0,"neve_meta_title_alignment":"","neve_meta_author_avatar":"","neve_post_elements_order":"","neve_meta_disable_header":"","neve_meta_disable_footer":"","neve_meta_disable_title":"","footnotes":""},"categories":[370],"tags":[],"class_list":["post-40464","post","type-post","status-publish","format-standard","has-post-thumbnail","hentry","category-2024-2025"],"_links":{"self":[{"href":"https:\/\/zszelena42.eu\/2021\/wp-json\/wp\/v2\/posts\/40464","targetHints":{"allow":["GET"]}}],"collection":[{"href":"https:\/\/zszelena42.eu\/2021\/wp-json\/wp\/v2\/posts"}],"about":[{"href":"https:\/\/zszelena42.eu\/2021\/wp-json\/wp\/v2\/types\/post"}],"author":[{"embeddable":true,"href":"https:\/\/zszelena42.eu\/2021\/wp-json\/wp\/v2\/users\/1"}],"replies":[{"embeddable":true,"href":"https:\/\/zszelena42.eu\/2021\/wp-json\/wp\/v2\/comments?post=40464"}],"version-history":[{"count":4,"href":"https:\/\/zszelena42.eu\/2021\/wp-json\/wp\/v2\/posts\/40464\/revisions"}],"predecessor-version":[{"id":40474,"href":"https:\/\/zszelena42.eu\/2021\/wp-json\/wp\/v2\/posts\/40464\/revisions\/40474"}],"wp:featuredmedia":[{"embeddable":true,"href":"https:\/\/zszelena42.eu\/2021\/wp-json\/wp\/v2\/media\/40460"}],"wp:attachment":[{"href":"https:\/\/zszelena42.eu\/2021\/wp-json\/wp\/v2\/media?parent=40464"}],"wp:term":[{"taxonomy":"category","embeddable":true,"href":"https:\/\/zszelena42.eu\/2021\/wp-json\/wp\/v2\/categories?post=40464"},{"taxonomy":"post_tag","embeddable":true,"href":"https:\/\/zszelena42.eu\/2021\/wp-json\/wp\/v2\/tags?post=40464"}],"curies":[{"name":"wp","href":"https:\/\/api.w.org\/{rel}","templated":true}]}}