{"id":4012,"date":"2021-11-26T16:11:23","date_gmt":"2021-11-26T15:11:23","guid":{"rendered":"https:\/\/zszelena42.eu\/2021\/?p=4012"},"modified":"2021-11-26T16:24:31","modified_gmt":"2021-11-26T15:24:31","slug":"zalozka-do-knihy-spojuje-skoly-5","status":"publish","type":"post","link":"https:\/\/zszelena42.eu\/2021\/skolni-rok\/2021-2022\/1-stupen\/5-b\/zalozka-do-knihy-spojuje-skoly-5\/","title":{"rendered":"z\u00e1lo\u017eka do knihy spojuje \u0161koly"},"content":{"rendered":"\n<p>V r\u00e1mci mezin\u00e1rodn\u00edho projektu, do kter\u00e9ho jsme se s na\u0161\u00ed t\u0159\u00eddou tak\u00e9 zapojili, byl projekt pro leto\u0161n\u00ed rok ukon\u010den a partnersk\u00e9 \u0161koly obdr\u017eely pod\u011bkov\u00e1n\u00ed za \u00fa\u010dast a spolupr\u00e1ci. <\/p>\n\n\n\n<p>P\u0159ikl\u00e1d\u00e1m tak\u00e9 z\u00e1v\u011bre\u010dnou zpr\u00e1vu o projektu, kterou jsem odes\u00edlala organiz\u00e1tor\u016fm. <\/p>\n\n\n\n<div class=\"wp-block-file\"><a href=\"https:\/\/zszelena42.eu\/2021\/wp-content\/uploads\/2021\/11\/Diplom-Zalozka-do-knihy-spaja-skoly-2021-3.pdf\">Diplom-Zalozka-do-knihy-spaja-skoly-2021-3<\/a><\/div>\n\n\n\n<figure class=\"wp-block-image size-large\"><img fetchpriority=\"high\" decoding=\"async\" width=\"1024\" height=\"769\" src=\"https:\/\/zszelena42.eu\/2021\/wp-content\/uploads\/2021\/11\/IMG_20211109_141556-1024x769.jpg\" alt=\"\" class=\"wp-image-3877\" srcset=\"https:\/\/zszelena42.eu\/2021\/wp-content\/uploads\/2021\/11\/IMG_20211109_141556-1024x769.jpg 1024w, https:\/\/zszelena42.eu\/2021\/wp-content\/uploads\/2021\/11\/IMG_20211109_141556-300x225.jpg 300w, https:\/\/zszelena42.eu\/2021\/wp-content\/uploads\/2021\/11\/IMG_20211109_141556-768x577.jpg 768w, https:\/\/zszelena42.eu\/2021\/wp-content\/uploads\/2021\/11\/IMG_20211109_141556-1536x1153.jpg 1536w, https:\/\/zszelena42.eu\/2021\/wp-content\/uploads\/2021\/11\/IMG_20211109_141556-2048x1538.jpg 2048w\" sizes=\"(max-width: 1024px) 100vw, 1024px\" \/><\/figure>\n\n\n\n<div class=\"wp-block-file\"><a href=\"https:\/\/zszelena42.eu\/2021\/wp-content\/uploads\/2021\/11\/Zprava-o-projektu-2.pdf\">Zprava-o-projektu-2<\/a><\/div>\n","protected":false},"excerpt":{"rendered":"<p>V r\u00e1mci mezin\u00e1rodn\u00edho projektu, do kter\u00e9ho jsme se s na\u0161\u00ed t\u0159\u00eddou tak\u00e9 zapojili, byl projekt pro leto\u0161n\u00ed rok ukon\u010den a partnersk\u00e9 \u0161koly obdr\u017eely pod\u011bkov\u00e1n\u00ed za \u00fa\u010dast a spolupr\u00e1ci. P\u0159ikl\u00e1d\u00e1m tak\u00e9 z\u00e1v\u011bre\u010dnou zpr\u00e1vu o projektu, kterou jsem odes\u00edlala organiz\u00e1tor\u016fm.<\/p>\n","protected":false},"author":28,"featured_media":2238,"comment_status":"closed","ping_status":"closed","sticky":false,"template":"","format":"standard","meta":{"neve_meta_sidebar":"","neve_meta_container":"","neve_meta_enable_content_width":"","neve_meta_content_width":0,"neve_meta_title_alignment":"","neve_meta_author_avatar":"","neve_post_elements_order":"","neve_meta_disable_header":"","neve_meta_disable_footer":"","neve_meta_disable_title":"","footnotes":""},"categories":[28],"tags":[],"class_list":["post-4012","post","type-post","status-publish","format-standard","has-post-thumbnail","hentry","category-5-b"],"_links":{"self":[{"href":"https:\/\/zszelena42.eu\/2021\/wp-json\/wp\/v2\/posts\/4012","targetHints":{"allow":["GET"]}}],"collection":[{"href":"https:\/\/zszelena42.eu\/2021\/wp-json\/wp\/v2\/posts"}],"about":[{"href":"https:\/\/zszelena42.eu\/2021\/wp-json\/wp\/v2\/types\/post"}],"author":[{"embeddable":true,"href":"https:\/\/zszelena42.eu\/2021\/wp-json\/wp\/v2\/users\/28"}],"replies":[{"embeddable":true,"href":"https:\/\/zszelena42.eu\/2021\/wp-json\/wp\/v2\/comments?post=4012"}],"version-history":[{"count":2,"href":"https:\/\/zszelena42.eu\/2021\/wp-json\/wp\/v2\/posts\/4012\/revisions"}],"predecessor-version":[{"id":4022,"href":"https:\/\/zszelena42.eu\/2021\/wp-json\/wp\/v2\/posts\/4012\/revisions\/4022"}],"wp:featuredmedia":[{"embeddable":true,"href":"https:\/\/zszelena42.eu\/2021\/wp-json\/wp\/v2\/media\/2238"}],"wp:attachment":[{"href":"https:\/\/zszelena42.eu\/2021\/wp-json\/wp\/v2\/media?parent=4012"}],"wp:term":[{"taxonomy":"category","embeddable":true,"href":"https:\/\/zszelena42.eu\/2021\/wp-json\/wp\/v2\/categories?post=4012"},{"taxonomy":"post_tag","embeddable":true,"href":"https:\/\/zszelena42.eu\/2021\/wp-json\/wp\/v2\/tags?post=4012"}],"curies":[{"name":"wp","href":"https:\/\/api.w.org\/{rel}","templated":true}]}}