{"id":39707,"date":"2025-05-25T16:34:53","date_gmt":"2025-05-25T15:34:53","guid":{"rendered":"https:\/\/zszelena42.eu\/2021\/?p=39707"},"modified":"2025-05-25T16:34:54","modified_gmt":"2025-05-25T15:34:54","slug":"den-zdravi-na-agel-13-kvetna-2025","status":"publish","type":"post","link":"https:\/\/zszelena42.eu\/2021\/skolni-rok\/2024-2025\/den-zdravi-na-agel-13-kvetna-2025\/","title":{"rendered":"Den zdrav\u00ed na AGEL \u2013 13. kv\u011btna 2025"},"content":{"rendered":"\n<p>Dne 13. kv\u011btna 2025 se \u017e\u00e1ci t\u0159\u00eddy <strong>6.A<\/strong> na\u0161\u00ed \u0161koly z\u00fa\u010dastnili akce <strong>Den zdrav\u00ed<\/strong>, kter\u00e1 se konala na <strong>AGEL St\u0159edn\u00ed zdravotnick\u00e9 \u0161kole v Ostrav\u011b<\/strong>. Tato akce byla sou\u010d\u00e1st\u00ed dlouhodob\u00e9ho projektu zam\u011b\u0159en\u00e9ho na podporu zdrav\u00e9ho \u017eivotn\u00edho stylu a prevenci nemoc\u00ed.<\/p>\n\n\n\n<p>B\u011bhem dne m\u011bli \u017e\u00e1ci mo\u017enost sezn\u00e1mit se s r\u016fzn\u00fdmi aspekty zdrav\u00ed a zdravotn\u00ed p\u00e9\u010de. Program zahrnoval praktick\u00e9 uk\u00e1zky prvn\u00ed pomoci, m\u011b\u0159en\u00ed krevn\u00edho tlaku, p\u0159edn\u00e1\u0161ky o v\u00fd\u017eiv\u011b a zdrav\u00e9m stravov\u00e1n\u00ed, a tak\u00e9 informace o prevenci z\u00e1vislost\u00ed. \u017d\u00e1ci si mohli vyzkou\u0161et resuscitaci, dozv\u011bd\u011bt se v\u00edce o fungov\u00e1n\u00ed lidsk\u00e9ho t\u011bla a z\u00edskat cenn\u00e9 informace o tom, jak pe\u010dovat o sv\u00e9 zdrav\u00ed.<\/p>\n\n\n\n<p>Akce byla organizov\u00e1na ve spolupr\u00e1ci s odborn\u00edky z oblasti zdravotnictv\u00ed a pedagogick\u00fdm sborem \u0161koly. C\u00edlem bylo poskytnout \u017e\u00e1k\u016fm praktick\u00e9 dovednosti a znalosti, kter\u00e9 jim pomohou v ka\u017edodenn\u00edm \u017eivot\u011b a p\u0159iprav\u00ed je na zodpov\u011bdn\u00fd p\u0159\u00edstup ke sv\u00e9mu zdrav\u00ed.<\/p>\n\n\n\n<p>\u00da\u010dast na <strong>Dnu zdrav\u00ed<\/strong> byla pro \u017e\u00e1ky 6.A nejen pou\u010dn\u00e1, ale i inspiruj\u00edc\u00ed. Z\u00edskan\u00e9 informace a dovednosti mohou vyu\u017e\u00edt nejen ve \u0161kole, ale i v osobn\u00edm \u017eivot\u011b, a p\u0159isp\u011bt tak k lep\u0161\u00edmu zdrav\u00ed a kvalitn\u011bj\u0161\u00edmu \u017eivotn\u00edmu stylu.<\/p>\n\n\n\n<p>D\u011bkujeme organiz\u00e1tor\u016fm a v\u0161em, kte\u0159\u00ed se pod\u00edleli na p\u0159\u00edprav\u011b a realizaci t\u00e9to akce, a t\u011b\u0161\u00edme se na dal\u0161\u00ed podobn\u00e9 p\u0159\u00edle\u017eitosti, kter\u00e9 pomohou na\u0161im \u017e\u00e1k\u016fm rozv\u00edjet jejich znalosti a dovednosti v oblasti zdrav\u00ed a prevence.<\/p>\n\n\n\n<figure class=\"wp-block-gallery has-nested-images columns-default is-cropped wp-block-gallery-1 is-layout-flex wp-block-gallery-is-layout-flex\">\n<figure class=\"wp-block-image size-large\"><img fetchpriority=\"high\" decoding=\"async\" width=\"768\" height=\"1024\" data-id=\"39710\" src=\"https:\/\/zszelena42.eu\/2021\/wp-content\/uploads\/2025\/05\/IMG_20250513_100950050-rotated.jpg\" alt=\"\" class=\"wp-image-39710\" srcset=\"https:\/\/zszelena42.eu\/2021\/wp-content\/uploads\/2025\/05\/IMG_20250513_100950050-rotated.jpg 768w, https:\/\/zszelena42.eu\/2021\/wp-content\/uploads\/2025\/05\/IMG_20250513_100950050-375x500.jpg 375w, https:\/\/zszelena42.eu\/2021\/wp-content\/uploads\/2025\/05\/IMG_20250513_100950050-150x200.jpg 150w\" sizes=\"(max-width: 768px) 100vw, 768px\" \/><\/figure>\n\n\n\n<figure class=\"wp-block-image size-large\"><img decoding=\"async\" width=\"1024\" height=\"768\" data-id=\"39711\" src=\"https:\/\/zszelena42.eu\/2021\/wp-content\/uploads\/2025\/05\/IMG_20250513_102022620.jpg\" alt=\"\" class=\"wp-image-39711\" srcset=\"https:\/\/zszelena42.eu\/2021\/wp-content\/uploads\/2025\/05\/IMG_20250513_102022620.jpg 1024w, https:\/\/zszelena42.eu\/2021\/wp-content\/uploads\/2025\/05\/IMG_20250513_102022620-500x375.jpg 500w, https:\/\/zszelena42.eu\/2021\/wp-content\/uploads\/2025\/05\/IMG_20250513_102022620-200x150.jpg 200w, https:\/\/zszelena42.eu\/2021\/wp-content\/uploads\/2025\/05\/IMG_20250513_102022620-768x576.jpg 768w\" sizes=\"(max-width: 1024px) 100vw, 1024px\" \/><\/figure>\n\n\n\n<figure class=\"wp-block-image size-large\"><img decoding=\"async\" width=\"1024\" height=\"768\" data-id=\"39712\" src=\"https:\/\/zszelena42.eu\/2021\/wp-content\/uploads\/2025\/05\/IMG_20250513_102148535_HDR_PORTRAIT.jpg\" alt=\"\" class=\"wp-image-39712\" srcset=\"https:\/\/zszelena42.eu\/2021\/wp-content\/uploads\/2025\/05\/IMG_20250513_102148535_HDR_PORTRAIT.jpg 1024w, https:\/\/zszelena42.eu\/2021\/wp-content\/uploads\/2025\/05\/IMG_20250513_102148535_HDR_PORTRAIT-500x375.jpg 500w, https:\/\/zszelena42.eu\/2021\/wp-content\/uploads\/2025\/05\/IMG_20250513_102148535_HDR_PORTRAIT-200x150.jpg 200w, https:\/\/zszelena42.eu\/2021\/wp-content\/uploads\/2025\/05\/IMG_20250513_102148535_HDR_PORTRAIT-768x576.jpg 768w\" sizes=\"(max-width: 1024px) 100vw, 1024px\" \/><\/figure>\n\n\n\n<figure class=\"wp-block-image size-large\"><img loading=\"lazy\" decoding=\"async\" width=\"1024\" height=\"768\" data-id=\"39713\" src=\"https:\/\/zszelena42.eu\/2021\/wp-content\/uploads\/2025\/05\/IMG_20250513_102219011.jpg\" alt=\"\" class=\"wp-image-39713\" srcset=\"https:\/\/zszelena42.eu\/2021\/wp-content\/uploads\/2025\/05\/IMG_20250513_102219011.jpg 1024w, https:\/\/zszelena42.eu\/2021\/wp-content\/uploads\/2025\/05\/IMG_20250513_102219011-500x375.jpg 500w, https:\/\/zszelena42.eu\/2021\/wp-content\/uploads\/2025\/05\/IMG_20250513_102219011-200x150.jpg 200w, https:\/\/zszelena42.eu\/2021\/wp-content\/uploads\/2025\/05\/IMG_20250513_102219011-768x576.jpg 768w\" sizes=\"(max-width: 1024px) 100vw, 1024px\" \/><\/figure>\n\n\n\n<figure class=\"wp-block-image size-large\"><img loading=\"lazy\" decoding=\"async\" width=\"1024\" height=\"768\" data-id=\"39714\" src=\"https:\/\/zszelena42.eu\/2021\/wp-content\/uploads\/2025\/05\/IMG_20250513_102320559.jpg\" alt=\"\" class=\"wp-image-39714\" srcset=\"https:\/\/zszelena42.eu\/2021\/wp-content\/uploads\/2025\/05\/IMG_20250513_102320559.jpg 1024w, https:\/\/zszelena42.eu\/2021\/wp-content\/uploads\/2025\/05\/IMG_20250513_102320559-500x375.jpg 500w, https:\/\/zszelena42.eu\/2021\/wp-content\/uploads\/2025\/05\/IMG_20250513_102320559-200x150.jpg 200w, https:\/\/zszelena42.eu\/2021\/wp-content\/uploads\/2025\/05\/IMG_20250513_102320559-768x576.jpg 768w\" sizes=\"(max-width: 1024px) 100vw, 1024px\" \/><\/figure>\n<\/figure>\n","protected":false},"excerpt":{"rendered":"<p>Dne 13. kv\u011btna 2025 se \u017e\u00e1ci t\u0159\u00eddy 6.A na\u0161\u00ed \u0161koly z\u00fa\u010dastnili akce Den zdrav\u00ed, kter\u00e1 se konala na AGEL St\u0159edn\u00ed zdravotnick\u00e9 \u0161kole v Ostrav\u011b. Tato akce byla sou\u010d\u00e1st\u00ed dlouhodob\u00e9ho projektu zam\u011b\u0159en\u00e9ho na podporu zdrav\u00e9ho \u017eivotn\u00edho stylu a prevenci nemoc\u00ed. B\u011bhem dne m\u011bli \u017e\u00e1ci mo\u017enost sezn\u00e1mit se s r\u016fzn\u00fdmi aspekty zdrav\u00ed a zdravotn\u00ed p\u00e9\u010de. Program zahrnoval&hellip;&nbsp;<a href=\"https:\/\/zszelena42.eu\/2021\/skolni-rok\/2024-2025\/den-zdravi-na-agel-13-kvetna-2025\/\" rel=\"bookmark\">\u010c\u00edst d\u00e1le &raquo;<span class=\"screen-reader-text\">Den zdrav\u00ed na AGEL \u2013 13. kv\u011btna 2025<\/span><\/a><\/p>\n","protected":false},"author":16,"featured_media":39713,"comment_status":"closed","ping_status":"closed","sticky":false,"template":"","format":"standard","meta":{"neve_meta_sidebar":"","neve_meta_container":"","neve_meta_enable_content_width":"","neve_meta_content_width":0,"neve_meta_title_alignment":"","neve_meta_author_avatar":"","neve_post_elements_order":"","neve_meta_disable_header":"","neve_meta_disable_footer":"","neve_meta_disable_title":"","footnotes":""},"categories":[370,389],"tags":[],"class_list":["post-39707","post","type-post","status-publish","format-standard","has-post-thumbnail","hentry","category-2024-2025","category-6-a-24-25"],"_links":{"self":[{"href":"https:\/\/zszelena42.eu\/2021\/wp-json\/wp\/v2\/posts\/39707","targetHints":{"allow":["GET"]}}],"collection":[{"href":"https:\/\/zszelena42.eu\/2021\/wp-json\/wp\/v2\/posts"}],"about":[{"href":"https:\/\/zszelena42.eu\/2021\/wp-json\/wp\/v2\/types\/post"}],"author":[{"embeddable":true,"href":"https:\/\/zszelena42.eu\/2021\/wp-json\/wp\/v2\/users\/16"}],"replies":[{"embeddable":true,"href":"https:\/\/zszelena42.eu\/2021\/wp-json\/wp\/v2\/comments?post=39707"}],"version-history":[{"count":2,"href":"https:\/\/zszelena42.eu\/2021\/wp-json\/wp\/v2\/posts\/39707\/revisions"}],"predecessor-version":[{"id":39715,"href":"https:\/\/zszelena42.eu\/2021\/wp-json\/wp\/v2\/posts\/39707\/revisions\/39715"}],"wp:featuredmedia":[{"embeddable":true,"href":"https:\/\/zszelena42.eu\/2021\/wp-json\/wp\/v2\/media\/39713"}],"wp:attachment":[{"href":"https:\/\/zszelena42.eu\/2021\/wp-json\/wp\/v2\/media?parent=39707"}],"wp:term":[{"taxonomy":"category","embeddable":true,"href":"https:\/\/zszelena42.eu\/2021\/wp-json\/wp\/v2\/categories?post=39707"},{"taxonomy":"post_tag","embeddable":true,"href":"https:\/\/zszelena42.eu\/2021\/wp-json\/wp\/v2\/tags?post=39707"}],"curies":[{"name":"wp","href":"https:\/\/api.w.org\/{rel}","templated":true}]}}