{"id":39472,"date":"2025-05-01T09:34:02","date_gmt":"2025-05-01T08:34:02","guid":{"rendered":"https:\/\/zszelena42.eu\/2021\/?p=39472"},"modified":"2025-05-01T09:34:03","modified_gmt":"2025-05-01T08:34:03","slug":"den-zeme-ve-skolni-druzine","status":"publish","type":"post","link":"https:\/\/zszelena42.eu\/2021\/skolni-rok\/2023-2024\/druzina\/den-zeme-ve-skolni-druzine\/","title":{"rendered":"DEN ZEM\u011a VE \u0160KOLN\u00cd DRU\u017dIN\u011a"},"content":{"rendered":"\n<p>Dne 22.\u00a04.\u00a02025 jsme ve \u0161koln\u00ed dru\u017ein\u011b spole\u010dn\u011b oslavili Den Zem\u011b. Pov\u00eddali jsme si o tom, co na\u0161\u00ed Zemi nejv\u00edce \u0161kod\u00ed a jak\u00fdmi \u010dinnostmi j\u00ed naopak m\u016f\u017eeme pomoci.<\/p>\n\n\n\n<figure class=\"wp-block-image size-large\"><img fetchpriority=\"high\" decoding=\"async\" width=\"1024\" height=\"768\" src=\"https:\/\/zszelena42.eu\/2021\/wp-content\/uploads\/2025\/05\/IMG_9128-1024x768.jpeg\" alt=\"\" class=\"wp-image-39476\" srcset=\"https:\/\/zszelena42.eu\/2021\/wp-content\/uploads\/2025\/05\/IMG_9128-1024x768.jpeg 1024w, https:\/\/zszelena42.eu\/2021\/wp-content\/uploads\/2025\/05\/IMG_9128-500x375.jpeg 500w, https:\/\/zszelena42.eu\/2021\/wp-content\/uploads\/2025\/05\/IMG_9128-200x150.jpeg 200w, https:\/\/zszelena42.eu\/2021\/wp-content\/uploads\/2025\/05\/IMG_9128-768x576.jpeg 768w, https:\/\/zszelena42.eu\/2021\/wp-content\/uploads\/2025\/05\/IMG_9128-1536x1152.jpeg 1536w, https:\/\/zszelena42.eu\/2021\/wp-content\/uploads\/2025\/05\/IMG_9128-2048x1536.jpeg 2048w\" sizes=\"(max-width: 1024px) 100vw, 1024px\" \/><\/figure>\n\n\n\n<figure class=\"wp-block-image size-large\"><img decoding=\"async\" width=\"1024\" height=\"768\" src=\"https:\/\/zszelena42.eu\/2021\/wp-content\/uploads\/2025\/05\/IMG_9131-1024x768.jpeg\" alt=\"\" class=\"wp-image-39477\" srcset=\"https:\/\/zszelena42.eu\/2021\/wp-content\/uploads\/2025\/05\/IMG_9131-1024x768.jpeg 1024w, https:\/\/zszelena42.eu\/2021\/wp-content\/uploads\/2025\/05\/IMG_9131-500x375.jpeg 500w, https:\/\/zszelena42.eu\/2021\/wp-content\/uploads\/2025\/05\/IMG_9131-200x150.jpeg 200w, https:\/\/zszelena42.eu\/2021\/wp-content\/uploads\/2025\/05\/IMG_9131-768x576.jpeg 768w, https:\/\/zszelena42.eu\/2021\/wp-content\/uploads\/2025\/05\/IMG_9131-1536x1152.jpeg 1536w, https:\/\/zszelena42.eu\/2021\/wp-content\/uploads\/2025\/05\/IMG_9131-2048x1536.jpeg 2048w\" sizes=\"(max-width: 1024px) 100vw, 1024px\" \/><\/figure>\n\n\n\n<figure class=\"wp-block-image size-large\"><img decoding=\"async\" width=\"768\" height=\"1024\" src=\"https:\/\/zszelena42.eu\/2021\/wp-content\/uploads\/2025\/05\/IMG_9132-768x1024.jpeg\" alt=\"\" class=\"wp-image-39478\" srcset=\"https:\/\/zszelena42.eu\/2021\/wp-content\/uploads\/2025\/05\/IMG_9132-768x1024.jpeg 768w, https:\/\/zszelena42.eu\/2021\/wp-content\/uploads\/2025\/05\/IMG_9132-375x500.jpeg 375w, https:\/\/zszelena42.eu\/2021\/wp-content\/uploads\/2025\/05\/IMG_9132-150x200.jpeg 150w, https:\/\/zszelena42.eu\/2021\/wp-content\/uploads\/2025\/05\/IMG_9132-1152x1536.jpeg 1152w, https:\/\/zszelena42.eu\/2021\/wp-content\/uploads\/2025\/05\/IMG_9132-1536x2048.jpeg 1536w, https:\/\/zszelena42.eu\/2021\/wp-content\/uploads\/2025\/05\/IMG_9132-scaled.jpeg 1920w\" sizes=\"(max-width: 768px) 100vw, 768px\" \/><\/figure>\n\n\n\n<figure class=\"wp-block-image size-large\"><img loading=\"lazy\" decoding=\"async\" width=\"768\" height=\"1024\" src=\"https:\/\/zszelena42.eu\/2021\/wp-content\/uploads\/2025\/05\/IMG_9125-768x1024.jpeg\" alt=\"\" class=\"wp-image-39475\" srcset=\"https:\/\/zszelena42.eu\/2021\/wp-content\/uploads\/2025\/05\/IMG_9125-768x1024.jpeg 768w, https:\/\/zszelena42.eu\/2021\/wp-content\/uploads\/2025\/05\/IMG_9125-375x500.jpeg 375w, https:\/\/zszelena42.eu\/2021\/wp-content\/uploads\/2025\/05\/IMG_9125-150x200.jpeg 150w, https:\/\/zszelena42.eu\/2021\/wp-content\/uploads\/2025\/05\/IMG_9125-1152x1536.jpeg 1152w, https:\/\/zszelena42.eu\/2021\/wp-content\/uploads\/2025\/05\/IMG_9125-1536x2048.jpeg 1536w, https:\/\/zszelena42.eu\/2021\/wp-content\/uploads\/2025\/05\/IMG_9125-scaled.jpeg 1920w\" sizes=\"(max-width: 768px) 100vw, 768px\" \/><\/figure>\n\n\n\n<figure class=\"wp-block-image size-large\"><img loading=\"lazy\" decoding=\"async\" width=\"768\" height=\"1024\" src=\"https:\/\/zszelena42.eu\/2021\/wp-content\/uploads\/2025\/05\/IMG_9123-768x1024.jpeg\" alt=\"\" class=\"wp-image-39474\" srcset=\"https:\/\/zszelena42.eu\/2021\/wp-content\/uploads\/2025\/05\/IMG_9123-768x1024.jpeg 768w, https:\/\/zszelena42.eu\/2021\/wp-content\/uploads\/2025\/05\/IMG_9123-375x500.jpeg 375w, https:\/\/zszelena42.eu\/2021\/wp-content\/uploads\/2025\/05\/IMG_9123-150x200.jpeg 150w, https:\/\/zszelena42.eu\/2021\/wp-content\/uploads\/2025\/05\/IMG_9123-1152x1536.jpeg 1152w, https:\/\/zszelena42.eu\/2021\/wp-content\/uploads\/2025\/05\/IMG_9123-1536x2048.jpeg 1536w, https:\/\/zszelena42.eu\/2021\/wp-content\/uploads\/2025\/05\/IMG_9123-scaled.jpeg 1920w\" sizes=\"(max-width: 768px) 100vw, 768px\" \/><\/figure>\n\n\n\n<figure class=\"wp-block-image size-large\"><img loading=\"lazy\" decoding=\"async\" width=\"1024\" height=\"768\" src=\"https:\/\/zszelena42.eu\/2021\/wp-content\/uploads\/2025\/05\/IMG_9121-1024x768.jpeg\" alt=\"\" class=\"wp-image-39473\" srcset=\"https:\/\/zszelena42.eu\/2021\/wp-content\/uploads\/2025\/05\/IMG_9121-1024x768.jpeg 1024w, https:\/\/zszelena42.eu\/2021\/wp-content\/uploads\/2025\/05\/IMG_9121-500x375.jpeg 500w, https:\/\/zszelena42.eu\/2021\/wp-content\/uploads\/2025\/05\/IMG_9121-200x150.jpeg 200w, https:\/\/zszelena42.eu\/2021\/wp-content\/uploads\/2025\/05\/IMG_9121-768x576.jpeg 768w, https:\/\/zszelena42.eu\/2021\/wp-content\/uploads\/2025\/05\/IMG_9121-1536x1152.jpeg 1536w, https:\/\/zszelena42.eu\/2021\/wp-content\/uploads\/2025\/05\/IMG_9121-2048x1536.jpeg 2048w\" sizes=\"(max-width: 1024px) 100vw, 1024px\" \/><\/figure>\n","protected":false},"excerpt":{"rendered":"<p>Dne 22.\u00a04.\u00a02025 jsme ve \u0161koln\u00ed dru\u017ein\u011b spole\u010dn\u011b oslavili Den Zem\u011b. Pov\u00eddali jsme si o tom, co na\u0161\u00ed Zemi nejv\u00edce \u0161kod\u00ed a jak\u00fdmi \u010dinnostmi j\u00ed naopak m\u016f\u017eeme pomoci.<\/p>\n","protected":false},"author":56,"featured_media":39475,"comment_status":"closed","ping_status":"closed","sticky":false,"template":"","format":"standard","meta":{"neve_meta_sidebar":"","neve_meta_container":"","neve_meta_enable_content_width":"","neve_meta_content_width":0,"neve_meta_title_alignment":"","neve_meta_author_avatar":"","neve_post_elements_order":"","neve_meta_disable_header":"","neve_meta_disable_footer":"","neve_meta_disable_title":"","footnotes":""},"categories":[370,5,15],"tags":[],"class_list":["post-39472","post","type-post","status-publish","format-standard","has-post-thumbnail","hentry","category-2024-2025","category-druzina","category-motylci"],"_links":{"self":[{"href":"https:\/\/zszelena42.eu\/2021\/wp-json\/wp\/v2\/posts\/39472","targetHints":{"allow":["GET"]}}],"collection":[{"href":"https:\/\/zszelena42.eu\/2021\/wp-json\/wp\/v2\/posts"}],"about":[{"href":"https:\/\/zszelena42.eu\/2021\/wp-json\/wp\/v2\/types\/post"}],"author":[{"embeddable":true,"href":"https:\/\/zszelena42.eu\/2021\/wp-json\/wp\/v2\/users\/56"}],"replies":[{"embeddable":true,"href":"https:\/\/zszelena42.eu\/2021\/wp-json\/wp\/v2\/comments?post=39472"}],"version-history":[{"count":1,"href":"https:\/\/zszelena42.eu\/2021\/wp-json\/wp\/v2\/posts\/39472\/revisions"}],"predecessor-version":[{"id":39479,"href":"https:\/\/zszelena42.eu\/2021\/wp-json\/wp\/v2\/posts\/39472\/revisions\/39479"}],"wp:featuredmedia":[{"embeddable":true,"href":"https:\/\/zszelena42.eu\/2021\/wp-json\/wp\/v2\/media\/39475"}],"wp:attachment":[{"href":"https:\/\/zszelena42.eu\/2021\/wp-json\/wp\/v2\/media?parent=39472"}],"wp:term":[{"taxonomy":"category","embeddable":true,"href":"https:\/\/zszelena42.eu\/2021\/wp-json\/wp\/v2\/categories?post=39472"},{"taxonomy":"post_tag","embeddable":true,"href":"https:\/\/zszelena42.eu\/2021\/wp-json\/wp\/v2\/tags?post=39472"}],"curies":[{"name":"wp","href":"https:\/\/api.w.org\/{rel}","templated":true}]}}