{"id":39167,"date":"2025-04-27T18:42:27","date_gmt":"2025-04-27T17:42:27","guid":{"rendered":"https:\/\/zszelena42.eu\/2021\/?p=39167"},"modified":"2025-05-01T08:14:58","modified_gmt":"2025-05-01T07:14:58","slug":"berusky-%f0%9f%90%9evelikonocni-tvoreni-ve-skolni-druzine","status":"publish","type":"post","link":"https:\/\/zszelena42.eu\/2021\/skolni-rok\/2023-2024\/druzina\/berusky\/berusky-%f0%9f%90%9evelikonocni-tvoreni-ve-skolni-druzine\/","title":{"rendered":"Beru\u0161ky \ud83d\udc1eVelikono\u010dn\u00ed tvo\u0159en\u00ed ve \u0161koln\u00ed dru\u017ein\u011b"},"content":{"rendered":"\n<p>Ve \u0161koln\u00ed dru\u017ein\u011b jsme si vyrobili kr\u00e1sn\u00e9 jarn\u00ed a velikono\u010dn\u00ed dekorace. Prostory dru\u017einy jsme si spole\u010dn\u011b hezky vyzdobili a tak\u00e9 jsme se sezn\u00e1mili s lidov\u00fdmi tradicemi spojen\u00fdmi s v\u00edt\u00e1n\u00edm jara.<\/p>\n\n\n\n<figure class=\"wp-block-image size-full\"><img fetchpriority=\"high\" decoding=\"async\" width=\"750\" height=\"1000\" src=\"https:\/\/zszelena42.eu\/2021\/wp-content\/uploads\/2025\/04\/IMG_20250427_193125.jpg\" alt=\"\" class=\"wp-image-39168\" srcset=\"https:\/\/zszelena42.eu\/2021\/wp-content\/uploads\/2025\/04\/IMG_20250427_193125.jpg 750w, https:\/\/zszelena42.eu\/2021\/wp-content\/uploads\/2025\/04\/IMG_20250427_193125-375x500.jpg 375w, https:\/\/zszelena42.eu\/2021\/wp-content\/uploads\/2025\/04\/IMG_20250427_193125-150x200.jpg 150w\" sizes=\"(max-width: 750px) 100vw, 750px\" \/><\/figure>\n\n\n\n<figure class=\"wp-block-image size-full\"><img decoding=\"async\" width=\"750\" height=\"1000\" src=\"https:\/\/zszelena42.eu\/2021\/wp-content\/uploads\/2025\/04\/IMG_20250427_193139.jpg\" alt=\"\" class=\"wp-image-39169\" srcset=\"https:\/\/zszelena42.eu\/2021\/wp-content\/uploads\/2025\/04\/IMG_20250427_193139.jpg 750w, https:\/\/zszelena42.eu\/2021\/wp-content\/uploads\/2025\/04\/IMG_20250427_193139-375x500.jpg 375w, https:\/\/zszelena42.eu\/2021\/wp-content\/uploads\/2025\/04\/IMG_20250427_193139-150x200.jpg 150w\" sizes=\"(max-width: 750px) 100vw, 750px\" \/><\/figure>\n\n\n\n<figure class=\"wp-block-image size-full\"><img decoding=\"async\" width=\"750\" height=\"563\" src=\"https:\/\/zszelena42.eu\/2021\/wp-content\/uploads\/2025\/04\/IMG_20250427_193155.jpg\" alt=\"\" class=\"wp-image-39170\" srcset=\"https:\/\/zszelena42.eu\/2021\/wp-content\/uploads\/2025\/04\/IMG_20250427_193155.jpg 750w, https:\/\/zszelena42.eu\/2021\/wp-content\/uploads\/2025\/04\/IMG_20250427_193155-500x375.jpg 500w, https:\/\/zszelena42.eu\/2021\/wp-content\/uploads\/2025\/04\/IMG_20250427_193155-200x150.jpg 200w\" sizes=\"(max-width: 750px) 100vw, 750px\" \/><\/figure>\n\n\n\n<figure class=\"wp-block-image size-full\"><img loading=\"lazy\" decoding=\"async\" width=\"750\" height=\"563\" src=\"https:\/\/zszelena42.eu\/2021\/wp-content\/uploads\/2025\/04\/IMG_20250427_193238.jpg\" alt=\"\" class=\"wp-image-39171\" srcset=\"https:\/\/zszelena42.eu\/2021\/wp-content\/uploads\/2025\/04\/IMG_20250427_193238.jpg 750w, https:\/\/zszelena42.eu\/2021\/wp-content\/uploads\/2025\/04\/IMG_20250427_193238-500x375.jpg 500w, https:\/\/zszelena42.eu\/2021\/wp-content\/uploads\/2025\/04\/IMG_20250427_193238-200x150.jpg 200w\" sizes=\"(max-width: 750px) 100vw, 750px\" \/><\/figure>\n\n\n\n<figure class=\"wp-block-image size-full\"><img loading=\"lazy\" decoding=\"async\" width=\"750\" height=\"563\" src=\"https:\/\/zszelena42.eu\/2021\/wp-content\/uploads\/2025\/04\/IMG_20250427_193308.jpg\" alt=\"\" class=\"wp-image-39172\" srcset=\"https:\/\/zszelena42.eu\/2021\/wp-content\/uploads\/2025\/04\/IMG_20250427_193308.jpg 750w, https:\/\/zszelena42.eu\/2021\/wp-content\/uploads\/2025\/04\/IMG_20250427_193308-500x375.jpg 500w, https:\/\/zszelena42.eu\/2021\/wp-content\/uploads\/2025\/04\/IMG_20250427_193308-200x150.jpg 200w\" sizes=\"(max-width: 750px) 100vw, 750px\" \/><\/figure>\n","protected":false},"excerpt":{"rendered":"<p>Ve \u0161koln\u00ed dru\u017ein\u011b jsme si vyrobili kr\u00e1sn\u00e9 jarn\u00ed a velikono\u010dn\u00ed dekorace. Prostory dru\u017einy jsme si spole\u010dn\u011b hezky vyzdobili a tak\u00e9 jsme se sezn\u00e1mili s lidov\u00fdmi tradicemi spojen\u00fdmi s v\u00edt\u00e1n\u00edm jara.<\/p>\n","protected":false},"author":56,"featured_media":39170,"comment_status":"closed","ping_status":"closed","sticky":false,"template":"","format":"standard","meta":{"neve_meta_sidebar":"","neve_meta_container":"","neve_meta_enable_content_width":"","neve_meta_content_width":0,"neve_meta_title_alignment":"","neve_meta_author_avatar":"","neve_post_elements_order":"","neve_meta_disable_header":"","neve_meta_disable_footer":"","neve_meta_disable_title":"","footnotes":""},"categories":[370,300],"tags":[],"class_list":["post-39167","post","type-post","status-publish","format-standard","has-post-thumbnail","hentry","category-2024-2025","category-berusky"],"_links":{"self":[{"href":"https:\/\/zszelena42.eu\/2021\/wp-json\/wp\/v2\/posts\/39167","targetHints":{"allow":["GET"]}}],"collection":[{"href":"https:\/\/zszelena42.eu\/2021\/wp-json\/wp\/v2\/posts"}],"about":[{"href":"https:\/\/zszelena42.eu\/2021\/wp-json\/wp\/v2\/types\/post"}],"author":[{"embeddable":true,"href":"https:\/\/zszelena42.eu\/2021\/wp-json\/wp\/v2\/users\/56"}],"replies":[{"embeddable":true,"href":"https:\/\/zszelena42.eu\/2021\/wp-json\/wp\/v2\/comments?post=39167"}],"version-history":[{"count":1,"href":"https:\/\/zszelena42.eu\/2021\/wp-json\/wp\/v2\/posts\/39167\/revisions"}],"predecessor-version":[{"id":39173,"href":"https:\/\/zszelena42.eu\/2021\/wp-json\/wp\/v2\/posts\/39167\/revisions\/39173"}],"wp:featuredmedia":[{"embeddable":true,"href":"https:\/\/zszelena42.eu\/2021\/wp-json\/wp\/v2\/media\/39170"}],"wp:attachment":[{"href":"https:\/\/zszelena42.eu\/2021\/wp-json\/wp\/v2\/media?parent=39167"}],"wp:term":[{"taxonomy":"category","embeddable":true,"href":"https:\/\/zszelena42.eu\/2021\/wp-json\/wp\/v2\/categories?post=39167"},{"taxonomy":"post_tag","embeddable":true,"href":"https:\/\/zszelena42.eu\/2021\/wp-json\/wp\/v2\/tags?post=39167"}],"curies":[{"name":"wp","href":"https:\/\/api.w.org\/{rel}","templated":true}]}}