{"id":35477,"date":"2024-11-24T13:10:17","date_gmt":"2024-11-24T12:10:17","guid":{"rendered":"https:\/\/zszelena42.eu\/2021\/?p=35477"},"modified":"2024-11-30T13:48:46","modified_gmt":"2024-11-30T12:48:46","slug":"beseda-jsme-jedno-moravske-ucho","status":"publish","type":"post","link":"https:\/\/zszelena42.eu\/2021\/skolni-rok\/2023-2024\/beseda-jsme-jedno-moravske-ucho\/","title":{"rendered":"Beseda &#8211; JsEM jedno (moravsk\u00e9) ucho"},"content":{"rendered":"\n<p>Dne 22. 11. na\u0161\u00ed t\u0159\u00eddu nav\u0161t\u00edvila Veronika a David z organizace Jsem jedno (moravsk\u00e9) ucho, kter\u00e1 se v\u011bnuje lidem se sluchov\u00fdm handikepem. David m\u00e1 voperovan\u00fd kochle\u00e1rn\u00ed implant\u00e1t, za\u0159\u00edzen\u00ed, jeho\u017e \u00fa\u010delem je nahradit lidsk\u00fd sluch. Tento mlad\u00fd kluk n\u00e1s inspiroval sv\u00fdm \u017eivotn\u00edm p\u0159\u00edb\u011bhem, kter\u00fd m\u016f\u017eeme charakterizovat r\u010den\u00edm: ,, Kdy\u017e se chce, v\u0161echno jde.&#8220;<\/p>\n\n\n\n<figure class=\"wp-block-image size-large\"><img fetchpriority=\"high\" decoding=\"async\" width=\"1024\" height=\"771\" src=\"https:\/\/zszelena42.eu\/2021\/wp-content\/uploads\/2024\/11\/IMG_20241122_105144-1024x771.jpg\" alt=\"\" class=\"wp-image-35478\" srcset=\"https:\/\/zszelena42.eu\/2021\/wp-content\/uploads\/2024\/11\/IMG_20241122_105144-1024x771.jpg 1024w, https:\/\/zszelena42.eu\/2021\/wp-content\/uploads\/2024\/11\/IMG_20241122_105144-300x226.jpg 300w, https:\/\/zszelena42.eu\/2021\/wp-content\/uploads\/2024\/11\/IMG_20241122_105144-150x113.jpg 150w, https:\/\/zszelena42.eu\/2021\/wp-content\/uploads\/2024\/11\/IMG_20241122_105144-768x578.jpg 768w, https:\/\/zszelena42.eu\/2021\/wp-content\/uploads\/2024\/11\/IMG_20241122_105144-1536x1157.jpg 1536w, https:\/\/zszelena42.eu\/2021\/wp-content\/uploads\/2024\/11\/IMG_20241122_105144-2048x1542.jpg 2048w\" sizes=\"(max-width: 1024px) 100vw, 1024px\" \/><\/figure>\n","protected":false},"excerpt":{"rendered":"<p>Dne 22. 11. na\u0161\u00ed t\u0159\u00eddu nav\u0161t\u00edvila Veronika a David z organizace Jsem jedno (moravsk\u00e9) ucho, kter\u00e1 se v\u011bnuje lidem se sluchov\u00fdm handikepem. David m\u00e1 voperovan\u00fd kochle\u00e1rn\u00ed implant\u00e1t, za\u0159\u00edzen\u00ed, jeho\u017e \u00fa\u010delem je nahradit lidsk\u00fd sluch. Tento mlad\u00fd kluk n\u00e1s inspiroval sv\u00fdm \u017eivotn\u00edm p\u0159\u00edb\u011bhem, kter\u00fd m\u016f\u017eeme charakterizovat r\u010den\u00edm: ,, Kdy\u017e se chce, v\u0161echno jde.&#8220;<\/p>\n","protected":false},"author":38,"featured_media":35478,"comment_status":"closed","ping_status":"closed","sticky":false,"template":"","format":"standard","meta":{"neve_meta_sidebar":"","neve_meta_container":"","neve_meta_enable_content_width":"","neve_meta_content_width":0,"neve_meta_title_alignment":"","neve_meta_author_avatar":"","neve_post_elements_order":"","neve_meta_disable_header":"","neve_meta_disable_footer":"","neve_meta_disable_title":"","footnotes":""},"categories":[370,388,301],"tags":[],"class_list":["post-35477","post","type-post","status-publish","format-standard","has-post-thumbnail","hentry","category-2024-2025","category-5-c-24-25","category-2023-2024"],"_links":{"self":[{"href":"https:\/\/zszelena42.eu\/2021\/wp-json\/wp\/v2\/posts\/35477","targetHints":{"allow":["GET"]}}],"collection":[{"href":"https:\/\/zszelena42.eu\/2021\/wp-json\/wp\/v2\/posts"}],"about":[{"href":"https:\/\/zszelena42.eu\/2021\/wp-json\/wp\/v2\/types\/post"}],"author":[{"embeddable":true,"href":"https:\/\/zszelena42.eu\/2021\/wp-json\/wp\/v2\/users\/38"}],"replies":[{"embeddable":true,"href":"https:\/\/zszelena42.eu\/2021\/wp-json\/wp\/v2\/comments?post=35477"}],"version-history":[{"count":3,"href":"https:\/\/zszelena42.eu\/2021\/wp-json\/wp\/v2\/posts\/35477\/revisions"}],"predecessor-version":[{"id":35584,"href":"https:\/\/zszelena42.eu\/2021\/wp-json\/wp\/v2\/posts\/35477\/revisions\/35584"}],"wp:featuredmedia":[{"embeddable":true,"href":"https:\/\/zszelena42.eu\/2021\/wp-json\/wp\/v2\/media\/35478"}],"wp:attachment":[{"href":"https:\/\/zszelena42.eu\/2021\/wp-json\/wp\/v2\/media?parent=35477"}],"wp:term":[{"taxonomy":"category","embeddable":true,"href":"https:\/\/zszelena42.eu\/2021\/wp-json\/wp\/v2\/categories?post=35477"},{"taxonomy":"post_tag","embeddable":true,"href":"https:\/\/zszelena42.eu\/2021\/wp-json\/wp\/v2\/tags?post=35477"}],"curies":[{"name":"wp","href":"https:\/\/api.w.org\/{rel}","templated":true}]}}