{"id":3426,"date":"2021-11-02T22:49:20","date_gmt":"2021-11-02T21:49:20","guid":{"rendered":"https:\/\/zszelena42.eu\/2021\/?p=3426"},"modified":"2022-10-23T17:11:24","modified_gmt":"2022-10-23T16:11:24","slug":"dejiny-spolecnost-a-kultura-20-stoleti-v-digitalnich-zdrojich-knihovny-mkc","status":"publish","type":"post","link":"https:\/\/zszelena42.eu\/2021\/2024-2025\/dejiny-spolecnost-a-kultura-20-stoleti-v-digitalnich-zdrojich-knihovny-mkc\/","title":{"rendered":"D\u011bjiny, spole\u010dnost a kultura 20. stolet\u00ed v digit\u00e1ln\u00edch zdroj\u00edch knihovny MKC"},"content":{"rendered":"\n<p>\u017d\u00e1ci dev\u00e1t\u00e9ho ro\u010dn\u00edku se v r\u00e1mci p\u0159edm\u011btu d\u011bjepis pod\u00edlej\u00ed na p\u0159\u00edprav\u011b projektu&nbsp;D\u011bjiny, spole\u010dnost a&nbsp;kultura 20. stolet\u00ed v&nbsp;digit\u00e1ln\u00edch zdroj\u00edch knihovny MKC, ve kter\u00e9m&nbsp;vznikne \u010dty\u0159icet dva v\u00fdukov\u00fdch hodin zam\u011b\u0159en\u00fdch na d\u011bjiny \u010ceskoslovenska v&nbsp;prvn\u00ed polovin\u011b dvac\u00e1t\u00e9ho stolet\u00ed. <\/p>\n\n\n\n<p>Na\u0161i \u017e\u00e1ci se b\u011bhem ov\u011b\u0159ovac\u00ed f\u00e1ze projektu nau\u010d\u00ed vyu\u017e\u00edvat <strong>digit\u00e1ln\u00ed technologie<\/strong>, vyzkou\u0161\u00ed si <strong>kritickou a&nbsp;analytickou pr\u00e1ci se zdroji<\/strong>, budou rozv\u00edjet <strong>medi\u00e1ln\u00ed gramotnost a&nbsp;kritick\u00e9 my\u0161len\u00ed<\/strong>, pos\u00edl\u00ed si <strong>argumenta\u010dn\u00ed, prezenta\u010dn\u00ed, soci\u00e1ln\u00ed a&nbsp;komunika\u010dn\u00ed dovednosti<\/strong> a&nbsp;schopnost spolupracovat, <strong>porozum\u00ed pozic\u00edm r\u016fzn\u00fdch historick\u00fdch akt\u00e9r\u016f <\/strong>a&nbsp;budou rozv\u00edjet <strong>schopnost empatie v\u016f\u010di marginalizovan\u00fdm skupin\u00e1m<\/strong>.<\/p>\n\n\n\n<p><\/p>\n\n\n\n<div id=\"wp-block-themeisle-blocks-slider-65fe8051\" class=\"wp-block-themeisle-blocks-slider glide\" data-per-view=\"1\" data-gap=\"0\" data-peek=\"0\" data-autoplay=\"true\" data-height=\"400px\" data-hide-arrows=\"false\"><div class=\"glide__track\" data-glide-el=\"track\"><div class=\"glide__slides\"><div class=\"wp-block-themeisle-blocks-slider-item-wrapper glide__slide\" tabindex=\"0\"><figure><img decoding=\"async\" class=\"wp-block-themeisle-blocks-slider-item\" src=\"https:\/\/zszelena42.eu\/2021\/wp-content\/uploads\/2021\/11\/20211013_141721-scaled.jpg\" alt=\"\" title=\"\" data-id=\"3427\"><\/figure><\/div><div class=\"wp-block-themeisle-blocks-slider-item-wrapper glide__slide\" tabindex=\"0\"><figure><img decoding=\"async\" class=\"wp-block-themeisle-blocks-slider-item\" src=\"https:\/\/zszelena42.eu\/2021\/wp-content\/uploads\/2021\/11\/20211013_141728-scaled.jpg\" alt=\"\" title=\"\" data-id=\"3428\"><\/figure><\/div><div class=\"wp-block-themeisle-blocks-slider-item-wrapper glide__slide\" tabindex=\"0\"><figure><img decoding=\"async\" class=\"wp-block-themeisle-blocks-slider-item\" src=\"https:\/\/zszelena42.eu\/2021\/wp-content\/uploads\/2021\/11\/20211013_141733-scaled.jpg\" alt=\"\" title=\"\" data-id=\"3429\"><\/figure><\/div><div class=\"wp-block-themeisle-blocks-slider-item-wrapper glide__slide\" tabindex=\"0\"><figure><img decoding=\"async\" class=\"wp-block-themeisle-blocks-slider-item\" src=\"https:\/\/zszelena42.eu\/2021\/wp-content\/uploads\/2021\/11\/20211013_141743-scaled.jpg\" alt=\"\" title=\"\" data-id=\"3430\"><\/figure><\/div><div class=\"wp-block-themeisle-blocks-slider-item-wrapper glide__slide\" tabindex=\"0\"><figure><img decoding=\"async\" class=\"wp-block-themeisle-blocks-slider-item\" src=\"https:\/\/zszelena42.eu\/2021\/wp-content\/uploads\/2021\/11\/20211013_141747-scaled.jpg\" alt=\"\" title=\"\" data-id=\"3431\"><\/figure><\/div><div class=\"wp-block-themeisle-blocks-slider-item-wrapper glide__slide\" tabindex=\"0\"><figure><img decoding=\"async\" class=\"wp-block-themeisle-blocks-slider-item\" src=\"https:\/\/zszelena42.eu\/2021\/wp-content\/uploads\/2021\/11\/20211013_141814-scaled.jpg\" alt=\"\" title=\"\" data-id=\"3432\"><\/figure><\/div><div class=\"wp-block-themeisle-blocks-slider-item-wrapper glide__slide\" tabindex=\"0\"><figure><img decoding=\"async\" class=\"wp-block-themeisle-blocks-slider-item\" src=\"https:\/\/zszelena42.eu\/2021\/wp-content\/uploads\/2021\/11\/20211013_141821-scaled.jpg\" alt=\"\" title=\"\" data-id=\"3433\"><\/figure><\/div><div class=\"wp-block-themeisle-blocks-slider-item-wrapper glide__slide\" tabindex=\"0\"><figure><img decoding=\"async\" class=\"wp-block-themeisle-blocks-slider-item\" src=\"https:\/\/zszelena42.eu\/2021\/wp-content\/uploads\/2021\/11\/20211013_141823-scaled.jpg\" alt=\"\" title=\"\" data-id=\"3434\"><\/figure><\/div><\/div><div class=\"glide__bullets\" data-glide-el=\"controls[nav]\"><button class=\"glide__bullet\" data-glide-dir=\"=0\"><\/button><button class=\"glide__bullet\" data-glide-dir=\"=1\"><\/button><button class=\"glide__bullet\" data-glide-dir=\"=2\"><\/button><button class=\"glide__bullet\" data-glide-dir=\"=3\"><\/button><button class=\"glide__bullet\" data-glide-dir=\"=4\"><\/button><button class=\"glide__bullet\" data-glide-dir=\"=5\"><\/button><button class=\"glide__bullet\" data-glide-dir=\"=6\"><\/button><button class=\"glide__bullet\" data-glide-dir=\"=7\"><\/button><\/div><\/div><\/div>\n","protected":false},"excerpt":{"rendered":"<p>\u017d\u00e1ci dev\u00e1t\u00e9ho ro\u010dn\u00edku se v r\u00e1mci p\u0159edm\u011btu d\u011bjepis pod\u00edlej\u00ed na p\u0159\u00edprav\u011b projektu&nbsp;D\u011bjiny, spole\u010dnost a&nbsp;kultura 20. stolet\u00ed v&nbsp;digit\u00e1ln\u00edch zdroj\u00edch knihovny MKC, ve kter\u00e9m&nbsp;vznikne \u010dty\u0159icet dva v\u00fdukov\u00fdch hodin zam\u011b\u0159en\u00fdch na d\u011bjiny \u010ceskoslovenska v&nbsp;prvn\u00ed polovin\u011b dvac\u00e1t\u00e9ho stolet\u00ed. Na\u0161i \u017e\u00e1ci se b\u011bhem ov\u011b\u0159ovac\u00ed f\u00e1ze projektu nau\u010d\u00ed vyu\u017e\u00edvat digit\u00e1ln\u00ed technologie, vyzkou\u0161\u00ed si kritickou a&nbsp;analytickou pr\u00e1ci se zdroji, budou rozv\u00edjet medi\u00e1ln\u00ed&hellip;&nbsp;<a href=\"https:\/\/zszelena42.eu\/2021\/2024-2025\/dejiny-spolecnost-a-kultura-20-stoleti-v-digitalnich-zdrojich-knihovny-mkc\/\" rel=\"bookmark\">\u010c\u00edst d\u00e1le &raquo;<span class=\"screen-reader-text\">D\u011bjiny, spole\u010dnost a kultura 20. stolet\u00ed v digit\u00e1ln\u00edch zdroj\u00edch knihovny MKC<\/span><\/a><\/p>\n","protected":false},"author":16,"featured_media":3427,"comment_status":"closed","ping_status":"closed","sticky":false,"template":"","format":"standard","meta":{"neve_meta_sidebar":"","neve_meta_container":"","neve_meta_enable_content_width":"","neve_meta_content_width":0,"neve_meta_title_alignment":"","neve_meta_author_avatar":"","neve_post_elements_order":"","neve_meta_disable_header":"","neve_meta_disable_footer":"","neve_meta_disable_title":"","footnotes":""},"categories":[],"tags":[158,264,243],"class_list":["post-3426","post","type-post","status-publish","format-standard","has-post-thumbnail","hentry","tag-de-9ab21-22","tag-dejepis","tag-projekt-mkc"],"_links":{"self":[{"href":"https:\/\/zszelena42.eu\/2021\/wp-json\/wp\/v2\/posts\/3426","targetHints":{"allow":["GET"]}}],"collection":[{"href":"https:\/\/zszelena42.eu\/2021\/wp-json\/wp\/v2\/posts"}],"about":[{"href":"https:\/\/zszelena42.eu\/2021\/wp-json\/wp\/v2\/types\/post"}],"author":[{"embeddable":true,"href":"https:\/\/zszelena42.eu\/2021\/wp-json\/wp\/v2\/users\/16"}],"replies":[{"embeddable":true,"href":"https:\/\/zszelena42.eu\/2021\/wp-json\/wp\/v2\/comments?post=3426"}],"version-history":[{"count":2,"href":"https:\/\/zszelena42.eu\/2021\/wp-json\/wp\/v2\/posts\/3426\/revisions"}],"predecessor-version":[{"id":5537,"href":"https:\/\/zszelena42.eu\/2021\/wp-json\/wp\/v2\/posts\/3426\/revisions\/5537"}],"wp:featuredmedia":[{"embeddable":true,"href":"https:\/\/zszelena42.eu\/2021\/wp-json\/wp\/v2\/media\/3427"}],"wp:attachment":[{"href":"https:\/\/zszelena42.eu\/2021\/wp-json\/wp\/v2\/media?parent=3426"}],"wp:term":[{"taxonomy":"category","embeddable":true,"href":"https:\/\/zszelena42.eu\/2021\/wp-json\/wp\/v2\/categories?post=3426"},{"taxonomy":"post_tag","embeddable":true,"href":"https:\/\/zszelena42.eu\/2021\/wp-json\/wp\/v2\/tags?post=3426"}],"curies":[{"name":"wp","href":"https:\/\/api.w.org\/{rel}","templated":true}]}}