{"id":33910,"date":"2024-09-29T19:00:35","date_gmt":"2024-09-29T18:00:35","guid":{"rendered":"https:\/\/zszelena42.eu\/2021\/?p=33910"},"modified":"2024-09-29T19:02:54","modified_gmt":"2024-09-29T18:02:54","slug":"svatovaclavsky-den","status":"publish","type":"post","link":"https:\/\/zszelena42.eu\/2021\/skolni-rok\/2023-2024\/svatovaclavsky-den\/","title":{"rendered":"Svatov\u00e1clavsk\u00fd den"},"content":{"rendered":"\n<p>V p\u00e1tek cel\u00e1 \u0161kola mohla p\u0159ij\u00edt ve&nbsp;zlat\u00e9m nebo \u017elut\u00e9m oble\u010den\u00ed, pop\u0159\u00edpad\u011b si vz\u00edt zlatou medaili, bro\u017e, korunku apod. Na\u0161e cel\u00e1 t\u0159\u00edda V.&nbsp;A tento \u00fakol splnila na&nbsp;100&nbsp;procent. Nav\u00edc jsme ke&nbsp;SVAT\u00c9MU V\u00c1CLAVOVI m\u011bli i dal\u0161\u00ed zaj\u00edmav\u00e9 aktivity. Mnoho jsme se dozv\u011bd\u011bli, hodn\u011b zopakovali a&nbsp;cel\u00fd den se n\u00e1m moc l\u00edbil.<\/p>\n\n\n\n<figure class=\"wp-block-image size-large\"><img fetchpriority=\"high\" decoding=\"async\" width=\"1024\" height=\"471\" src=\"https:\/\/zszelena42.eu\/2021\/wp-content\/uploads\/2024\/09\/IMG_20240927_111242-1024x471.jpg\" alt=\"\" class=\"wp-image-33911\" srcset=\"https:\/\/zszelena42.eu\/2021\/wp-content\/uploads\/2024\/09\/IMG_20240927_111242-1024x471.jpg 1024w, https:\/\/zszelena42.eu\/2021\/wp-content\/uploads\/2024\/09\/IMG_20240927_111242-300x138.jpg 300w, https:\/\/zszelena42.eu\/2021\/wp-content\/uploads\/2024\/09\/IMG_20240927_111242-150x69.jpg 150w, https:\/\/zszelena42.eu\/2021\/wp-content\/uploads\/2024\/09\/IMG_20240927_111242-768x353.jpg 768w, https:\/\/zszelena42.eu\/2021\/wp-content\/uploads\/2024\/09\/IMG_20240927_111242-1536x707.jpg 1536w, https:\/\/zszelena42.eu\/2021\/wp-content\/uploads\/2024\/09\/IMG_20240927_111242-2048x942.jpg 2048w\" sizes=\"(max-width: 1024px) 100vw, 1024px\" \/><\/figure>\n","protected":false},"excerpt":{"rendered":"<p>V p\u00e1tek cel\u00e1 \u0161kola mohla p\u0159ij\u00edt ve&nbsp;zlat\u00e9m nebo \u017elut\u00e9m oble\u010den\u00ed, pop\u0159\u00edpad\u011b si vz\u00edt zlatou medaili, bro\u017e, korunku apod. Na\u0161e cel\u00e1 t\u0159\u00edda V.&nbsp;A tento \u00fakol splnila na&nbsp;100&nbsp;procent. Nav\u00edc jsme ke&nbsp;SVAT\u00c9MU V\u00c1CLAVOVI m\u011bli i dal\u0161\u00ed zaj\u00edmav\u00e9 aktivity. Mnoho jsme se dozv\u011bd\u011bli, hodn\u011b zopakovali a&nbsp;cel\u00fd den se n\u00e1m moc l\u00edbil.<\/p>\n","protected":false},"author":45,"featured_media":0,"comment_status":"closed","ping_status":"closed","sticky":false,"template":"","format":"standard","meta":{"neve_meta_sidebar":"","neve_meta_container":"","neve_meta_enable_content_width":"","neve_meta_content_width":0,"neve_meta_title_alignment":"","neve_meta_author_avatar":"","neve_post_elements_order":"","neve_meta_disable_header":"","neve_meta_disable_footer":"","neve_meta_disable_title":"","footnotes":""},"categories":[386,301],"tags":[],"class_list":["post-33910","post","type-post","status-publish","format-standard","hentry","category-5-a-24-25","category-2023-2024"],"_links":{"self":[{"href":"https:\/\/zszelena42.eu\/2021\/wp-json\/wp\/v2\/posts\/33910","targetHints":{"allow":["GET"]}}],"collection":[{"href":"https:\/\/zszelena42.eu\/2021\/wp-json\/wp\/v2\/posts"}],"about":[{"href":"https:\/\/zszelena42.eu\/2021\/wp-json\/wp\/v2\/types\/post"}],"author":[{"embeddable":true,"href":"https:\/\/zszelena42.eu\/2021\/wp-json\/wp\/v2\/users\/45"}],"replies":[{"embeddable":true,"href":"https:\/\/zszelena42.eu\/2021\/wp-json\/wp\/v2\/comments?post=33910"}],"version-history":[{"count":2,"href":"https:\/\/zszelena42.eu\/2021\/wp-json\/wp\/v2\/posts\/33910\/revisions"}],"predecessor-version":[{"id":33913,"href":"https:\/\/zszelena42.eu\/2021\/wp-json\/wp\/v2\/posts\/33910\/revisions\/33913"}],"wp:attachment":[{"href":"https:\/\/zszelena42.eu\/2021\/wp-json\/wp\/v2\/media?parent=33910"}],"wp:term":[{"taxonomy":"category","embeddable":true,"href":"https:\/\/zszelena42.eu\/2021\/wp-json\/wp\/v2\/categories?post=33910"},{"taxonomy":"post_tag","embeddable":true,"href":"https:\/\/zszelena42.eu\/2021\/wp-json\/wp\/v2\/tags?post=33910"}],"curies":[{"name":"wp","href":"https:\/\/api.w.org\/{rel}","templated":true}]}}