{"id":31535,"date":"2024-05-26T15:44:21","date_gmt":"2024-05-26T14:44:21","guid":{"rendered":"https:\/\/zszelena42.eu\/2021\/?p=31535"},"modified":"2024-05-26T15:44:22","modified_gmt":"2024-05-26T14:44:22","slug":"party-ve-skolni-druzine%f0%9f%a5%b3","status":"publish","type":"post","link":"https:\/\/zszelena42.eu\/2021\/skolni-rok\/2023-2024\/druzina\/party-ve-skolni-druzine%f0%9f%a5%b3\/","title":{"rendered":"PARTY VE \u0160KOLN\u00cd DRU\u017dIN\u011a\ud83e\udd73"},"content":{"rendered":"\n<p>V\u00e1\u017een\u00ed rodi\u010de,<\/p>\n\n\n\n<p>&nbsp;r\u00e1dy bychom V\u00e1s pozvaly na akci pro&nbsp;d\u011bti&nbsp;a rodi\u010de.<\/p>\n\n\n\n<p><strong>Kdy<\/strong>:\u00a0pond\u011bl\u00ed\u00a0\u00a027.05.2024 od 15:00 do 17:00 h<\/p>\n\n\n\n<p><strong>Kde<\/strong>: na&nbsp;velk\u00e9m&nbsp;h\u0159i\u0161ti&nbsp;(p\u0159i nep\u0159\u00edzni po\u010das\u00ed&nbsp;zru\u0161en\u00ed akce)<\/p>\n\n\n\n<p><strong>Nab\u00eddka<\/strong>:&nbsp;Z\u00e1bavn\u00fd program s&nbsp;DJ Radovanem&nbsp;&#8211; hrazeno z v\u00fdd\u011blku&nbsp;z&nbsp;V\u00e1no\u010dn\u00edho&nbsp;jarmarku<\/p>\n\n\n\n<p><strong>Ob\u010derstven\u00ed<\/strong>&nbsp;bude zaji\u0161t\u011bno soci\u00e1ln\u00ed&nbsp;firmou&nbsp;<strong>Mental Caf\u00e9<\/strong>, kterou m\u016f\u017eete podpo\u0159it sv\u00fdm n\u00e1kupem.<\/p>\n\n\n\n<p><strong>P\u0159ij\u010fte se pobavit a zrelaxovat\u00a0spole\u010dn\u011b s n\u00e1mi a va\u0161imi d\u011btmi.<\/strong><strong>\u00a0P\u0159edstav\u00ed se V\u00e1m i krou\u017eky, kter\u00e9 budou nab\u00edzeny v p\u0159\u00ed\u0161t\u00edm \u0161koln\u00edm roce 2024-2025.<\/strong><\/p>\n\n\n\n<figure class=\"wp-block-image size-large\"><img fetchpriority=\"high\" decoding=\"async\" width=\"817\" height=\"1024\" src=\"https:\/\/zszelena42.eu\/2021\/wp-content\/uploads\/2024\/05\/1000007542-817x1024.jpg\" alt=\"\" class=\"wp-image-31536\" srcset=\"https:\/\/zszelena42.eu\/2021\/wp-content\/uploads\/2024\/05\/1000007542-817x1024.jpg 817w, https:\/\/zszelena42.eu\/2021\/wp-content\/uploads\/2024\/05\/1000007542-239x300.jpg 239w, https:\/\/zszelena42.eu\/2021\/wp-content\/uploads\/2024\/05\/1000007542-120x150.jpg 120w, https:\/\/zszelena42.eu\/2021\/wp-content\/uploads\/2024\/05\/1000007542-768x963.jpg 768w, https:\/\/zszelena42.eu\/2021\/wp-content\/uploads\/2024\/05\/1000007542.jpg 1080w\" sizes=\"(max-width: 817px) 100vw, 817px\" \/><\/figure>\n","protected":false},"excerpt":{"rendered":"<p>V\u00e1\u017een\u00ed rodi\u010de, &nbsp;r\u00e1dy bychom V\u00e1s pozvaly na akci pro&nbsp;d\u011bti&nbsp;a rodi\u010de. Kdy:\u00a0pond\u011bl\u00ed\u00a0\u00a027.05.2024 od 15:00 do 17:00 h Kde: na&nbsp;velk\u00e9m&nbsp;h\u0159i\u0161ti&nbsp;(p\u0159i nep\u0159\u00edzni po\u010das\u00ed&nbsp;zru\u0161en\u00ed akce) Nab\u00eddka:&nbsp;Z\u00e1bavn\u00fd program s&nbsp;DJ Radovanem&nbsp;&#8211; hrazeno z v\u00fdd\u011blku&nbsp;z&nbsp;V\u00e1no\u010dn\u00edho&nbsp;jarmarku Ob\u010derstven\u00ed&nbsp;bude zaji\u0161t\u011bno soci\u00e1ln\u00ed&nbsp;firmou&nbsp;Mental Caf\u00e9, kterou m\u016f\u017eete podpo\u0159it sv\u00fdm n\u00e1kupem. P\u0159ij\u010fte se pobavit a zrelaxovat\u00a0spole\u010dn\u011b s n\u00e1mi a va\u0161imi d\u011btmi.\u00a0P\u0159edstav\u00ed se V\u00e1m i krou\u017eky, kter\u00e9 budou nab\u00edzeny v&hellip;&nbsp;<a href=\"https:\/\/zszelena42.eu\/2021\/skolni-rok\/2023-2024\/druzina\/party-ve-skolni-druzine%f0%9f%a5%b3\/\" rel=\"bookmark\">\u010c\u00edst d\u00e1le &raquo;<span class=\"screen-reader-text\">PARTY VE \u0160KOLN\u00cd DRU\u017dIN\u011a\ud83e\udd73<\/span><\/a><\/p>\n","protected":false},"author":56,"featured_media":31536,"comment_status":"closed","ping_status":"closed","sticky":false,"template":"","format":"standard","meta":{"neve_meta_sidebar":"","neve_meta_container":"","neve_meta_enable_content_width":"","neve_meta_content_width":0,"neve_meta_title_alignment":"","neve_meta_author_avatar":"","neve_post_elements_order":"","neve_meta_disable_header":"","neve_meta_disable_footer":"","neve_meta_disable_title":"","footnotes":""},"categories":[300,5,15,301,31,22,26,30,17],"tags":[],"class_list":["post-31535","post","type-post","status-publish","format-standard","has-post-thumbnail","hentry","category-berusky","category-druzina","category-motylci","category-2023-2024","category-pejsci","category-rybicky","category-slunicka","category-sovicky","category-tucnaci"],"_links":{"self":[{"href":"https:\/\/zszelena42.eu\/2021\/wp-json\/wp\/v2\/posts\/31535","targetHints":{"allow":["GET"]}}],"collection":[{"href":"https:\/\/zszelena42.eu\/2021\/wp-json\/wp\/v2\/posts"}],"about":[{"href":"https:\/\/zszelena42.eu\/2021\/wp-json\/wp\/v2\/types\/post"}],"author":[{"embeddable":true,"href":"https:\/\/zszelena42.eu\/2021\/wp-json\/wp\/v2\/users\/56"}],"replies":[{"embeddable":true,"href":"https:\/\/zszelena42.eu\/2021\/wp-json\/wp\/v2\/comments?post=31535"}],"version-history":[{"count":1,"href":"https:\/\/zszelena42.eu\/2021\/wp-json\/wp\/v2\/posts\/31535\/revisions"}],"predecessor-version":[{"id":31537,"href":"https:\/\/zszelena42.eu\/2021\/wp-json\/wp\/v2\/posts\/31535\/revisions\/31537"}],"wp:featuredmedia":[{"embeddable":true,"href":"https:\/\/zszelena42.eu\/2021\/wp-json\/wp\/v2\/media\/31536"}],"wp:attachment":[{"href":"https:\/\/zszelena42.eu\/2021\/wp-json\/wp\/v2\/media?parent=31535"}],"wp:term":[{"taxonomy":"category","embeddable":true,"href":"https:\/\/zszelena42.eu\/2021\/wp-json\/wp\/v2\/categories?post=31535"},{"taxonomy":"post_tag","embeddable":true,"href":"https:\/\/zszelena42.eu\/2021\/wp-json\/wp\/v2\/tags?post=31535"}],"curies":[{"name":"wp","href":"https:\/\/api.w.org\/{rel}","templated":true}]}}