{"id":31074,"date":"2024-05-12T17:54:22","date_gmt":"2024-05-12T16:54:22","guid":{"rendered":"https:\/\/zszelena42.eu\/2021\/?p=31074"},"modified":"2024-05-12T17:55:43","modified_gmt":"2024-05-12T16:55:43","slug":"farma-zvirat-v-dlo","status":"publish","type":"post","link":"https:\/\/zszelena42.eu\/2021\/skolni-rok\/2023-2024\/farma-zvirat-v-dlo\/","title":{"rendered":"Farma zv\u00ed\u0159at v DlO"},"content":{"rendered":"\n<p>7.5.2024 \u017e\u00e1ci 9.B shl\u00e9dli inscenaci Farma zv\u00ed\u0159at nastudovanou podle stejnojmenn\u00e9ho rom\u00e1nu George Orwella v Divadle loutek Ostrava. <strong>D\u00edlo v sob\u011b i v dne\u0161n\u00ed dob\u011b nese aktu\u00e1ln\u00ed varovn\u00e9 memento.<\/strong><\/p>\n\n\n\n<figure class=\"wp-block-image size-full\"><img fetchpriority=\"high\" decoding=\"async\" width=\"1024\" height=\"602\" src=\"https:\/\/zszelena42.eu\/2021\/wp-content\/uploads\/2024\/05\/IMG_20240507_1124401.jpg\" alt=\"\" class=\"wp-image-31083\" srcset=\"https:\/\/zszelena42.eu\/2021\/wp-content\/uploads\/2024\/05\/IMG_20240507_1124401.jpg 1024w, https:\/\/zszelena42.eu\/2021\/wp-content\/uploads\/2024\/05\/IMG_20240507_1124401-300x176.jpg 300w, https:\/\/zszelena42.eu\/2021\/wp-content\/uploads\/2024\/05\/IMG_20240507_1124401-150x88.jpg 150w, https:\/\/zszelena42.eu\/2021\/wp-content\/uploads\/2024\/05\/IMG_20240507_1124401-768x452.jpg 768w\" sizes=\"(max-width: 1024px) 100vw, 1024px\" \/><\/figure>\n\n\n\n<p><\/p>\n\n\n\n<figure class=\"wp-block-gallery has-nested-images columns-default is-cropped wp-block-gallery-1 is-layout-flex wp-block-gallery-is-layout-flex\">\n<figure class=\"wp-block-image size-large\"><img decoding=\"async\" width=\"768\" height=\"1024\" data-id=\"31081\" src=\"https:\/\/zszelena42.eu\/2021\/wp-content\/uploads\/2024\/05\/IMG_20240508_104547-edited.jpg\" alt=\"\" class=\"wp-image-31081\" srcset=\"https:\/\/zszelena42.eu\/2021\/wp-content\/uploads\/2024\/05\/IMG_20240508_104547-edited.jpg 768w, https:\/\/zszelena42.eu\/2021\/wp-content\/uploads\/2024\/05\/IMG_20240508_104547-edited-225x300.jpg 225w, https:\/\/zszelena42.eu\/2021\/wp-content\/uploads\/2024\/05\/IMG_20240508_104547-edited-113x150.jpg 113w\" sizes=\"(max-width: 768px) 100vw, 768px\" \/><\/figure>\n\n\n\n<figure class=\"wp-block-image size-large\"><img decoding=\"async\" width=\"768\" height=\"1024\" data-id=\"31080\" src=\"https:\/\/zszelena42.eu\/2021\/wp-content\/uploads\/2024\/05\/IMG_20240508_104559-edited-1.jpg\" alt=\"\" class=\"wp-image-31080\" srcset=\"https:\/\/zszelena42.eu\/2021\/wp-content\/uploads\/2024\/05\/IMG_20240508_104559-edited-1.jpg 768w, https:\/\/zszelena42.eu\/2021\/wp-content\/uploads\/2024\/05\/IMG_20240508_104559-edited-1-225x300.jpg 225w, https:\/\/zszelena42.eu\/2021\/wp-content\/uploads\/2024\/05\/IMG_20240508_104559-edited-1-113x150.jpg 113w\" sizes=\"(max-width: 768px) 100vw, 768px\" \/><\/figure>\n\n\n\n<figure class=\"wp-block-image size-large\"><img loading=\"lazy\" decoding=\"async\" width=\"768\" height=\"1024\" data-id=\"31082\" src=\"https:\/\/zszelena42.eu\/2021\/wp-content\/uploads\/2024\/05\/IMG_20240508_104623-edited.jpg\" alt=\"\" class=\"wp-image-31082\" srcset=\"https:\/\/zszelena42.eu\/2021\/wp-content\/uploads\/2024\/05\/IMG_20240508_104623-edited.jpg 768w, https:\/\/zszelena42.eu\/2021\/wp-content\/uploads\/2024\/05\/IMG_20240508_104623-edited-225x300.jpg 225w, https:\/\/zszelena42.eu\/2021\/wp-content\/uploads\/2024\/05\/IMG_20240508_104623-edited-113x150.jpg 113w\" sizes=\"(max-width: 768px) 100vw, 768px\" \/><\/figure>\n<\/figure>\n\n\n\n<p>Anglick\u00fd spisovatel George Orwell (1903-1950) p\u0159edpov\u011bd\u011bl ve sv\u00e9m alegorick\u00e9m a siln\u011b satirick\u00e9m rom\u00e1n\u011b Farma zv\u00ed\u0159at mnoho z ud\u00e1lost\u00ed, kter\u00e9 pozd\u011bji za\u017eily i generace ob\u010dan\u016f \u010deskoslovensk\u00e9ho st\u00e1tu mezi lety 1948 a\u017e 1998 v dob\u011b vl\u00e1dnouc\u00edho komunistick\u00e9ho re\u017eimu. P\u0159\u00edb\u011bh o venkovsk\u00e9 farm\u011b pana Jonse, nad kterou p\u0159evezmou spr\u00e1vu chovan\u00e1 zv\u00ed\u0159ata veden\u00e1 prasaty, nebo\u0165 pr\u00e1v\u011b ta jsou mezi dobytkem i dr\u016fbe\u017e\u00edmi tvory nejinteligentn\u011bj\u0161\u00ed, pat\u0159\u00ed dnes k z\u00e1kladn\u00edm d\u00edl\u016fm sv\u011btov\u00e9 literatury.<\/p>\n\n\n\n<p><\/p>\n","protected":false},"excerpt":{"rendered":"<p>7.5.2024 \u017e\u00e1ci 9.B shl\u00e9dli inscenaci Farma zv\u00ed\u0159at nastudovanou podle stejnojmenn\u00e9ho rom\u00e1nu George Orwella v Divadle loutek Ostrava. D\u00edlo v sob\u011b i v dne\u0161n\u00ed dob\u011b nese aktu\u00e1ln\u00ed varovn\u00e9 memento. Anglick\u00fd spisovatel George Orwell (1903-1950) p\u0159edpov\u011bd\u011bl ve sv\u00e9m alegorick\u00e9m a siln\u011b satirick\u00e9m rom\u00e1n\u011b Farma zv\u00ed\u0159at mnoho z ud\u00e1lost\u00ed, kter\u00e9 pozd\u011bji za\u017eily i generace ob\u010dan\u016f \u010deskoslovensk\u00e9ho st\u00e1tu mezi&hellip;&nbsp;<a href=\"https:\/\/zszelena42.eu\/2021\/skolni-rok\/2023-2024\/farma-zvirat-v-dlo\/\" rel=\"bookmark\">\u010c\u00edst d\u00e1le &raquo;<span class=\"screen-reader-text\">Farma zv\u00ed\u0159at v DlO<\/span><\/a><\/p>\n","protected":false},"author":16,"featured_media":31075,"comment_status":"closed","ping_status":"closed","sticky":false,"template":"","format":"standard","meta":{"neve_meta_sidebar":"","neve_meta_container":"","neve_meta_enable_content_width":"","neve_meta_content_width":0,"neve_meta_title_alignment":"","neve_meta_author_avatar":"","neve_post_elements_order":"","neve_meta_disable_header":"","neve_meta_disable_footer":"","neve_meta_disable_title":"","footnotes":""},"categories":[324,301],"tags":[],"class_list":["post-31074","post","type-post","status-publish","format-standard","has-post-thumbnail","hentry","category-9-b-23-24","category-2023-2024"],"_links":{"self":[{"href":"https:\/\/zszelena42.eu\/2021\/wp-json\/wp\/v2\/posts\/31074","targetHints":{"allow":["GET"]}}],"collection":[{"href":"https:\/\/zszelena42.eu\/2021\/wp-json\/wp\/v2\/posts"}],"about":[{"href":"https:\/\/zszelena42.eu\/2021\/wp-json\/wp\/v2\/types\/post"}],"author":[{"embeddable":true,"href":"https:\/\/zszelena42.eu\/2021\/wp-json\/wp\/v2\/users\/16"}],"replies":[{"embeddable":true,"href":"https:\/\/zszelena42.eu\/2021\/wp-json\/wp\/v2\/comments?post=31074"}],"version-history":[{"count":2,"href":"https:\/\/zszelena42.eu\/2021\/wp-json\/wp\/v2\/posts\/31074\/revisions"}],"predecessor-version":[{"id":31086,"href":"https:\/\/zszelena42.eu\/2021\/wp-json\/wp\/v2\/posts\/31074\/revisions\/31086"}],"wp:featuredmedia":[{"embeddable":true,"href":"https:\/\/zszelena42.eu\/2021\/wp-json\/wp\/v2\/media\/31075"}],"wp:attachment":[{"href":"https:\/\/zszelena42.eu\/2021\/wp-json\/wp\/v2\/media?parent=31074"}],"wp:term":[{"taxonomy":"category","embeddable":true,"href":"https:\/\/zszelena42.eu\/2021\/wp-json\/wp\/v2\/categories?post=31074"},{"taxonomy":"post_tag","embeddable":true,"href":"https:\/\/zszelena42.eu\/2021\/wp-json\/wp\/v2\/tags?post=31074"}],"curies":[{"name":"wp","href":"https:\/\/api.w.org\/{rel}","templated":true}]}}