{"id":29207,"date":"2024-01-29T11:06:31","date_gmt":"2024-01-29T10:06:31","guid":{"rendered":"https:\/\/zszelena42.eu\/2021\/?p=29207"},"modified":"2024-04-01T11:12:01","modified_gmt":"2024-04-01T10:12:01","slug":"vychovny-koncert","status":"publish","type":"post","link":"https:\/\/zszelena42.eu\/2021\/skolni-rok\/2023-2024\/3-a-23-24\/vychovny-koncert\/","title":{"rendered":"v\u00fdchovn\u00fd koncert"},"content":{"rendered":"\n<p>Vyrazili jsme na v\u00fdchovn\u00fd koncert, kter\u00fd si pro n\u00e1s p\u0159ipravila Jan\u00e1\u010dkova filharmonie Ostrava. <\/p>\n\n\n\n<figure class=\"wp-block-gallery has-nested-images columns-1 is-cropped wp-block-gallery-1 is-layout-flex wp-block-gallery-is-layout-flex\">\n<figure class=\"wp-block-image size-large\"><img fetchpriority=\"high\" decoding=\"async\" width=\"1024\" height=\"768\" data-id=\"29208\" src=\"https:\/\/zszelena42.eu\/2021\/wp-content\/uploads\/2024\/04\/IMG_20240129_084217-1024x768.jpg\" alt=\"\" class=\"wp-image-29208\" srcset=\"https:\/\/zszelena42.eu\/2021\/wp-content\/uploads\/2024\/04\/IMG_20240129_084217-1024x768.jpg 1024w, https:\/\/zszelena42.eu\/2021\/wp-content\/uploads\/2024\/04\/IMG_20240129_084217-300x225.jpg 300w, https:\/\/zszelena42.eu\/2021\/wp-content\/uploads\/2024\/04\/IMG_20240129_084217-150x113.jpg 150w, https:\/\/zszelena42.eu\/2021\/wp-content\/uploads\/2024\/04\/IMG_20240129_084217-768x576.jpg 768w, https:\/\/zszelena42.eu\/2021\/wp-content\/uploads\/2024\/04\/IMG_20240129_084217-1536x1152.jpg 1536w, https:\/\/zszelena42.eu\/2021\/wp-content\/uploads\/2024\/04\/IMG_20240129_084217-2048x1536.jpg 2048w\" sizes=\"(max-width: 1024px) 100vw, 1024px\" \/><\/figure>\n\n\n\n<figure class=\"wp-block-image size-large\"><img decoding=\"async\" width=\"1024\" height=\"768\" data-id=\"29209\" src=\"https:\/\/zszelena42.eu\/2021\/wp-content\/uploads\/2024\/04\/IMG_20240129_085445-1024x768.jpg\" alt=\"\" class=\"wp-image-29209\" srcset=\"https:\/\/zszelena42.eu\/2021\/wp-content\/uploads\/2024\/04\/IMG_20240129_085445-1024x768.jpg 1024w, https:\/\/zszelena42.eu\/2021\/wp-content\/uploads\/2024\/04\/IMG_20240129_085445-300x225.jpg 300w, https:\/\/zszelena42.eu\/2021\/wp-content\/uploads\/2024\/04\/IMG_20240129_085445-150x113.jpg 150w, https:\/\/zszelena42.eu\/2021\/wp-content\/uploads\/2024\/04\/IMG_20240129_085445-768x576.jpg 768w, https:\/\/zszelena42.eu\/2021\/wp-content\/uploads\/2024\/04\/IMG_20240129_085445-1536x1152.jpg 1536w, https:\/\/zszelena42.eu\/2021\/wp-content\/uploads\/2024\/04\/IMG_20240129_085445-2048x1536.jpg 2048w\" sizes=\"(max-width: 1024px) 100vw, 1024px\" \/><\/figure>\n\n\n\n<figure class=\"wp-block-image size-large\"><img decoding=\"async\" width=\"1024\" height=\"768\" data-id=\"29210\" src=\"https:\/\/zszelena42.eu\/2021\/wp-content\/uploads\/2024\/04\/IMG_20240129_090737_1-1024x768.jpg\" alt=\"\" class=\"wp-image-29210\" srcset=\"https:\/\/zszelena42.eu\/2021\/wp-content\/uploads\/2024\/04\/IMG_20240129_090737_1-1024x768.jpg 1024w, https:\/\/zszelena42.eu\/2021\/wp-content\/uploads\/2024\/04\/IMG_20240129_090737_1-300x225.jpg 300w, https:\/\/zszelena42.eu\/2021\/wp-content\/uploads\/2024\/04\/IMG_20240129_090737_1-150x113.jpg 150w, https:\/\/zszelena42.eu\/2021\/wp-content\/uploads\/2024\/04\/IMG_20240129_090737_1-768x576.jpg 768w, https:\/\/zszelena42.eu\/2021\/wp-content\/uploads\/2024\/04\/IMG_20240129_090737_1-1536x1152.jpg 1536w, https:\/\/zszelena42.eu\/2021\/wp-content\/uploads\/2024\/04\/IMG_20240129_090737_1-2048x1536.jpg 2048w\" sizes=\"(max-width: 1024px) 100vw, 1024px\" \/><\/figure>\n\n\n\n<figure class=\"wp-block-image size-large\"><img loading=\"lazy\" decoding=\"async\" width=\"1024\" height=\"768\" data-id=\"29211\" src=\"https:\/\/zszelena42.eu\/2021\/wp-content\/uploads\/2024\/04\/IMG_20240129_095048-1024x768.jpg\" alt=\"\" class=\"wp-image-29211\" srcset=\"https:\/\/zszelena42.eu\/2021\/wp-content\/uploads\/2024\/04\/IMG_20240129_095048-1024x768.jpg 1024w, https:\/\/zszelena42.eu\/2021\/wp-content\/uploads\/2024\/04\/IMG_20240129_095048-300x225.jpg 300w, https:\/\/zszelena42.eu\/2021\/wp-content\/uploads\/2024\/04\/IMG_20240129_095048-150x113.jpg 150w, https:\/\/zszelena42.eu\/2021\/wp-content\/uploads\/2024\/04\/IMG_20240129_095048-768x576.jpg 768w, https:\/\/zszelena42.eu\/2021\/wp-content\/uploads\/2024\/04\/IMG_20240129_095048-1536x1152.jpg 1536w, https:\/\/zszelena42.eu\/2021\/wp-content\/uploads\/2024\/04\/IMG_20240129_095048-2048x1536.jpg 2048w\" sizes=\"(max-width: 1024px) 100vw, 1024px\" \/><\/figure>\n<\/figure>\n","protected":false},"excerpt":{"rendered":"<p>Vyrazili jsme na v\u00fdchovn\u00fd koncert, kter\u00fd si pro n\u00e1s p\u0159ipravila Jan\u00e1\u010dkova filharmonie Ostrava.<\/p>\n","protected":false},"author":39,"featured_media":29208,"comment_status":"closed","ping_status":"closed","sticky":false,"template":"","format":"standard","meta":{"neve_meta_sidebar":"","neve_meta_container":"","neve_meta_enable_content_width":"","neve_meta_content_width":0,"neve_meta_title_alignment":"","neve_meta_author_avatar":"","neve_post_elements_order":"","neve_meta_disable_header":"","neve_meta_disable_footer":"","neve_meta_disable_title":"","footnotes":""},"categories":[308],"tags":[330],"class_list":["post-29207","post","type-post","status-publish","format-standard","has-post-thumbnail","hentry","category-3-a-23-24","tag-3-a-23-24"],"_links":{"self":[{"href":"https:\/\/zszelena42.eu\/2021\/wp-json\/wp\/v2\/posts\/29207","targetHints":{"allow":["GET"]}}],"collection":[{"href":"https:\/\/zszelena42.eu\/2021\/wp-json\/wp\/v2\/posts"}],"about":[{"href":"https:\/\/zszelena42.eu\/2021\/wp-json\/wp\/v2\/types\/post"}],"author":[{"embeddable":true,"href":"https:\/\/zszelena42.eu\/2021\/wp-json\/wp\/v2\/users\/39"}],"replies":[{"embeddable":true,"href":"https:\/\/zszelena42.eu\/2021\/wp-json\/wp\/v2\/comments?post=29207"}],"version-history":[{"count":1,"href":"https:\/\/zszelena42.eu\/2021\/wp-json\/wp\/v2\/posts\/29207\/revisions"}],"predecessor-version":[{"id":29212,"href":"https:\/\/zszelena42.eu\/2021\/wp-json\/wp\/v2\/posts\/29207\/revisions\/29212"}],"wp:featuredmedia":[{"embeddable":true,"href":"https:\/\/zszelena42.eu\/2021\/wp-json\/wp\/v2\/media\/29208"}],"wp:attachment":[{"href":"https:\/\/zszelena42.eu\/2021\/wp-json\/wp\/v2\/media?parent=29207"}],"wp:term":[{"taxonomy":"category","embeddable":true,"href":"https:\/\/zszelena42.eu\/2021\/wp-json\/wp\/v2\/categories?post=29207"},{"taxonomy":"post_tag","embeddable":true,"href":"https:\/\/zszelena42.eu\/2021\/wp-json\/wp\/v2\/tags?post=29207"}],"curies":[{"name":"wp","href":"https:\/\/api.w.org\/{rel}","templated":true}]}}