{"id":25885,"date":"2023-12-12T09:14:20","date_gmt":"2023-12-12T08:14:20","guid":{"rendered":"https:\/\/zszelena42.eu\/2021\/?p=25885"},"modified":"2023-12-12T09:14:21","modified_gmt":"2023-12-12T08:14:21","slug":"kavarna-u-dvormena","status":"publish","type":"post","link":"https:\/\/zszelena42.eu\/2021\/skolni-rok\/2023-2024\/8-a-23-24\/kavarna-u-dvormena\/","title":{"rendered":"Kav\u00e1rna u dvo\u0159mena"},"content":{"rendered":"\n<p>Ji\u017e tradi\u010dn\u011b na\u0161e t\u0159\u00edda otev\u0159ela na Adventn\u00ed jarmark kav\u00e1rnu. I letos mus\u00edm v\u0161echny \u017e\u00e1ky a rodi\u010de moc a moc pochv\u00e1lit za skv\u011blou p\u0159\u00edpravu, vzornou obsluhu a prodej. Byli jste \u00fa\u017easn\u00ed\u2026 moc v\u0161em d\u011bkuji. A jak kav\u00e1rna vypadala? To vid\u00edte na p\u0159ilo\u017een\u00fdch fotografi\u00edch.<\/p>\n\n\n\n<figure class=\"wp-block-gallery has-nested-images columns-default is-cropped wp-block-gallery-1 is-layout-flex wp-block-gallery-is-layout-flex\">\n<figure class=\"wp-block-image size-large\"><img fetchpriority=\"high\" decoding=\"async\" width=\"1024\" height=\"576\" data-id=\"25887\" src=\"https:\/\/zszelena42.eu\/2021\/wp-content\/uploads\/2023\/12\/IMG_20231130_145040-1024x576.jpg\" alt=\"\" class=\"wp-image-25887\" srcset=\"https:\/\/zszelena42.eu\/2021\/wp-content\/uploads\/2023\/12\/IMG_20231130_145040-1024x576.jpg 1024w, https:\/\/zszelena42.eu\/2021\/wp-content\/uploads\/2023\/12\/IMG_20231130_145040-300x169.jpg 300w, https:\/\/zszelena42.eu\/2021\/wp-content\/uploads\/2023\/12\/IMG_20231130_145040-150x84.jpg 150w, https:\/\/zszelena42.eu\/2021\/wp-content\/uploads\/2023\/12\/IMG_20231130_145040-768x432.jpg 768w, https:\/\/zszelena42.eu\/2021\/wp-content\/uploads\/2023\/12\/IMG_20231130_145040-1536x864.jpg 1536w, https:\/\/zszelena42.eu\/2021\/wp-content\/uploads\/2023\/12\/IMG_20231130_145040-2048x1152.jpg 2048w\" sizes=\"(max-width: 1024px) 100vw, 1024px\" \/><\/figure>\n\n\n\n<figure class=\"wp-block-image size-large\"><img decoding=\"async\" width=\"1024\" height=\"576\" data-id=\"25886\" src=\"https:\/\/zszelena42.eu\/2021\/wp-content\/uploads\/2023\/12\/IMG_20231130_154052-1024x576.jpg\" alt=\"\" class=\"wp-image-25886\" srcset=\"https:\/\/zszelena42.eu\/2021\/wp-content\/uploads\/2023\/12\/IMG_20231130_154052-1024x576.jpg 1024w, https:\/\/zszelena42.eu\/2021\/wp-content\/uploads\/2023\/12\/IMG_20231130_154052-300x169.jpg 300w, https:\/\/zszelena42.eu\/2021\/wp-content\/uploads\/2023\/12\/IMG_20231130_154052-150x84.jpg 150w, https:\/\/zszelena42.eu\/2021\/wp-content\/uploads\/2023\/12\/IMG_20231130_154052-768x432.jpg 768w, https:\/\/zszelena42.eu\/2021\/wp-content\/uploads\/2023\/12\/IMG_20231130_154052-1536x864.jpg 1536w, https:\/\/zszelena42.eu\/2021\/wp-content\/uploads\/2023\/12\/IMG_20231130_154052-2048x1152.jpg 2048w\" sizes=\"(max-width: 1024px) 100vw, 1024px\" \/><\/figure>\n\n\n\n<figure class=\"wp-block-image size-large\"><img decoding=\"async\" width=\"1024\" height=\"576\" data-id=\"25888\" src=\"https:\/\/zszelena42.eu\/2021\/wp-content\/uploads\/2023\/12\/IMG_20231130_154113-1024x576.jpg\" alt=\"\" class=\"wp-image-25888\" srcset=\"https:\/\/zszelena42.eu\/2021\/wp-content\/uploads\/2023\/12\/IMG_20231130_154113-1024x576.jpg 1024w, https:\/\/zszelena42.eu\/2021\/wp-content\/uploads\/2023\/12\/IMG_20231130_154113-300x169.jpg 300w, https:\/\/zszelena42.eu\/2021\/wp-content\/uploads\/2023\/12\/IMG_20231130_154113-150x84.jpg 150w, https:\/\/zszelena42.eu\/2021\/wp-content\/uploads\/2023\/12\/IMG_20231130_154113-768x432.jpg 768w, https:\/\/zszelena42.eu\/2021\/wp-content\/uploads\/2023\/12\/IMG_20231130_154113-1536x864.jpg 1536w, https:\/\/zszelena42.eu\/2021\/wp-content\/uploads\/2023\/12\/IMG_20231130_154113-2048x1152.jpg 2048w\" sizes=\"(max-width: 1024px) 100vw, 1024px\" \/><\/figure>\n<\/figure>\n","protected":false},"excerpt":{"rendered":"<p>Ji\u017e tradi\u010dn\u011b na\u0161e t\u0159\u00edda otev\u0159ela na Adventn\u00ed jarmark kav\u00e1rnu. I letos mus\u00edm v\u0161echny \u017e\u00e1ky a rodi\u010de moc a moc pochv\u00e1lit za skv\u011blou p\u0159\u00edpravu, vzornou obsluhu a prodej. Byli jste \u00fa\u017easn\u00ed\u2026 moc v\u0161em d\u011bkuji. A jak kav\u00e1rna vypadala? To vid\u00edte na p\u0159ilo\u017een\u00fdch fotografi\u00edch.<\/p>\n","protected":false},"author":35,"featured_media":25887,"comment_status":"closed","ping_status":"closed","sticky":false,"template":"","format":"standard","meta":{"neve_meta_sidebar":"","neve_meta_container":"","neve_meta_enable_content_width":"","neve_meta_content_width":0,"neve_meta_title_alignment":"","neve_meta_author_avatar":"","neve_post_elements_order":"","neve_meta_disable_header":"","neve_meta_disable_footer":"","neve_meta_disable_title":"","footnotes":""},"categories":[321],"tags":[],"class_list":["post-25885","post","type-post","status-publish","format-standard","has-post-thumbnail","hentry","category-8-a-23-24"],"_links":{"self":[{"href":"https:\/\/zszelena42.eu\/2021\/wp-json\/wp\/v2\/posts\/25885","targetHints":{"allow":["GET"]}}],"collection":[{"href":"https:\/\/zszelena42.eu\/2021\/wp-json\/wp\/v2\/posts"}],"about":[{"href":"https:\/\/zszelena42.eu\/2021\/wp-json\/wp\/v2\/types\/post"}],"author":[{"embeddable":true,"href":"https:\/\/zszelena42.eu\/2021\/wp-json\/wp\/v2\/users\/35"}],"replies":[{"embeddable":true,"href":"https:\/\/zszelena42.eu\/2021\/wp-json\/wp\/v2\/comments?post=25885"}],"version-history":[{"count":1,"href":"https:\/\/zszelena42.eu\/2021\/wp-json\/wp\/v2\/posts\/25885\/revisions"}],"predecessor-version":[{"id":25889,"href":"https:\/\/zszelena42.eu\/2021\/wp-json\/wp\/v2\/posts\/25885\/revisions\/25889"}],"wp:featuredmedia":[{"embeddable":true,"href":"https:\/\/zszelena42.eu\/2021\/wp-json\/wp\/v2\/media\/25887"}],"wp:attachment":[{"href":"https:\/\/zszelena42.eu\/2021\/wp-json\/wp\/v2\/media?parent=25885"}],"wp:term":[{"taxonomy":"category","embeddable":true,"href":"https:\/\/zszelena42.eu\/2021\/wp-json\/wp\/v2\/categories?post=25885"},{"taxonomy":"post_tag","embeddable":true,"href":"https:\/\/zszelena42.eu\/2021\/wp-json\/wp\/v2\/tags?post=25885"}],"curies":[{"name":"wp","href":"https:\/\/api.w.org\/{rel}","templated":true}]}}