{"id":2237,"date":"2021-09-29T21:44:19","date_gmt":"2021-09-29T19:44:19","guid":{"rendered":"https:\/\/zszelena42.eu\/2021\/?p=2237"},"modified":"2021-09-29T21:44:20","modified_gmt":"2021-09-29T19:44:20","slug":"zalozka-do-knihy-spojuje-skoly","status":"publish","type":"post","link":"https:\/\/zszelena42.eu\/2021\/skolni-rok\/2021-2022\/1-stupen\/5-b\/zalozka-do-knihy-spojuje-skoly\/","title":{"rendered":"Z\u00e1lo\u017eka do knihy spojuje \u0161koly"},"content":{"rendered":"\n<figure class=\"wp-block-image size-large\"><img fetchpriority=\"high\" decoding=\"async\" width=\"1024\" height=\"769\" src=\"https:\/\/zszelena42.eu\/2021\/wp-content\/uploads\/2021\/09\/IMG_20210924_094439-1024x769.jpg\" alt=\"\" class=\"wp-image-2239\" srcset=\"https:\/\/zszelena42.eu\/2021\/wp-content\/uploads\/2021\/09\/IMG_20210924_094439-1024x769.jpg 1024w, https:\/\/zszelena42.eu\/2021\/wp-content\/uploads\/2021\/09\/IMG_20210924_094439-300x225.jpg 300w, https:\/\/zszelena42.eu\/2021\/wp-content\/uploads\/2021\/09\/IMG_20210924_094439-768x577.jpg 768w, https:\/\/zszelena42.eu\/2021\/wp-content\/uploads\/2021\/09\/IMG_20210924_094439-1536x1153.jpg 1536w, https:\/\/zszelena42.eu\/2021\/wp-content\/uploads\/2021\/09\/IMG_20210924_094439-2048x1538.jpg 2048w\" sizes=\"(max-width: 1024px) 100vw, 1024px\" \/><\/figure>\n\n\n\n<p>Slovensk\u00e1 pedagogick\u00e1 kni\u017enica v\u00a0Bratislave a\u00a0Knihovna Ji\u0159\u00edho Mahena v\u00a0Brn\u011b vyhl\u00e1sily k\u00a0Mezin\u00e1rodn\u00edmu m\u011bs\u00edci \u0161koln\u00edch knihoven 2021\u00a0<em>12. ro\u010dn\u00edk \u010desko-slovensk\u00e9ho projektu\u00a0pro z\u00e1kladn\u00ed \u0161koly a\u00a0osmilet\u00e1 gymn\u00e1zia<\/em>\u00a0<strong>Z\u00e1lo\u017eka do knihy spojuje \u0161koly: Okouzluj\u00edc\u00ed sv\u011bt kni\u017en\u00edch p\u0159\u00edb\u011bh\u016f, poh\u00e1dek a b\u00e1sn\u00ed<\/strong>.\u00a0Tak\u00e9 jsme se spolu s dal\u0161\u00edmi t\u0159\u00eddami na\u0161\u00ed \u0161koly zapojili do tohoto projektu. Vytvo\u0159ili jsme z\u00e1lo\u017eky na\u0161ich obl\u00edben\u00fdch knih.<\/p>\n","protected":false},"excerpt":{"rendered":"<p>Slovensk\u00e1 pedagogick\u00e1 kni\u017enica v\u00a0Bratislave a\u00a0Knihovna Ji\u0159\u00edho Mahena v\u00a0Brn\u011b vyhl\u00e1sily k\u00a0Mezin\u00e1rodn\u00edmu m\u011bs\u00edci \u0161koln\u00edch knihoven 2021\u00a012. ro\u010dn\u00edk \u010desko-slovensk\u00e9ho projektu\u00a0pro z\u00e1kladn\u00ed \u0161koly a\u00a0osmilet\u00e1 gymn\u00e1zia\u00a0Z\u00e1lo\u017eka do knihy spojuje \u0161koly: Okouzluj\u00edc\u00ed sv\u011bt kni\u017en\u00edch p\u0159\u00edb\u011bh\u016f, poh\u00e1dek a b\u00e1sn\u00ed.\u00a0Tak\u00e9 jsme se spolu s dal\u0161\u00edmi t\u0159\u00eddami na\u0161\u00ed \u0161koly zapojili do tohoto projektu. Vytvo\u0159ili jsme z\u00e1lo\u017eky na\u0161ich obl\u00edben\u00fdch knih.<\/p>\n","protected":false},"author":28,"featured_media":2238,"comment_status":"closed","ping_status":"closed","sticky":false,"template":"","format":"standard","meta":{"neve_meta_sidebar":"","neve_meta_container":"","neve_meta_enable_content_width":"","neve_meta_content_width":0,"neve_meta_title_alignment":"","neve_meta_author_avatar":"","neve_post_elements_order":"","neve_meta_disable_header":"","neve_meta_disable_footer":"","neve_meta_disable_title":"","footnotes":""},"categories":[28],"tags":[],"class_list":["post-2237","post","type-post","status-publish","format-standard","has-post-thumbnail","hentry","category-5-b"],"_links":{"self":[{"href":"https:\/\/zszelena42.eu\/2021\/wp-json\/wp\/v2\/posts\/2237","targetHints":{"allow":["GET"]}}],"collection":[{"href":"https:\/\/zszelena42.eu\/2021\/wp-json\/wp\/v2\/posts"}],"about":[{"href":"https:\/\/zszelena42.eu\/2021\/wp-json\/wp\/v2\/types\/post"}],"author":[{"embeddable":true,"href":"https:\/\/zszelena42.eu\/2021\/wp-json\/wp\/v2\/users\/28"}],"replies":[{"embeddable":true,"href":"https:\/\/zszelena42.eu\/2021\/wp-json\/wp\/v2\/comments?post=2237"}],"version-history":[{"count":1,"href":"https:\/\/zszelena42.eu\/2021\/wp-json\/wp\/v2\/posts\/2237\/revisions"}],"predecessor-version":[{"id":2240,"href":"https:\/\/zszelena42.eu\/2021\/wp-json\/wp\/v2\/posts\/2237\/revisions\/2240"}],"wp:featuredmedia":[{"embeddable":true,"href":"https:\/\/zszelena42.eu\/2021\/wp-json\/wp\/v2\/media\/2238"}],"wp:attachment":[{"href":"https:\/\/zszelena42.eu\/2021\/wp-json\/wp\/v2\/media?parent=2237"}],"wp:term":[{"taxonomy":"category","embeddable":true,"href":"https:\/\/zszelena42.eu\/2021\/wp-json\/wp\/v2\/categories?post=2237"},{"taxonomy":"post_tag","embeddable":true,"href":"https:\/\/zszelena42.eu\/2021\/wp-json\/wp\/v2\/tags?post=2237"}],"curies":[{"name":"wp","href":"https:\/\/api.w.org\/{rel}","templated":true}]}}