{"id":22254,"date":"2023-06-27T08:14:20","date_gmt":"2023-06-27T07:14:20","guid":{"rendered":"https:\/\/zszelena42.eu\/2021\/?p=22254"},"modified":"2023-06-27T08:14:21","modified_gmt":"2023-06-27T07:14:21","slug":"knizka-pro-prvnacka-3","status":"publish","type":"post","link":"https:\/\/zszelena42.eu\/2021\/skolni-rok\/2022-2023\/1-b-2022-2023\/knizka-pro-prvnacka-3\/","title":{"rendered":"KN\u00cd\u017dKA PRO PRV\u0147\u00c1\u010cKA"},"content":{"rendered":"\n<p>\u0160kola p\u0159ihl\u00e1sila sv\u00e9 \u017e\u00e1ky do projektu Kn\u00ed\u017eka pro prv\u0148\u00e1\u010dka. Po cel\u00fd rok u\u010ditel\u00e9 pracovali s \u017e\u00e1ky\u00a0 nad r\u00e1mec obvykl\u00fdch \u010dinnost\u00ed. V\u00a0obdob\u00ed od listopadu 2022 do \u010dervna 2023 nav\u0161t\u00edvili prv\u0148\u00e1\u010dci knihovnu, byly uspo\u0159\u00e1d\u00e1ny dal\u0161\u00ed akce vedouc\u00ed k\u00a0rozvoji z\u00e1jmu o\u00a0\u010detbu.<\/p>\n\n\n\n<p>Odm\u011bnou za \u00fasp\u011b\u0161n\u00e9 absolvov\u00e1n\u00ed projektu je pro d\u011bti kn\u00ed\u017eka pro prv\u0148\u00e1\u010dka, p\u016fvodn\u00ed \u010desk\u00e1 novinka, kter\u00e1 byla naps\u00e1na a&nbsp;ilustrov\u00e1na v\u00fdhradn\u011b pro \u00fa\u010dastn\u00edky projektu a&nbsp;kterou nelze v&nbsp;b\u011b\u017en\u00e9 knihkupeck\u00e9 s\u00edti minim\u00e1ln\u011b t\u0159i roky koupit.&nbsp;Ve \u0161koln\u00edm roce 2022\/2023 je to kniha&nbsp;<em>K\u0159e\u010dek v letu<\/em>&nbsp;spisovatelky Zuzany Barilov\u00e9 a&nbsp;<a href=\"https:\/\/ilustrace-marketa-vydrova.estranky.cz\/\" target=\"_blank\" rel=\"noreferrer noopener\">ilustr\u00e1torky Mark\u00e9ty Vydrov\u00e9<\/a>.<\/p>\n\n\n\n<p>V \u00fater\u00fd 27. \u010dervna knihy a \u010dten\u00e1\u0159sk\u00e9 glejty p\u0159edal prv\u0148\u00e1\u010dk\u016fm \u0159editel \u0161koly.&nbsp;<\/p>\n\n\n\n<figure class=\"wp-block-image size-large\"><img fetchpriority=\"high\" decoding=\"async\" width=\"1024\" height=\"576\" src=\"https:\/\/zszelena42.eu\/2021\/wp-content\/uploads\/2023\/06\/DSCF5349-1024x576.jpg\" alt=\"\" class=\"wp-image-22256\" srcset=\"https:\/\/zszelena42.eu\/2021\/wp-content\/uploads\/2023\/06\/DSCF5349-1024x576.jpg 1024w, https:\/\/zszelena42.eu\/2021\/wp-content\/uploads\/2023\/06\/DSCF5349-300x169.jpg 300w, https:\/\/zszelena42.eu\/2021\/wp-content\/uploads\/2023\/06\/DSCF5349-150x84.jpg 150w, https:\/\/zszelena42.eu\/2021\/wp-content\/uploads\/2023\/06\/DSCF5349-768x432.jpg 768w, https:\/\/zszelena42.eu\/2021\/wp-content\/uploads\/2023\/06\/DSCF5349-1536x864.jpg 1536w, https:\/\/zszelena42.eu\/2021\/wp-content\/uploads\/2023\/06\/DSCF5349-2048x1152.jpg 2048w\" sizes=\"(max-width: 1024px) 100vw, 1024px\" \/><\/figure>\n","protected":false},"excerpt":{"rendered":"<p>\u0160kola p\u0159ihl\u00e1sila sv\u00e9 \u017e\u00e1ky do projektu Kn\u00ed\u017eka pro prv\u0148\u00e1\u010dka. Po cel\u00fd rok u\u010ditel\u00e9 pracovali s \u017e\u00e1ky\u00a0 nad r\u00e1mec obvykl\u00fdch \u010dinnost\u00ed. V\u00a0obdob\u00ed od listopadu 2022 do \u010dervna 2023 nav\u0161t\u00edvili prv\u0148\u00e1\u010dci knihovnu, byly uspo\u0159\u00e1d\u00e1ny dal\u0161\u00ed akce vedouc\u00ed k\u00a0rozvoji z\u00e1jmu o\u00a0\u010detbu. Odm\u011bnou za \u00fasp\u011b\u0161n\u00e9 absolvov\u00e1n\u00ed projektu je pro d\u011bti kn\u00ed\u017eka pro prv\u0148\u00e1\u010dka, p\u016fvodn\u00ed \u010desk\u00e1 novinka, kter\u00e1 byla naps\u00e1na&hellip;&nbsp;<a href=\"https:\/\/zszelena42.eu\/2021\/skolni-rok\/2022-2023\/1-b-2022-2023\/knizka-pro-prvnacka-3\/\" rel=\"bookmark\">\u010c\u00edst d\u00e1le &raquo;<span class=\"screen-reader-text\">KN\u00cd\u017dKA PRO PRV\u0147\u00c1\u010cKA<\/span><\/a><\/p>\n","protected":false},"author":28,"featured_media":20309,"comment_status":"closed","ping_status":"closed","sticky":false,"template":"","format":"standard","meta":{"neve_meta_sidebar":"","neve_meta_container":"","neve_meta_enable_content_width":"","neve_meta_content_width":0,"neve_meta_title_alignment":"","neve_meta_author_avatar":"","neve_post_elements_order":"","neve_meta_disable_header":"","neve_meta_disable_footer":"","neve_meta_disable_title":"","footnotes":""},"categories":[211],"tags":[],"class_list":["post-22254","post","type-post","status-publish","format-standard","has-post-thumbnail","hentry","category-1-b-2022-2023"],"_links":{"self":[{"href":"https:\/\/zszelena42.eu\/2021\/wp-json\/wp\/v2\/posts\/22254","targetHints":{"allow":["GET"]}}],"collection":[{"href":"https:\/\/zszelena42.eu\/2021\/wp-json\/wp\/v2\/posts"}],"about":[{"href":"https:\/\/zszelena42.eu\/2021\/wp-json\/wp\/v2\/types\/post"}],"author":[{"embeddable":true,"href":"https:\/\/zszelena42.eu\/2021\/wp-json\/wp\/v2\/users\/28"}],"replies":[{"embeddable":true,"href":"https:\/\/zszelena42.eu\/2021\/wp-json\/wp\/v2\/comments?post=22254"}],"version-history":[{"count":1,"href":"https:\/\/zszelena42.eu\/2021\/wp-json\/wp\/v2\/posts\/22254\/revisions"}],"predecessor-version":[{"id":22257,"href":"https:\/\/zszelena42.eu\/2021\/wp-json\/wp\/v2\/posts\/22254\/revisions\/22257"}],"wp:featuredmedia":[{"embeddable":true,"href":"https:\/\/zszelena42.eu\/2021\/wp-json\/wp\/v2\/media\/20309"}],"wp:attachment":[{"href":"https:\/\/zszelena42.eu\/2021\/wp-json\/wp\/v2\/media?parent=22254"}],"wp:term":[{"taxonomy":"category","embeddable":true,"href":"https:\/\/zszelena42.eu\/2021\/wp-json\/wp\/v2\/categories?post=22254"},{"taxonomy":"post_tag","embeddable":true,"href":"https:\/\/zszelena42.eu\/2021\/wp-json\/wp\/v2\/tags?post=22254"}],"curies":[{"name":"wp","href":"https:\/\/api.w.org\/{rel}","templated":true}]}}