{"id":18761,"date":"2023-03-27T19:48:00","date_gmt":"2023-03-27T18:48:00","guid":{"rendered":"https:\/\/zszelena42.eu\/2021\/?p=18761"},"modified":"2023-03-27T19:48:02","modified_gmt":"2023-03-27T18:48:02","slug":"bo-nam-to-neni-jedno-vize-ostravy","status":"publish","type":"post","link":"https:\/\/zszelena42.eu\/2021\/skolni-rok\/2024-2025\/zakovsky-parlament\/bo-nam-to-neni-jedno-vize-ostravy\/","title":{"rendered":"BO N\u00c1M TO NEN\u00cd JEDNO!!! &#8211; VIZE OSTRAVY"},"content":{"rendered":"\n<figure class=\"wp-block-image size-large\"><img fetchpriority=\"high\" decoding=\"async\" width=\"1024\" height=\"768\" src=\"https:\/\/zszelena42.eu\/2021\/wp-content\/uploads\/2023\/03\/733e9c2b-fb6c-4863-b431-eded01c778b9-1024x768.jpeg\" alt=\"\" class=\"wp-image-18763\" srcset=\"https:\/\/zszelena42.eu\/2021\/wp-content\/uploads\/2023\/03\/733e9c2b-fb6c-4863-b431-eded01c778b9-1024x768.jpeg 1024w, https:\/\/zszelena42.eu\/2021\/wp-content\/uploads\/2023\/03\/733e9c2b-fb6c-4863-b431-eded01c778b9-300x225.jpeg 300w, https:\/\/zszelena42.eu\/2021\/wp-content\/uploads\/2023\/03\/733e9c2b-fb6c-4863-b431-eded01c778b9-768x576.jpeg 768w, https:\/\/zszelena42.eu\/2021\/wp-content\/uploads\/2023\/03\/733e9c2b-fb6c-4863-b431-eded01c778b9-1536x1152.jpeg 1536w, https:\/\/zszelena42.eu\/2021\/wp-content\/uploads\/2023\/03\/733e9c2b-fb6c-4863-b431-eded01c778b9.jpeg 1544w\" sizes=\"(max-width: 1024px) 100vw, 1024px\" \/><\/figure>\n\n\n\n<p>Dne 27. 3. 2023 prob\u011bhlo dal\u0161\u00ed ze setk\u00e1n\u00ed \u017e\u00e1kovsk\u00fdch parlament\u016f v r\u00e1mci projektu &#8222;Bo n\u00e1m to nen\u00ed jedno!!!&#8220;, tentokr\u00e1t s podn\u00e1zvem &#8222;Vize Ostravy&#8220;. Setk\u00e1n\u00ed organizoval Parlament d\u011bt\u00ed a ml\u00e1de\u017ee m\u011bsta Ostravy ve spolupr\u00e1ci s\u00a0odd\u011blen\u00edm strategick\u00e9ho pl\u00e1nov\u00e1n\u00ed Magistr\u00e1tu m\u011bsta Ostravy a SV\u010c Korunka. Tohoto setk\u00e1n\u00ed se \u00fa\u010dastnilo 17 ostravsk\u00fdch z\u00e1kladn\u00edch \u0161kol, konkr\u00e9tn\u011b dva z\u00e1stupci \u017e\u00e1kovsk\u00fdch parlament\u016f z ka\u017ed\u00e9 \u0161koly a jejich koordin\u00e1tor. Za na\u0161i \u0161kolu se setk\u00e1n\u00ed z\u00fa\u010dastnily Emma P\u011b\u010donkov\u00e1 ze 6.B a Ester Kaimov\u00e1 ze 6.A.<\/p>\n\n\n\n<p>V\u0161ichni byli velice aktivn\u011b zapojeni do cel\u00e9ho\u00a0programu, ten byl zam\u011b\u0159en na strategick\u00fd dokument Fajnova. V prvn\u00ed \u010d\u00e1sti byl strategick\u00fd dokument p\u0159edstaven, v\u0161ichni z\u00fa\u010dastn\u011bn\u00ed se dozv\u011bd\u011bli informace o metod\u00e1ch tvorby strategick\u00e9ho pl\u00e1nu, byly jim p\u0159edstaveny st\u011b\u017eejn\u00ed c\u00edle a projekty, kter\u00e9 jsou zaneseny v sou\u010dasn\u00e9m strategick\u00e9m pl\u00e1nu. V roce 2023 tento st\u00e1vaj\u00edc\u00ed strategick\u00fd dokument kon\u010d\u00ed a nov\u00fd navazuj\u00edc\u00ed se p\u0159ipravuje. Pr\u00e1v\u011b z\u00e1kladn\u00ed \u0161koly byly touto akc\u00ed zapojeny do tvorby strategick\u00e9ho pl\u00e1nu, kdy\u017e na setk\u00e1n\u00ed vyplnily nejprve dotazn\u00edk spokojenosti se \u017eivotem v Ostrav\u011b a pot\u00e9 se zapojili do dal\u0161\u00edch aktivit. Do dotazn\u00edku se st\u00e1le m\u016f\u017ee zapojit \u0161irok\u00e1 ve\u0159ejnost.\u00a0K dispozici zde:\u00a0<a rel=\"noreferrer noopener\" href=\"https:\/\/fajnova.cz\/\" target=\"_blank\">https:\/\/fajnova.cz\/<\/a>\u00a0(pros\u00edme o sd\u00edlen\u00ed). Dal\u0161\u00ed aktivitou byla pocitov\u00e1 mapa, na kter\u00e9 \u00fa\u010dastn\u00edci zaznamen\u00e1vali m\u00edsta, kde se c\u00edt\u00ed spokojen\u011b, kter\u00e1 se jim nel\u00edb\u00ed, kde by \u017e\u00e1dali zm\u011bnu a kam by pozvali n\u00e1v\u0161t\u011bvu. Pot\u00e9 se z\u00e1stupci \u017e\u00e1kovsk\u00fdch parlament\u016f v\u017eili do rol\u00ed ob\u010dan\u016f Ostravy s r\u016fzn\u00fdmi charakteristikami a pozicemi. V r\u00e1mci t\u00e9to rolov\u00e9 hry m\u011bli ob\u010dan\u00e9 za \u00fakol podpo\u0159it finan\u010dn\u011b realizaci projekt\u016f, kter\u00e9 se jim l\u00edbili, m\u011bli v\u0161ak omezen\u00fd rozpo\u010det. Paraleln\u011b s rolovou hrou prob\u00edhal strukturovan\u00fd rozhovor s koordin\u00e1tory \u017e\u00e1kovsk\u00fdch parlament\u016f, kte\u0159\u00ed tak m\u011bli mo\u017enost se vyj\u00e1d\u0159it k Ostrav\u011b, k tomu co se jim l\u00edb\u00ed, co se jim nel\u00edb\u00ed a jakou by Ostravu cht\u011bli. Ostravu v budoucnosti si p\u0159edstavovali i z\u00e1stupci \u017e\u00e1kovsk\u00fdch parlament\u016f, konkr\u00e9tn\u011b v roce 2040. V z\u00e1v\u011bre\u010dn\u00e9 \u017e\u00e1ci vytv\u00e1\u0159eli novinov\u00fd \u010dl\u00e1nek, nebo instagramov\u00fd p\u0159\u00edsp\u011bvek s titulkem o Ostrav\u011b v roce 2040. <\/p>\n\n\n\n<p>PDMMO ji\u017e nyn\u00ed p\u0159ipravuje dal\u0161\u00ed aktivity nejen v r\u00e1mci projektu &#8222;Bo n\u00e1m to nen\u00ed jedno!!!&#8220;. Pro informace o aktivit\u00e1ch sledujte soci\u00e1ln\u00ed s\u00edt\u011b &#8211;\u00a0<a rel=\"noreferrer noopener\" href=\"https:\/\/www.instagram.com\/parlament_ostrava\/\" target=\"_blank\">Instagram<\/a>\u00a0a\u00a0<a rel=\"noreferrer noopener\" href=\"https:\/\/www.facebook.com\/ParlamentDetiAMladezeMestaOstravy\/?locale=cs_CZ%20--\" target=\"_blank\">Facebook<\/a>.\u00a0<\/p>\n\n\n\n<figure class=\"wp-block-image size-large\"><img decoding=\"async\" width=\"1024\" height=\"768\" src=\"https:\/\/zszelena42.eu\/2021\/wp-content\/uploads\/2023\/03\/1ff5a153-13ed-4f3f-9332-38ebc0a8d8ef-1024x768.jpeg\" alt=\"\" class=\"wp-image-18762\" srcset=\"https:\/\/zszelena42.eu\/2021\/wp-content\/uploads\/2023\/03\/1ff5a153-13ed-4f3f-9332-38ebc0a8d8ef-1024x768.jpeg 1024w, https:\/\/zszelena42.eu\/2021\/wp-content\/uploads\/2023\/03\/1ff5a153-13ed-4f3f-9332-38ebc0a8d8ef-300x225.jpeg 300w, https:\/\/zszelena42.eu\/2021\/wp-content\/uploads\/2023\/03\/1ff5a153-13ed-4f3f-9332-38ebc0a8d8ef-768x576.jpeg 768w, https:\/\/zszelena42.eu\/2021\/wp-content\/uploads\/2023\/03\/1ff5a153-13ed-4f3f-9332-38ebc0a8d8ef-1536x1152.jpeg 1536w, https:\/\/zszelena42.eu\/2021\/wp-content\/uploads\/2023\/03\/1ff5a153-13ed-4f3f-9332-38ebc0a8d8ef.jpeg 1696w\" sizes=\"(max-width: 1024px) 100vw, 1024px\" \/><\/figure>\n","protected":false},"excerpt":{"rendered":"<p>Dne 27. 3. 2023 prob\u011bhlo dal\u0161\u00ed ze setk\u00e1n\u00ed \u017e\u00e1kovsk\u00fdch parlament\u016f v r\u00e1mci projektu &#8222;Bo n\u00e1m to nen\u00ed jedno!!!&#8220;, tentokr\u00e1t s podn\u00e1zvem &#8222;Vize Ostravy&#8220;. Setk\u00e1n\u00ed organizoval Parlament d\u011bt\u00ed a ml\u00e1de\u017ee m\u011bsta Ostravy ve spolupr\u00e1ci s\u00a0odd\u011blen\u00edm strategick\u00e9ho pl\u00e1nov\u00e1n\u00ed Magistr\u00e1tu m\u011bsta Ostravy a SV\u010c Korunka. Tohoto setk\u00e1n\u00ed se \u00fa\u010dastnilo 17 ostravsk\u00fdch z\u00e1kladn\u00edch \u0161kol, konkr\u00e9tn\u011b dva z\u00e1stupci \u017e\u00e1kovsk\u00fdch parlament\u016f&hellip;&nbsp;<a href=\"https:\/\/zszelena42.eu\/2021\/skolni-rok\/2024-2025\/zakovsky-parlament\/bo-nam-to-neni-jedno-vize-ostravy\/\" rel=\"bookmark\">\u010c\u00edst d\u00e1le &raquo;<span class=\"screen-reader-text\">BO N\u00c1M TO NEN\u00cd JEDNO!!! &#8211; VIZE OSTRAVY<\/span><\/a><\/p>\n","protected":false},"author":37,"featured_media":18764,"comment_status":"closed","ping_status":"closed","sticky":false,"template":"","format":"standard","meta":{"neve_meta_sidebar":"","neve_meta_container":"","neve_meta_enable_content_width":"","neve_meta_content_width":0,"neve_meta_title_alignment":"","neve_meta_author_avatar":"","neve_post_elements_order":"","neve_meta_disable_header":"","neve_meta_disable_footer":"","neve_meta_disable_title":"","footnotes":""},"categories":[173],"tags":[277],"class_list":["post-18761","post","type-post","status-publish","format-standard","has-post-thumbnail","hentry","category-zakovsky-parlament","tag-zakovsky-parlament-22-23-2"],"_links":{"self":[{"href":"https:\/\/zszelena42.eu\/2021\/wp-json\/wp\/v2\/posts\/18761","targetHints":{"allow":["GET"]}}],"collection":[{"href":"https:\/\/zszelena42.eu\/2021\/wp-json\/wp\/v2\/posts"}],"about":[{"href":"https:\/\/zszelena42.eu\/2021\/wp-json\/wp\/v2\/types\/post"}],"author":[{"embeddable":true,"href":"https:\/\/zszelena42.eu\/2021\/wp-json\/wp\/v2\/users\/37"}],"replies":[{"embeddable":true,"href":"https:\/\/zszelena42.eu\/2021\/wp-json\/wp\/v2\/comments?post=18761"}],"version-history":[{"count":1,"href":"https:\/\/zszelena42.eu\/2021\/wp-json\/wp\/v2\/posts\/18761\/revisions"}],"predecessor-version":[{"id":18765,"href":"https:\/\/zszelena42.eu\/2021\/wp-json\/wp\/v2\/posts\/18761\/revisions\/18765"}],"wp:featuredmedia":[{"embeddable":true,"href":"https:\/\/zszelena42.eu\/2021\/wp-json\/wp\/v2\/media\/18764"}],"wp:attachment":[{"href":"https:\/\/zszelena42.eu\/2021\/wp-json\/wp\/v2\/media?parent=18761"}],"wp:term":[{"taxonomy":"category","embeddable":true,"href":"https:\/\/zszelena42.eu\/2021\/wp-json\/wp\/v2\/categories?post=18761"},{"taxonomy":"post_tag","embeddable":true,"href":"https:\/\/zszelena42.eu\/2021\/wp-json\/wp\/v2\/tags?post=18761"}],"curies":[{"name":"wp","href":"https:\/\/api.w.org\/{rel}","templated":true}]}}