{"id":18729,"date":"2023-03-27T10:32:23","date_gmt":"2023-03-27T09:32:23","guid":{"rendered":"https:\/\/zszelena42.eu\/2021\/?p=18729"},"modified":"2023-08-28T09:56:33","modified_gmt":"2023-08-28T08:56:33","slug":"divadlo-loutek-ostrava","status":"publish","type":"post","link":"https:\/\/zszelena42.eu\/2021\/skolni-rok\/2022-2023\/divadlo-loutek-ostrava\/","title":{"rendered":"DIvadlo loutek ostrava"},"content":{"rendered":"\n<p>Dne 24. 3. jsme nav\u0161t\u00edvili Divadlo loutek v Ostrav\u011b. P\u0159edstaven\u00ed m\u011blo n\u00e1zev My\u0161i pat\u0159\u00ed do nebe. Odn\u00e1\u0161\u00edme si pocit, jak\u00e9 by to bylo skv\u011bl\u00e9, kdyby i pred\u00e1tor a jeho ko\u0159ist mohli b\u00fdt kamar\u00e1di. Proto\u017ee v nebi, tam je v\u0161echno mo\u017en\u00e9.<\/p>\n\n\n\n<div class=\"wp-block-uagb-image uagb-block-2ab444c1 wp-block-uagb-image--layout-default wp-block-uagb-image--effect-static wp-block-uagb-image--align-none\"><figure class=\"wp-block-uagb-image__figure\"><img decoding=\"async\" src=\"https:\/\/zszelena42.eu\/2021\/wp-content\/uploads\/2023\/03\/IMG_20230324_101504_850-1024x768.jpg\" alt=\"\" class=\"uag-image-18731\" width=\"\" height=\"\" title=\"\" loading=\"lazy\" \/><\/figure><\/div>\n\n\n\n<div class=\"wp-block-uagb-image uagb-block-6a5928a1 wp-block-uagb-image--layout-default wp-block-uagb-image--effect-static wp-block-uagb-image--align-none\"><figure class=\"wp-block-uagb-image__figure\"><img decoding=\"async\" src=\"https:\/\/zszelena42.eu\/2021\/wp-content\/uploads\/2023\/03\/IMG_20230324_102358_253-1024x768.jpg\" alt=\"\" class=\"uag-image-18732\" width=\"\" height=\"\" title=\"\" loading=\"lazy\" \/><\/figure><\/div>\n\n\n\n<div class=\"wp-block-uagb-google-map uagb-google-map__wrap uagb-block-6e108604\"><\/div>\n\n\n\n<div class=\"wp-block-uagb-google-map uagb-google-map__wrap uagb-block-054dc972\"><\/div>\n","protected":false},"excerpt":{"rendered":"<p>Dne 24. 3. jsme nav\u0161t\u00edvili Divadlo loutek v Ostrav\u011b. P\u0159edstaven\u00ed m\u011blo n\u00e1zev My\u0161i pat\u0159\u00ed do nebe. Odn\u00e1\u0161\u00edme si pocit, jak\u00e9 by to bylo skv\u011bl\u00e9, kdyby i pred\u00e1tor a jeho ko\u0159ist mohli b\u00fdt kamar\u00e1di. Proto\u017ee v nebi, tam je v\u0161echno mo\u017en\u00e9.<\/p>\n","protected":false},"author":38,"featured_media":18731,"comment_status":"closed","ping_status":"closed","sticky":false,"template":"","format":"standard","meta":{"neve_meta_sidebar":"","neve_meta_container":"","neve_meta_enable_content_width":"","neve_meta_content_width":0,"neve_meta_title_alignment":"","neve_meta_author_avatar":"","neve_post_elements_order":"","neve_meta_disable_header":"","neve_meta_disable_footer":"","neve_meta_disable_title":"","footnotes":""},"categories":[217,208],"tags":[],"class_list":["post-18729","post","type-post","status-publish","format-standard","has-post-thumbnail","hentry","category-3-c-2022-2023","category-2022-2023"],"_links":{"self":[{"href":"https:\/\/zszelena42.eu\/2021\/wp-json\/wp\/v2\/posts\/18729","targetHints":{"allow":["GET"]}}],"collection":[{"href":"https:\/\/zszelena42.eu\/2021\/wp-json\/wp\/v2\/posts"}],"about":[{"href":"https:\/\/zszelena42.eu\/2021\/wp-json\/wp\/v2\/types\/post"}],"author":[{"embeddable":true,"href":"https:\/\/zszelena42.eu\/2021\/wp-json\/wp\/v2\/users\/38"}],"replies":[{"embeddable":true,"href":"https:\/\/zszelena42.eu\/2021\/wp-json\/wp\/v2\/comments?post=18729"}],"version-history":[{"count":3,"href":"https:\/\/zszelena42.eu\/2021\/wp-json\/wp\/v2\/posts\/18729\/revisions"}],"predecessor-version":[{"id":23024,"href":"https:\/\/zszelena42.eu\/2021\/wp-json\/wp\/v2\/posts\/18729\/revisions\/23024"}],"wp:featuredmedia":[{"embeddable":true,"href":"https:\/\/zszelena42.eu\/2021\/wp-json\/wp\/v2\/media\/18731"}],"wp:attachment":[{"href":"https:\/\/zszelena42.eu\/2021\/wp-json\/wp\/v2\/media?parent=18729"}],"wp:term":[{"taxonomy":"category","embeddable":true,"href":"https:\/\/zszelena42.eu\/2021\/wp-json\/wp\/v2\/categories?post=18729"},{"taxonomy":"post_tag","embeddable":true,"href":"https:\/\/zszelena42.eu\/2021\/wp-json\/wp\/v2\/tags?post=18729"}],"curies":[{"name":"wp","href":"https:\/\/api.w.org\/{rel}","templated":true}]}}