{"id":17190,"date":"2023-01-29T20:40:13","date_gmt":"2023-01-29T19:40:13","guid":{"rendered":"https:\/\/zszelena42.eu\/2021\/?p=17190"},"modified":"2023-01-29T21:12:31","modified_gmt":"2023-01-29T20:12:31","slug":"mezinarodni-den-pamatky-obeti-holocaustu-projekt-krokus","status":"publish","type":"post","link":"https:\/\/zszelena42.eu\/2021\/skolni-rok\/2022-2023\/9-a\/mezinarodni-den-pamatky-obeti-holocaustu-projekt-krokus\/","title":{"rendered":"Mezin\u00e1rodn\u00ed den pam\u00e1tky ob\u011bt\u00ed holocaustu &#8211; Projekt Krokus"},"content":{"rendered":"\n<figure class=\"wp-block-image size-large\"><img fetchpriority=\"high\" decoding=\"async\" width=\"1024\" height=\"452\" src=\"https:\/\/zszelena42.eu\/2021\/wp-content\/uploads\/2023\/01\/soa-krokus-1024x452.png\" alt=\"\" class=\"wp-image-17191\" srcset=\"https:\/\/zszelena42.eu\/2021\/wp-content\/uploads\/2023\/01\/soa-krokus-1024x452.png 1024w, https:\/\/zszelena42.eu\/2021\/wp-content\/uploads\/2023\/01\/soa-krokus-300x132.png 300w, https:\/\/zszelena42.eu\/2021\/wp-content\/uploads\/2023\/01\/soa-krokus-768x339.png 768w, https:\/\/zszelena42.eu\/2021\/wp-content\/uploads\/2023\/01\/soa-krokus-1536x678.png 1536w, https:\/\/zszelena42.eu\/2021\/wp-content\/uploads\/2023\/01\/soa-krokus-2048x904.png 2048w\" sizes=\"(max-width: 1024px) 100vw, 1024px\" \/><\/figure>\n\n\n\n<p>Na\u0161e \u0161kola se i v tomto \u0161koln\u00edm roce \u00fa\u010dastn\u00ed projektu irsk\u00e9 organizace HETI ve spolupr\u00e1ci s Odd\u011blen\u00edm pro vzd\u011bl\u00e1v\u00e1n\u00ed a kulturu \u017didovsk\u00e9ho muzea v Praze.<\/p>\n\n\n\n<p>HETI \u0161kol\u00e1m zdarma poskytla cibulky \u017elut\u00fdch krokus\u016f, kter\u00e9 <strong>\u017e\u00e1ci dev\u00e1t\u00e9ho ro\u010dn\u00edku<\/strong> na podzim zasadili ve tvaru Davidovy hv\u011bzdy v are\u00e1lu na\u0161\u00ed \u0161koly <strong>jako p\u0159ipom\u00ednku jednoho a p\u016fl milionu \u017eidovsk\u00fdch d\u011bt\u00ed a tis\u00edc\u016f dal\u0161\u00edch d\u011bt\u00ed, jen\u017e zem\u0159ely b\u011bhem \u0161oa<\/strong>. \u017dlut\u00e1 barva vykvetl\u00fdch krokus\u016f p\u0159ipom\u00edn\u00e1 hv\u011bzdu, je\u017e byli \u017did\u00e9 nuceni b\u011bhem nacistick\u00e9 vl\u00e1dy nosit. V ide\u00e1ln\u00edch podm\u00ednk\u00e1ch cibulky krokus\u016f vykvetou na konci ledna nebo na za\u010d\u00e1tku \u00fanora \u2013 kolem <strong>Mezin\u00e1rodn\u00edho dne pam\u00e1tky ob\u011bt\u00ed holocaustu (27. ledna)<\/strong>. Na sn\u00edmc\u00edch n\u00ed\u017ee lze ji\u017e vid\u011bt <strong>po\u010d\u00e1tek r\u016fstu krokus\u016f<\/strong>.<\/p>\n\n\n\n<figure class=\"wp-block-gallery has-nested-images columns-default is-cropped wp-block-gallery-1 is-layout-flex wp-block-gallery-is-layout-flex\">\n<figure class=\"wp-block-image size-large\"><img decoding=\"async\" width=\"1024\" height=\"768\" data-id=\"17193\" src=\"https:\/\/zszelena42.eu\/2021\/wp-content\/uploads\/2023\/01\/1675019560942-1024x768.jpg\" alt=\"\" class=\"wp-image-17193\" srcset=\"https:\/\/zszelena42.eu\/2021\/wp-content\/uploads\/2023\/01\/1675019560942-1024x768.jpg 1024w, https:\/\/zszelena42.eu\/2021\/wp-content\/uploads\/2023\/01\/1675019560942-300x225.jpg 300w, https:\/\/zszelena42.eu\/2021\/wp-content\/uploads\/2023\/01\/1675019560942-768x576.jpg 768w, https:\/\/zszelena42.eu\/2021\/wp-content\/uploads\/2023\/01\/1675019560942-1536x1152.jpg 1536w, https:\/\/zszelena42.eu\/2021\/wp-content\/uploads\/2023\/01\/1675019560942-2048x1536.jpg 2048w\" sizes=\"(max-width: 1024px) 100vw, 1024px\" \/><\/figure>\n\n\n\n<figure class=\"wp-block-image size-large\"><img decoding=\"async\" width=\"1024\" height=\"768\" data-id=\"17192\" src=\"https:\/\/zszelena42.eu\/2021\/wp-content\/uploads\/2023\/01\/1675019560956-1024x768.jpg\" alt=\"\" class=\"wp-image-17192\" srcset=\"https:\/\/zszelena42.eu\/2021\/wp-content\/uploads\/2023\/01\/1675019560956-1024x768.jpg 1024w, https:\/\/zszelena42.eu\/2021\/wp-content\/uploads\/2023\/01\/1675019560956-300x225.jpg 300w, https:\/\/zszelena42.eu\/2021\/wp-content\/uploads\/2023\/01\/1675019560956-768x576.jpg 768w, https:\/\/zszelena42.eu\/2021\/wp-content\/uploads\/2023\/01\/1675019560956-1536x1152.jpg 1536w, https:\/\/zszelena42.eu\/2021\/wp-content\/uploads\/2023\/01\/1675019560956-2048x1536.jpg 2048w\" sizes=\"(max-width: 1024px) 100vw, 1024px\" \/><\/figure>\n<\/figure>\n\n\n\n<p class=\"has-text-align-center\"><mark style=\"background-color:rgba(0, 0, 0, 0)\" class=\"has-inline-color has-nv-c-2-color\">The Crocus Project is a project for young people aged ten years and over remembering all children who died in the Holocaust.<\/mark><\/p>\n","protected":false},"excerpt":{"rendered":"<p>Na\u0161e \u0161kola se i v tomto \u0161koln\u00edm roce \u00fa\u010dastn\u00ed projektu irsk\u00e9 organizace HETI ve spolupr\u00e1ci s Odd\u011blen\u00edm pro vzd\u011bl\u00e1v\u00e1n\u00ed a kulturu \u017didovsk\u00e9ho muzea v Praze. HETI \u0161kol\u00e1m zdarma poskytla cibulky \u017elut\u00fdch krokus\u016f, kter\u00e9 \u017e\u00e1ci dev\u00e1t\u00e9ho ro\u010dn\u00edku na podzim zasadili ve tvaru Davidovy hv\u011bzdy v are\u00e1lu na\u0161\u00ed \u0161koly jako p\u0159ipom\u00ednku jednoho a p\u016fl milionu \u017eidovsk\u00fdch d\u011bt\u00ed&hellip;&nbsp;<a href=\"https:\/\/zszelena42.eu\/2021\/skolni-rok\/2022-2023\/9-a\/mezinarodni-den-pamatky-obeti-holocaustu-projekt-krokus\/\" rel=\"bookmark\">\u010c\u00edst d\u00e1le &raquo;<span class=\"screen-reader-text\">Mezin\u00e1rodn\u00ed den pam\u00e1tky ob\u011bt\u00ed holocaustu &#8211; Projekt Krokus<\/span><\/a><\/p>\n","protected":false},"author":16,"featured_media":17191,"comment_status":"closed","ping_status":"closed","sticky":false,"template":"","format":"standard","meta":{"neve_meta_sidebar":"","neve_meta_container":"","neve_meta_enable_content_width":"","neve_meta_content_width":0,"neve_meta_title_alignment":"","neve_meta_author_avatar":"","neve_post_elements_order":"","neve_meta_disable_header":"","neve_meta_disable_footer":"","neve_meta_disable_title":"","footnotes":""},"categories":[231,232],"tags":[264,248,275],"class_list":["post-17190","post","type-post","status-publish","format-standard","has-post-thumbnail","hentry","category-9-a","category-9-b","tag-dejepis","tag-krokus","tag-mezinarodni-projekt"],"_links":{"self":[{"href":"https:\/\/zszelena42.eu\/2021\/wp-json\/wp\/v2\/posts\/17190","targetHints":{"allow":["GET"]}}],"collection":[{"href":"https:\/\/zszelena42.eu\/2021\/wp-json\/wp\/v2\/posts"}],"about":[{"href":"https:\/\/zszelena42.eu\/2021\/wp-json\/wp\/v2\/types\/post"}],"author":[{"embeddable":true,"href":"https:\/\/zszelena42.eu\/2021\/wp-json\/wp\/v2\/users\/16"}],"replies":[{"embeddable":true,"href":"https:\/\/zszelena42.eu\/2021\/wp-json\/wp\/v2\/comments?post=17190"}],"version-history":[{"count":4,"href":"https:\/\/zszelena42.eu\/2021\/wp-json\/wp\/v2\/posts\/17190\/revisions"}],"predecessor-version":[{"id":17199,"href":"https:\/\/zszelena42.eu\/2021\/wp-json\/wp\/v2\/posts\/17190\/revisions\/17199"}],"wp:featuredmedia":[{"embeddable":true,"href":"https:\/\/zszelena42.eu\/2021\/wp-json\/wp\/v2\/media\/17191"}],"wp:attachment":[{"href":"https:\/\/zszelena42.eu\/2021\/wp-json\/wp\/v2\/media?parent=17190"}],"wp:term":[{"taxonomy":"category","embeddable":true,"href":"https:\/\/zszelena42.eu\/2021\/wp-json\/wp\/v2\/categories?post=17190"},{"taxonomy":"post_tag","embeddable":true,"href":"https:\/\/zszelena42.eu\/2021\/wp-json\/wp\/v2\/tags?post=17190"}],"curies":[{"name":"wp","href":"https:\/\/api.w.org\/{rel}","templated":true}]}}