{"id":17178,"date":"2023-01-29T19:53:27","date_gmt":"2023-01-29T18:53:27","guid":{"rendered":"https:\/\/zszelena42.eu\/2021\/?p=17178"},"modified":"2023-01-29T19:58:35","modified_gmt":"2023-01-29T18:58:35","slug":"lidice-pro-21-stoleti","status":"publish","type":"post","link":"https:\/\/zszelena42.eu\/2021\/skolni-rok\/2022-2023\/9-a\/lidice-pro-21-stoleti\/","title":{"rendered":"LIDICE PRO 21. STOLET\u00cd"},"content":{"rendered":"\n<p>Mezin\u00e1rodn\u00ed v\u011bdomostn\u00ed sout\u011b\u017e &#8222;<strong>Lidice pro 21. stolet\u00ed<\/strong>&#8220; vyhla\u0161uje Pam\u00e1tn\u00edk Lidice, p\u0159\u00edsp\u011bvkov\u00e1 organizace Ministerstva kultury \u010cR, \u00dastav pro studium totalitn\u00edch re\u017eim\u016f a Filozofick\u00e1 fakulta Univerzity Karlovy v Praze. Je ur\u010dena d\u011btem a ml\u00e1de\u017ei z cel\u00e9ho sv\u011bta ve v\u011bku 10\u201319 let. <strong>Jej\u00edm c\u00edlem je p\u0159isp\u011bt k uchov\u00e1n\u00ed pam\u00e1tky ob\u010dan\u016f st\u0159edo\u010desk\u00e9 obce Lidice, zavra\u017ed\u011bn\u00fdch nacisty v roce 1942, a k prohlubov\u00e1n\u00ed znalost\u00ed nejmlad\u0161\u00ed generace o historick\u00fdch ud\u00e1lostech, vztahuj\u00edc\u00edch se ke druh\u00e9 sv\u011btov\u00e9 v\u00e1lce, nacistick\u00e9mu re\u017eimu, dal\u0161\u00edm totalitn\u00edm re\u017eim\u016fm 20. stolet\u00ed <\/strong>i prom\u011bn\u011b pov\u00e1le\u010dn\u00e9ho odkazu Lidic a\u017e do po\u010d\u00e1tku 21. stolet\u00ed.<\/p>\n\n\n\n<p>Na\u0161\u00ed \u0161kolu v t\u00e9to sout\u011b\u017ei budou reprezentovat \u017e\u00e1ci dev\u00e1t\u00e9ho ro\u010dn\u00edku &#8211;<strong><mark style=\"background-color:rgba(0, 0, 0, 0)\" class=\"has-inline-color has-neve-link-hover-color-color\"> B\u00e1ra Jak\u016fbkov\u00e1, Kl\u00e1ra Kucharczykov\u00e1, Jan \u0160ust\u00e1k, Karol\u00edna Kusynov\u00e1, Val\u00e9rie Lud\u00edkov\u00e1 a Krist\u00fdna Chwalkov\u00e1<\/mark><\/strong>. <\/p>\n\n\n\n<p><strong>Dr\u017e\u00edme palce!!!<\/strong><\/p>\n\n\n\n<figure class=\"wp-block-image alignwide size-full\"><img fetchpriority=\"high\" decoding=\"async\" width=\"416\" height=\"121\" src=\"https:\/\/zszelena42.eu\/2021\/wp-content\/uploads\/2023\/01\/stazeny-soubor.png\" alt=\"\" class=\"wp-image-17180\" srcset=\"https:\/\/zszelena42.eu\/2021\/wp-content\/uploads\/2023\/01\/stazeny-soubor.png 416w, https:\/\/zszelena42.eu\/2021\/wp-content\/uploads\/2023\/01\/stazeny-soubor-300x87.png 300w\" sizes=\"(max-width: 416px) 100vw, 416px\" \/><\/figure>\n\n\n\n<p>V&nbsp;r\u00e1mci p\u0159\u00edpravy na sout\u011b\u017e mohou \u017e\u00e1ci vyu\u017e\u00edt n\u011bkter\u00e9 z&nbsp;<strong>webin\u00e1\u0159\u016f a on-line vzd\u011bl\u00e1vac\u00edch program\u016f<\/strong>&nbsp;Pam\u00e1tn\u00edku Lidice, jejich\u017e nab\u00eddka je dostupn\u00e1 na webov\u00e9 str\u00e1nce:&nbsp;<a href=\"https:\/\/www.lidice-memorial.cz\/vzdelavani\/webinare-a-on-line-kurzy\/\">https:\/\/www.lidice-memorial.cz\/vzdelavani\/webinare-a-on-line-kurzy\/<\/a><\/p>\n\n\n<div class=\"wp-block-image\">\n<figure class=\"aligncenter size-full\"><img decoding=\"async\" width=\"615\" height=\"432\" src=\"https:\/\/zszelena42.eu\/2021\/wp-content\/uploads\/2023\/01\/Snimek-obrazovky-2023-01-29-194358.png\" alt=\"\" class=\"wp-image-17179\" srcset=\"https:\/\/zszelena42.eu\/2021\/wp-content\/uploads\/2023\/01\/Snimek-obrazovky-2023-01-29-194358.png 615w, https:\/\/zszelena42.eu\/2021\/wp-content\/uploads\/2023\/01\/Snimek-obrazovky-2023-01-29-194358-300x211.png 300w\" sizes=\"(max-width: 615px) 100vw, 615px\" \/><\/figure>\n<\/div>","protected":false},"excerpt":{"rendered":"<p>Mezin\u00e1rodn\u00ed v\u011bdomostn\u00ed sout\u011b\u017e &#8222;Lidice pro 21. stolet\u00ed&#8220; vyhla\u0161uje Pam\u00e1tn\u00edk Lidice, p\u0159\u00edsp\u011bvkov\u00e1 organizace Ministerstva kultury \u010cR, \u00dastav pro studium totalitn\u00edch re\u017eim\u016f a Filozofick\u00e1 fakulta Univerzity Karlovy v Praze. Je ur\u010dena d\u011btem a ml\u00e1de\u017ei z cel\u00e9ho sv\u011bta ve v\u011bku 10\u201319 let. Jej\u00edm c\u00edlem je p\u0159isp\u011bt k uchov\u00e1n\u00ed pam\u00e1tky ob\u010dan\u016f st\u0159edo\u010desk\u00e9 obce Lidice, zavra\u017ed\u011bn\u00fdch nacisty v roce 1942,&hellip;&nbsp;<a href=\"https:\/\/zszelena42.eu\/2021\/skolni-rok\/2022-2023\/9-a\/lidice-pro-21-stoleti\/\" rel=\"bookmark\">\u010c\u00edst d\u00e1le &raquo;<span class=\"screen-reader-text\">LIDICE PRO 21. STOLET\u00cd<\/span><\/a><\/p>\n","protected":false},"author":16,"featured_media":17182,"comment_status":"closed","ping_status":"closed","sticky":false,"template":"","format":"standard","meta":{"neve_meta_sidebar":"","neve_meta_container":"","neve_meta_enable_content_width":"","neve_meta_content_width":0,"neve_meta_title_alignment":"","neve_meta_author_avatar":"","neve_post_elements_order":"","neve_meta_disable_header":"","neve_meta_disable_footer":"","neve_meta_disable_title":"","footnotes":""},"categories":[231,232],"tags":[264,274,113],"class_list":["post-17178","post","type-post","status-publish","format-standard","has-post-thumbnail","hentry","category-9-a","category-9-b","tag-dejepis","tag-mezinarodni-soutez","tag-soutez"],"_links":{"self":[{"href":"https:\/\/zszelena42.eu\/2021\/wp-json\/wp\/v2\/posts\/17178","targetHints":{"allow":["GET"]}}],"collection":[{"href":"https:\/\/zszelena42.eu\/2021\/wp-json\/wp\/v2\/posts"}],"about":[{"href":"https:\/\/zszelena42.eu\/2021\/wp-json\/wp\/v2\/types\/post"}],"author":[{"embeddable":true,"href":"https:\/\/zszelena42.eu\/2021\/wp-json\/wp\/v2\/users\/16"}],"replies":[{"embeddable":true,"href":"https:\/\/zszelena42.eu\/2021\/wp-json\/wp\/v2\/comments?post=17178"}],"version-history":[{"count":4,"href":"https:\/\/zszelena42.eu\/2021\/wp-json\/wp\/v2\/posts\/17178\/revisions"}],"predecessor-version":[{"id":17187,"href":"https:\/\/zszelena42.eu\/2021\/wp-json\/wp\/v2\/posts\/17178\/revisions\/17187"}],"wp:featuredmedia":[{"embeddable":true,"href":"https:\/\/zszelena42.eu\/2021\/wp-json\/wp\/v2\/media\/17182"}],"wp:attachment":[{"href":"https:\/\/zszelena42.eu\/2021\/wp-json\/wp\/v2\/media?parent=17178"}],"wp:term":[{"taxonomy":"category","embeddable":true,"href":"https:\/\/zszelena42.eu\/2021\/wp-json\/wp\/v2\/categories?post=17178"},{"taxonomy":"post_tag","embeddable":true,"href":"https:\/\/zszelena42.eu\/2021\/wp-json\/wp\/v2\/tags?post=17178"}],"curies":[{"name":"wp","href":"https:\/\/api.w.org\/{rel}","templated":true}]}}