{"id":1623,"date":"2021-09-02T11:22:26","date_gmt":"2021-09-02T09:22:26","guid":{"rendered":"https:\/\/zszelena42.eu\/2021\/?p=1623"},"modified":"2021-09-24T20:20:29","modified_gmt":"2021-09-24T18:20:29","slug":"banicek-u-prvnacku","status":"publish","type":"post","link":"https:\/\/zszelena42.eu\/2021\/skolni-rok\/2021-2022\/1-stupen\/1-b\/banicek-u-prvnacku\/","title":{"rendered":"BAN\u00cd\u010cEK U PRV\u0147\u00c1\u010cK\u016e"},"content":{"rendered":"\n<p>Dnes k n\u00e1m zav\u00edtali z\u00e1stupci fotbalov\u00e9ho klubu Ban\u00edk Ostrava, aby p\u0159iv\u00edtali na\u0161e nov\u00e9 plav\u010d\u00edky &#8211; prv\u0148\u00e1\u010dky z 1.A a 1.B. D\u011btem pop\u0159\u00e1li \u00fasp\u011b\u0161nou &#8222;\u0161koln\u00ed sez\u00f3nu&#8220; a tak\u00e9 odpov\u00eddali na zv\u00eddav\u00e9 ot\u00e1zky d\u011bt\u00ed. Na\u0161i plav\u010d\u00edci byli tak\u00e9 obdarov\u00e1n\u00ed upom\u00ednkov\u00fdmi p\u0159edm\u011bty s t\u00e9matikou na\u0161eho region\u00e1ln\u00edho klubu. Nejv\u011bt\u0161\u00ed nad\u0161en\u00ed u plav\u010d\u00edk\u016f propuklo, kdy\u017e se mohli vyfotit na spole\u010dn\u00e9 fotce s hr\u00e1\u010dem A &#8211; t\u00fdmu Ban\u00edku Jaroslavem Haru\u0161\u0165\u00e1kem. D\u016fkazem nech\u0165 jsou fotografie n\u00ed\u017ee. D\u011bkujeme i na\u0161im parlament\u00e1\u0159\u016fm za zorganizov\u00e1n\u00ed tohoto setk\u00e1n\u00ed.<\/p>\n\n\n\n<div id=\"wp-block-themeisle-blocks-slider-007be9ed\" class=\"wp-block-themeisle-blocks-slider glide\" data-per-view=\"1\" data-gap=\"0\" data-peek=\"0\" data-autoplay=\"true\" data-height=\"400px\" data-hide-arrows=\"false\"><div class=\"glide__track\" data-glide-el=\"track\"><div class=\"glide__slides\"><div class=\"wp-block-themeisle-blocks-slider-item-wrapper glide__slide\" tabindex=\"0\"><figure><img decoding=\"async\" class=\"wp-block-themeisle-blocks-slider-item\" src=\"https:\/\/zszelena42.eu\/2021\/wp-content\/uploads\/2021\/09\/DSCF3760.jpg\" alt=\"\" title=\"\" data-id=\"1631\"\/><\/figure><\/div><div class=\"wp-block-themeisle-blocks-slider-item-wrapper glide__slide\" tabindex=\"0\"><figure><img decoding=\"async\" class=\"wp-block-themeisle-blocks-slider-item\" src=\"https:\/\/zszelena42.eu\/2021\/wp-content\/uploads\/2021\/09\/DSCF3757.jpg\" alt=\"\" title=\"\" data-id=\"1630\"\/><\/figure><\/div><div class=\"wp-block-themeisle-blocks-slider-item-wrapper glide__slide\" tabindex=\"0\"><figure><img decoding=\"async\" class=\"wp-block-themeisle-blocks-slider-item\" src=\"https:\/\/zszelena42.eu\/2021\/wp-content\/uploads\/2021\/09\/DSCF3756.jpg\" alt=\"\" title=\"\" data-id=\"1629\"\/><\/figure><\/div><div class=\"wp-block-themeisle-blocks-slider-item-wrapper glide__slide\" tabindex=\"0\"><figure><img decoding=\"async\" class=\"wp-block-themeisle-blocks-slider-item\" src=\"https:\/\/zszelena42.eu\/2021\/wp-content\/uploads\/2021\/09\/DSCF3754.jpg\" alt=\"\" title=\"\" data-id=\"1628\"\/><\/figure><\/div><div class=\"wp-block-themeisle-blocks-slider-item-wrapper glide__slide\" tabindex=\"0\"><figure><img decoding=\"async\" class=\"wp-block-themeisle-blocks-slider-item\" src=\"https:\/\/zszelena42.eu\/2021\/wp-content\/uploads\/2021\/09\/DSCF3751.jpg\" alt=\"\" title=\"\" data-id=\"1627\"\/><\/figure><\/div><div class=\"wp-block-themeisle-blocks-slider-item-wrapper glide__slide\" tabindex=\"0\"><figure><img decoding=\"async\" class=\"wp-block-themeisle-blocks-slider-item\" src=\"https:\/\/zszelena42.eu\/2021\/wp-content\/uploads\/2021\/09\/DSCF3750.jpg\" alt=\"\" title=\"\" data-id=\"1626\"\/><\/figure><\/div><div class=\"wp-block-themeisle-blocks-slider-item-wrapper glide__slide\" tabindex=\"0\"><figure><img decoding=\"async\" class=\"wp-block-themeisle-blocks-slider-item\" src=\"https:\/\/zszelena42.eu\/2021\/wp-content\/uploads\/2021\/09\/DSCF3748.jpg\" alt=\"\" title=\"\" data-id=\"1625\"\/><\/figure><\/div><div class=\"wp-block-themeisle-blocks-slider-item-wrapper glide__slide\" tabindex=\"0\"><figure><img decoding=\"async\" class=\"wp-block-themeisle-blocks-slider-item\" src=\"https:\/\/zszelena42.eu\/2021\/wp-content\/uploads\/2021\/09\/DSCF3747.jpg\" alt=\"\" title=\"\" data-id=\"1624\"\/><\/figure><\/div><\/div><div class=\"glide__bullets\" data-glide-el=\"controls[nav]\"><button class=\"glide__bullet\" data-glide-dir=\"=0\"><\/button><button class=\"glide__bullet\" data-glide-dir=\"=1\"><\/button><button class=\"glide__bullet\" data-glide-dir=\"=2\"><\/button><button class=\"glide__bullet\" data-glide-dir=\"=3\"><\/button><button class=\"glide__bullet\" data-glide-dir=\"=4\"><\/button><button class=\"glide__bullet\" data-glide-dir=\"=5\"><\/button><button class=\"glide__bullet\" data-glide-dir=\"=6\"><\/button><button class=\"glide__bullet\" data-glide-dir=\"=7\"><\/button><\/div><\/div><\/div>\n","protected":false},"excerpt":{"rendered":"<p>Dnes k n\u00e1m zav\u00edtali z\u00e1stupci fotbalov\u00e9ho klubu Ban\u00edk Ostrava, aby p\u0159iv\u00edtali na\u0161e nov\u00e9 plav\u010d\u00edky &#8211; prv\u0148\u00e1\u010dky z 1.A a 1.B. D\u011btem pop\u0159\u00e1li \u00fasp\u011b\u0161nou &#8222;\u0161koln\u00ed sez\u00f3nu&#8220; a tak\u00e9 odpov\u00eddali na zv\u00eddav\u00e9 ot\u00e1zky d\u011bt\u00ed. Na\u0161i plav\u010d\u00edci byli tak\u00e9 obdarov\u00e1n\u00ed upom\u00ednkov\u00fdmi p\u0159edm\u011bty s t\u00e9matikou na\u0161eho region\u00e1ln\u00edho klubu. Nejv\u011bt\u0161\u00ed nad\u0161en\u00ed u plav\u010d\u00edk\u016f propuklo, kdy\u017e se mohli vyfotit na spole\u010dn\u00e9&hellip;&nbsp;<a href=\"https:\/\/zszelena42.eu\/2021\/skolni-rok\/2021-2022\/1-stupen\/1-b\/banicek-u-prvnacku\/\" rel=\"bookmark\">\u010c\u00edst d\u00e1le &raquo;<span class=\"screen-reader-text\">BAN\u00cd\u010cEK U PRV\u0147\u00c1\u010cK\u016e<\/span><\/a><\/p>\n","protected":false},"author":6,"featured_media":1631,"comment_status":"closed","ping_status":"closed","sticky":false,"template":"","format":"standard","meta":{"neve_meta_sidebar":"","neve_meta_container":"","neve_meta_enable_content_width":"","neve_meta_content_width":0,"neve_meta_title_alignment":"","neve_meta_author_avatar":"","neve_post_elements_order":"","neve_meta_disable_header":"","neve_meta_disable_footer":"","neve_meta_disable_title":"","footnotes":""},"categories":[44],"tags":[],"class_list":["post-1623","post","type-post","status-publish","format-standard","has-post-thumbnail","hentry","category-1-b"],"_links":{"self":[{"href":"https:\/\/zszelena42.eu\/2021\/wp-json\/wp\/v2\/posts\/1623","targetHints":{"allow":["GET"]}}],"collection":[{"href":"https:\/\/zszelena42.eu\/2021\/wp-json\/wp\/v2\/posts"}],"about":[{"href":"https:\/\/zszelena42.eu\/2021\/wp-json\/wp\/v2\/types\/post"}],"author":[{"embeddable":true,"href":"https:\/\/zszelena42.eu\/2021\/wp-json\/wp\/v2\/users\/6"}],"replies":[{"embeddable":true,"href":"https:\/\/zszelena42.eu\/2021\/wp-json\/wp\/v2\/comments?post=1623"}],"version-history":[{"count":2,"href":"https:\/\/zszelena42.eu\/2021\/wp-json\/wp\/v2\/posts\/1623\/revisions"}],"predecessor-version":[{"id":1659,"href":"https:\/\/zszelena42.eu\/2021\/wp-json\/wp\/v2\/posts\/1623\/revisions\/1659"}],"wp:featuredmedia":[{"embeddable":true,"href":"https:\/\/zszelena42.eu\/2021\/wp-json\/wp\/v2\/media\/1631"}],"wp:attachment":[{"href":"https:\/\/zszelena42.eu\/2021\/wp-json\/wp\/v2\/media?parent=1623"}],"wp:term":[{"taxonomy":"category","embeddable":true,"href":"https:\/\/zszelena42.eu\/2021\/wp-json\/wp\/v2\/categories?post=1623"},{"taxonomy":"post_tag","embeddable":true,"href":"https:\/\/zszelena42.eu\/2021\/wp-json\/wp\/v2\/tags?post=1623"}],"curies":[{"name":"wp","href":"https:\/\/api.w.org\/{rel}","templated":true}]}}