{"id":15085,"date":"2022-12-09T19:56:27","date_gmt":"2022-12-09T18:56:27","guid":{"rendered":"https:\/\/zszelena42.eu\/2021\/?p=15085"},"modified":"2022-12-09T19:56:29","modified_gmt":"2022-12-09T18:56:29","slug":"mikulas-ve-skole-3","status":"publish","type":"post","link":"https:\/\/zszelena42.eu\/2021\/skolni-rok\/2022-2023\/4-b-2022-2023\/mikulas-ve-skole-3\/","title":{"rendered":"MIKUL\u00c1\u0160 VE \u0160KOLE"},"content":{"rendered":"\n<p>V \u00fater\u00fd si d\u011bti u\u017eily prima den i se sladkou nad\u00edlkou.<\/p>\n\n\n\n<figure class=\"wp-block-gallery has-nested-images columns-default is-cropped wp-block-gallery-1 is-layout-flex wp-block-gallery-is-layout-flex\">\n<figure class=\"wp-block-image size-large\"><img fetchpriority=\"high\" decoding=\"async\" width=\"1024\" height=\"771\" data-id=\"15086\" src=\"https:\/\/zszelena42.eu\/2021\/wp-content\/uploads\/2022\/12\/IMG_20221206_110328-1-1024x771.jpg\" alt=\"\" class=\"wp-image-15086\" srcset=\"https:\/\/zszelena42.eu\/2021\/wp-content\/uploads\/2022\/12\/IMG_20221206_110328-1-1024x771.jpg 1024w, https:\/\/zszelena42.eu\/2021\/wp-content\/uploads\/2022\/12\/IMG_20221206_110328-1-300x226.jpg 300w, https:\/\/zszelena42.eu\/2021\/wp-content\/uploads\/2022\/12\/IMG_20221206_110328-1-768x578.jpg 768w, https:\/\/zszelena42.eu\/2021\/wp-content\/uploads\/2022\/12\/IMG_20221206_110328-1-1536x1157.jpg 1536w, https:\/\/zszelena42.eu\/2021\/wp-content\/uploads\/2022\/12\/IMG_20221206_110328-1-2048x1542.jpg 2048w\" sizes=\"(max-width: 1024px) 100vw, 1024px\" \/><\/figure>\n<\/figure>\n\n\n\n<figure class=\"wp-block-video\"><video height=\"1080\" style=\"aspect-ratio: 1920 \/ 1080;\" width=\"1920\" controls src=\"https:\/\/zszelena42.eu\/2021\/wp-content\/uploads\/2022\/12\/VID_20221206_105937.mp4\"><\/video><\/figure>\n\n\n\n<figure class=\"wp-block-video\"><video height=\"1080\" style=\"aspect-ratio: 1920 \/ 1080;\" width=\"1920\" controls src=\"https:\/\/zszelena42.eu\/2021\/wp-content\/uploads\/2022\/12\/VID_20221206_110005.mp4\"><\/video><\/figure>\n","protected":false},"excerpt":{"rendered":"<p>V \u00fater\u00fd si d\u011bti u\u017eily prima den i se sladkou nad\u00edlkou.<\/p>\n","protected":false},"author":28,"featured_media":15086,"comment_status":"closed","ping_status":"closed","sticky":false,"template":"","format":"standard","meta":{"neve_meta_sidebar":"","neve_meta_container":"","neve_meta_enable_content_width":"","neve_meta_content_width":0,"neve_meta_title_alignment":"","neve_meta_author_avatar":"","neve_post_elements_order":"","neve_meta_disable_header":"","neve_meta_disable_footer":"","neve_meta_disable_title":"","footnotes":""},"categories":[219],"tags":[194],"class_list":["post-15085","post","type-post","status-publish","format-standard","has-post-thumbnail","hentry","category-4-b-2022-2023","tag-4-b-22-23"],"_links":{"self":[{"href":"https:\/\/zszelena42.eu\/2021\/wp-json\/wp\/v2\/posts\/15085","targetHints":{"allow":["GET"]}}],"collection":[{"href":"https:\/\/zszelena42.eu\/2021\/wp-json\/wp\/v2\/posts"}],"about":[{"href":"https:\/\/zszelena42.eu\/2021\/wp-json\/wp\/v2\/types\/post"}],"author":[{"embeddable":true,"href":"https:\/\/zszelena42.eu\/2021\/wp-json\/wp\/v2\/users\/28"}],"replies":[{"embeddable":true,"href":"https:\/\/zszelena42.eu\/2021\/wp-json\/wp\/v2\/comments?post=15085"}],"version-history":[{"count":1,"href":"https:\/\/zszelena42.eu\/2021\/wp-json\/wp\/v2\/posts\/15085\/revisions"}],"predecessor-version":[{"id":15092,"href":"https:\/\/zszelena42.eu\/2021\/wp-json\/wp\/v2\/posts\/15085\/revisions\/15092"}],"wp:featuredmedia":[{"embeddable":true,"href":"https:\/\/zszelena42.eu\/2021\/wp-json\/wp\/v2\/media\/15086"}],"wp:attachment":[{"href":"https:\/\/zszelena42.eu\/2021\/wp-json\/wp\/v2\/media?parent=15085"}],"wp:term":[{"taxonomy":"category","embeddable":true,"href":"https:\/\/zszelena42.eu\/2021\/wp-json\/wp\/v2\/categories?post=15085"},{"taxonomy":"post_tag","embeddable":true,"href":"https:\/\/zszelena42.eu\/2021\/wp-json\/wp\/v2\/tags?post=15085"}],"curies":[{"name":"wp","href":"https:\/\/api.w.org\/{rel}","templated":true}]}}