{"id":14604,"date":"2022-12-04T21:07:58","date_gmt":"2022-12-04T20:07:58","guid":{"rendered":"https:\/\/zszelena42.eu\/2021\/?p=14604"},"modified":"2022-12-04T21:08:00","modified_gmt":"2022-12-04T20:08:00","slug":"ty-mas-velky-talent","status":"publish","type":"post","link":"https:\/\/zszelena42.eu\/2021\/skolni-rok\/2022-2023\/ty-mas-velky-talent\/","title":{"rendered":"Ty m\u00e1\u0161 velk\u00fd talent"},"content":{"rendered":"\n<h1 class=\"wp-block-heading\"><strong>Talentov\u00e1 sout\u011b\u017e pro \u017e\u00e1ky 1. \u2013 9. ro\u010dn\u00edku.<\/strong><\/h1>\n\n\n\n<p><strong>(pro v\u0161echny mal\u00e9 i velk\u00e9 um\u011blce, sportovce\u2026)<\/strong><strong><\/strong><\/p>\n\n\n\n<figure class=\"wp-block-image size-large\"><img fetchpriority=\"high\" decoding=\"async\" width=\"724\" height=\"1024\" src=\"https:\/\/zszelena42.eu\/2021\/wp-content\/uploads\/2022\/12\/Flyer23-724x1024.png\" alt=\"\" class=\"wp-image-14607\" srcset=\"https:\/\/zszelena42.eu\/2021\/wp-content\/uploads\/2022\/12\/Flyer23-724x1024.png 724w, https:\/\/zszelena42.eu\/2021\/wp-content\/uploads\/2022\/12\/Flyer23-212x300.png 212w, https:\/\/zszelena42.eu\/2021\/wp-content\/uploads\/2022\/12\/Flyer23-768x1087.png 768w, https:\/\/zszelena42.eu\/2021\/wp-content\/uploads\/2022\/12\/Flyer23-1085x1536.png 1085w, https:\/\/zszelena42.eu\/2021\/wp-content\/uploads\/2022\/12\/Flyer23-1447x2048.png 1447w\" sizes=\"(max-width: 724px) 100vw, 724px\" \/><\/figure>\n\n\n\n<p><strong>KDY:<\/strong><\/p>\n\n\n\n<ul class=\"wp-block-list\">\n<li><strong>\u00fanor 2023<\/strong>&nbsp;&#8211; prob\u011bhne&nbsp;<strong>1. KOLO<\/strong>&nbsp;(casting)<\/li>\n\n\n\n<li><strong>b\u0159ezen &#8211; duben 2023<\/strong>&nbsp;&#8211; se uskute\u010dn\u00ed&nbsp;<strong>SEMIFIN\u00c1LE<\/strong><\/li>\n\n\n\n<li><strong>kv\u011bten 2023<\/strong>&nbsp;\u2013&nbsp;<strong>FIN\u00c1LE&nbsp;<\/strong>&#8211; vystoupen\u00ed pro rodi\u010de<\/li>\n<\/ul>\n\n\n\n<figure class=\"wp-block-image size-large\"><img decoding=\"async\" width=\"1024\" height=\"295\" src=\"https:\/\/zszelena42.eu\/2021\/wp-content\/uploads\/2022\/12\/tal23-1024x295.png\" alt=\"\" class=\"wp-image-14608\" srcset=\"https:\/\/zszelena42.eu\/2021\/wp-content\/uploads\/2022\/12\/tal23-1024x295.png 1024w, https:\/\/zszelena42.eu\/2021\/wp-content\/uploads\/2022\/12\/tal23-300x86.png 300w, https:\/\/zszelena42.eu\/2021\/wp-content\/uploads\/2022\/12\/tal23-768x221.png 768w, https:\/\/zszelena42.eu\/2021\/wp-content\/uploads\/2022\/12\/tal23.png 1095w\" sizes=\"(max-width: 1024px) 100vw, 1024px\" \/><\/figure>\n\n\n\n<p><strong>POKYNY:<\/strong><\/p>\n\n\n\n<ul class=\"wp-block-list\">\n<li>p\u0159ihl\u00e1sit se mohou jednotlivci, skupiny i cel\u00e9 t\u0159\u00eddn\u00ed kolektivy\u2026<\/li>\n\n\n\n<li>p\u0159ihl\u00e1\u0161ky odevzdejte&nbsp;<strong>do 16. 12. 2022&nbsp;<\/strong>pan\u00ed u\u010ditelce Rokytov\u00e9 nebo pan\u00ed u\u010ditelce H\u00faskov\u00e9<\/li>\n\n\n\n<li>p\u0159ihl\u00e1\u0161ky z\u00edsk\u00e1te u sv\u00fdch t\u0159\u00eddn\u00edch u\u010ditel\u016f nebo u pan\u00ed u\u010ditelky Rokytov\u00e9 a H\u00faskov\u00e9<\/li>\n<\/ul>\n\n\n\n<p><strong>T\u011b\u0161\u00edme se na v\u00e1s!<\/strong><\/p>\n","protected":false},"excerpt":{"rendered":"<p>Talentov\u00e1 sout\u011b\u017e pro \u017e\u00e1ky 1. \u2013 9. ro\u010dn\u00edku. (pro v\u0161echny mal\u00e9 i velk\u00e9 um\u011blce, sportovce\u2026) KDY: POKYNY: T\u011b\u0161\u00edme se na v\u00e1s!<\/p>\n","protected":false},"author":29,"featured_media":14607,"comment_status":"closed","ping_status":"closed","sticky":false,"template":"","format":"standard","meta":{"neve_meta_sidebar":"","neve_meta_container":"","neve_meta_enable_content_width":"","neve_meta_content_width":0,"neve_meta_title_alignment":"","neve_meta_author_avatar":"","neve_post_elements_order":"","neve_meta_disable_header":"","neve_meta_disable_footer":"","neve_meta_disable_title":"","footnotes":""},"categories":[208],"tags":[113,254],"class_list":["post-14604","post","type-post","status-publish","format-standard","has-post-thumbnail","hentry","category-2022-2023","tag-soutez","tag-zelena-ma-talent"],"_links":{"self":[{"href":"https:\/\/zszelena42.eu\/2021\/wp-json\/wp\/v2\/posts\/14604","targetHints":{"allow":["GET"]}}],"collection":[{"href":"https:\/\/zszelena42.eu\/2021\/wp-json\/wp\/v2\/posts"}],"about":[{"href":"https:\/\/zszelena42.eu\/2021\/wp-json\/wp\/v2\/types\/post"}],"author":[{"embeddable":true,"href":"https:\/\/zszelena42.eu\/2021\/wp-json\/wp\/v2\/users\/29"}],"replies":[{"embeddable":true,"href":"https:\/\/zszelena42.eu\/2021\/wp-json\/wp\/v2\/comments?post=14604"}],"version-history":[{"count":1,"href":"https:\/\/zszelena42.eu\/2021\/wp-json\/wp\/v2\/posts\/14604\/revisions"}],"predecessor-version":[{"id":14609,"href":"https:\/\/zszelena42.eu\/2021\/wp-json\/wp\/v2\/posts\/14604\/revisions\/14609"}],"wp:featuredmedia":[{"embeddable":true,"href":"https:\/\/zszelena42.eu\/2021\/wp-json\/wp\/v2\/media\/14607"}],"wp:attachment":[{"href":"https:\/\/zszelena42.eu\/2021\/wp-json\/wp\/v2\/media?parent=14604"}],"wp:term":[{"taxonomy":"category","embeddable":true,"href":"https:\/\/zszelena42.eu\/2021\/wp-json\/wp\/v2\/categories?post=14604"},{"taxonomy":"post_tag","embeddable":true,"href":"https:\/\/zszelena42.eu\/2021\/wp-json\/wp\/v2\/tags?post=14604"}],"curies":[{"name":"wp","href":"https:\/\/api.w.org\/{rel}","templated":true}]}}