{"id":14339,"date":"2022-11-20T13:31:41","date_gmt":"2022-11-20T12:31:41","guid":{"rendered":"https:\/\/zszelena42.eu\/2021\/?p=14339"},"modified":"2022-11-20T13:31:42","modified_gmt":"2022-11-20T12:31:42","slug":"janackova-filharmonie-detem","status":"publish","type":"post","link":"https:\/\/zszelena42.eu\/2021\/skolni-rok\/2022-2023\/janackova-filharmonie-detem\/","title":{"rendered":"JaN\u00e1\u010dkova filharmonie d\u011btem"},"content":{"rendered":"\n<p>V\u00e1\u017en\u00e1 hudba m\u00e1 co \u0159\u00edct i d\u011btem, to dokazuje Jan\u00e1\u010dkova filharmonie u\u017e n\u011bkolik\u00e1tou sez\u00f3nu, tentokr\u00e1t jsme toho byli sou\u010d\u00e1st\u00ed i my, \u017e\u00e1ci 3.C. Na programu byl nepochopiteln\u00fd probl\u00e9m, kdy Vl\u00e1\u010fa, mal\u00fd chlapec, kter\u00fd d\u011bti prov\u00e1z\u00ed cel\u00fdm programem, nepochopil, \u017ee se vys\u00edl\u00e1 z vesm\u00edru, ale z Vesm\u00edru, b\u00fdval\u00e9ho kina. D\u011bti vyslechly skladby od Leo\u0161e Jan\u00e1\u010dka , Bed\u0159icha Smetany, Geuseppe Verdiho a dal\u0161\u00edch, v\u016fbec se u toho nenudily, proto\u017ee kamar\u00e1di Vl\u00e1\u010fa s Otou ka\u017edou skladbu poutav\u011b a vtipn\u011b uv\u00e1d\u011bli.<\/p>\n\n\n\n<div class=\"wp-block-uagb-image uagb-block-26a32fe0 wp-block-uagb-image--layout-default wp-block-uagb-image--effect-static wp-block-uagb-image--align-none\"><figure class=\"wp-block-uagb-image__figure\"><img decoding=\"async\" src=\"https:\/\/zszelena42.eu\/2021\/wp-content\/uploads\/2022\/11\/IMG_20221114_095200_298-1024x768.jpg\" alt=\"\" class=\"uag-image-14340\" width=\"\" height=\"\" title=\"\" \/><\/figure><\/div>\n\n\n\n<div class=\"wp-block-uagb-image uagb-block-807a5138 wp-block-uagb-image--layout-default wp-block-uagb-image--effect-static wp-block-uagb-image--align-none\"><figure class=\"wp-block-uagb-image__figure\"><img decoding=\"async\" src=\"https:\/\/zszelena42.eu\/2021\/wp-content\/uploads\/2022\/11\/IMG_20221114_094935_355-1024x768.jpg\" alt=\"\" class=\"uag-image-14341\" width=\"\" height=\"\" title=\"\" \/><\/figure><\/div>\n\n\n\n<div class=\"wp-block-uagb-image uagb-block-c6a83a17 wp-block-uagb-image--layout-default wp-block-uagb-image--effect-static wp-block-uagb-image--align-none\"><figure class=\"wp-block-uagb-image__figure\"><img decoding=\"async\" src=\"https:\/\/zszelena42.eu\/2021\/wp-content\/uploads\/2022\/11\/IMG_20221114_095017_226-768x1024.jpg\" alt=\"\" class=\"uag-image-14342\" width=\"\" height=\"\" title=\"\" \/><\/figure><\/div>\n\n\n\n<div class=\"wp-block-uagb-image uagb-block-25c196fa wp-block-uagb-image--layout-default wp-block-uagb-image--effect-static wp-block-uagb-image--align-none\"><figure class=\"wp-block-uagb-image__figure\"><img decoding=\"async\" src=\"https:\/\/zszelena42.eu\/2021\/wp-content\/uploads\/2022\/11\/IMG_20221114_110424_617-768x1024.jpg\" alt=\"\" class=\"uag-image-14343\" width=\"\" height=\"\" title=\"\" \/><\/figure><\/div>\n\n\n\n<div class=\"wp-block-uagb-image uagb-block-802d667a wp-block-uagb-image--layout-default wp-block-uagb-image--effect-static wp-block-uagb-image--align-none\"><figure class=\"wp-block-uagb-image__figure\"><img decoding=\"async\" src=\"\" alt=\"\" width=\"\" height=\"\" title=\"\" \/><\/figure><\/div>\n\n\n\n<div class=\"wp-block-uagb-image uagb-block-8e15cfce wp-block-uagb-image--layout-default wp-block-uagb-image--effect-static wp-block-uagb-image--align-none\"><figure class=\"wp-block-uagb-image__figure\"><img decoding=\"async\" src=\"\" alt=\"\" width=\"\" height=\"\" title=\"\" \/><\/figure><\/div>\n","protected":false},"excerpt":{"rendered":"<p>V\u00e1\u017en\u00e1 hudba m\u00e1 co \u0159\u00edct i d\u011btem, to dokazuje Jan\u00e1\u010dkova filharmonie u\u017e n\u011bkolik\u00e1tou sez\u00f3nu, tentokr\u00e1t jsme toho byli sou\u010d\u00e1st\u00ed i my, \u017e\u00e1ci 3.C. Na programu byl nepochopiteln\u00fd probl\u00e9m, kdy Vl\u00e1\u010fa, mal\u00fd chlapec, kter\u00fd d\u011bti prov\u00e1z\u00ed cel\u00fdm programem, nepochopil, \u017ee se vys\u00edl\u00e1 z vesm\u00edru, ale z Vesm\u00edru, b\u00fdval\u00e9ho kina. D\u011bti vyslechly skladby od Leo\u0161e Jan\u00e1\u010dka ,&hellip;&nbsp;<a href=\"https:\/\/zszelena42.eu\/2021\/skolni-rok\/2022-2023\/janackova-filharmonie-detem\/\" rel=\"bookmark\">\u010c\u00edst d\u00e1le &raquo;<span class=\"screen-reader-text\">JaN\u00e1\u010dkova filharmonie d\u011btem<\/span><\/a><\/p>\n","protected":false},"author":38,"featured_media":14340,"comment_status":"closed","ping_status":"closed","sticky":false,"template":"","format":"standard","meta":{"neve_meta_sidebar":"","neve_meta_container":"","neve_meta_enable_content_width":"","neve_meta_content_width":0,"neve_meta_title_alignment":"","neve_meta_author_avatar":"","neve_post_elements_order":"","neve_meta_disable_header":"","neve_meta_disable_footer":"","neve_meta_disable_title":"","footnotes":""},"categories":[217,208],"tags":[],"class_list":["post-14339","post","type-post","status-publish","format-standard","has-post-thumbnail","hentry","category-3-c-2022-2023","category-2022-2023"],"_links":{"self":[{"href":"https:\/\/zszelena42.eu\/2021\/wp-json\/wp\/v2\/posts\/14339","targetHints":{"allow":["GET"]}}],"collection":[{"href":"https:\/\/zszelena42.eu\/2021\/wp-json\/wp\/v2\/posts"}],"about":[{"href":"https:\/\/zszelena42.eu\/2021\/wp-json\/wp\/v2\/types\/post"}],"author":[{"embeddable":true,"href":"https:\/\/zszelena42.eu\/2021\/wp-json\/wp\/v2\/users\/38"}],"replies":[{"embeddable":true,"href":"https:\/\/zszelena42.eu\/2021\/wp-json\/wp\/v2\/comments?post=14339"}],"version-history":[{"count":1,"href":"https:\/\/zszelena42.eu\/2021\/wp-json\/wp\/v2\/posts\/14339\/revisions"}],"predecessor-version":[{"id":14345,"href":"https:\/\/zszelena42.eu\/2021\/wp-json\/wp\/v2\/posts\/14339\/revisions\/14345"}],"wp:featuredmedia":[{"embeddable":true,"href":"https:\/\/zszelena42.eu\/2021\/wp-json\/wp\/v2\/media\/14340"}],"wp:attachment":[{"href":"https:\/\/zszelena42.eu\/2021\/wp-json\/wp\/v2\/media?parent=14339"}],"wp:term":[{"taxonomy":"category","embeddable":true,"href":"https:\/\/zszelena42.eu\/2021\/wp-json\/wp\/v2\/categories?post=14339"},{"taxonomy":"post_tag","embeddable":true,"href":"https:\/\/zszelena42.eu\/2021\/wp-json\/wp\/v2\/tags?post=14339"}],"curies":[{"name":"wp","href":"https:\/\/api.w.org\/{rel}","templated":true}]}}