{"id":13916,"date":"2022-11-08T12:31:00","date_gmt":"2022-11-08T11:31:00","guid":{"rendered":"https:\/\/zszelena42.eu\/2021\/?p=13916"},"modified":"2023-01-29T20:00:06","modified_gmt":"2023-01-29T19:00:06","slug":"projekt-krokus-zasazeno","status":"publish","type":"post","link":"https:\/\/zszelena42.eu\/2021\/skolni-rok\/2022-2023\/9-a\/projekt-krokus-zasazeno\/","title":{"rendered":"Projekt Krokus &#8211; zasazeno"},"content":{"rendered":"\n<p>V tomto \u0161koln\u00edm roce se op\u011bt po covidov\u00e9 pauze z\u00fa\u010dastn\u00edme mezin\u00e1rodn\u00edho projektu Krokus, kter\u00fd realizuje irsk\u00e1 organizace <strong>Holocaust Education Trust Ireland <\/strong>(HETI) ve spolupr\u00e1ci s<strong> Odd\u011blen\u00edm pro vzd\u011bl\u00e1v\u00e1n\u00ed a kulturu \u017didovsk\u00e9ho muzea v Praze.<\/strong> HETI n\u00e1m zdarma poskytlo cibulky \u017elut\u00fdch krokus\u016f, kter\u00e9 na\u0161i dev\u00e1\u0165\u00e1ci dnes zasadili jako p\u0159ipom\u00ednku jednoho a p\u016fl milionu \u017eidovsk\u00fdch d\u011bt\u00ed a tis\u00edc\u016f dal\u0161\u00edch d\u011bt\u00ed, jen\u017e zem\u0159ely b\u011bhem \u0161oa.   <\/p>\n\n\n\n<figure class=\"wp-block-video\"><video height=\"1080\" style=\"aspect-ratio: 1920 \/ 1080;\" width=\"1920\" controls src=\"https:\/\/zszelena42.eu\/2021\/wp-content\/uploads\/2022\/11\/VID_20221108_102359.mp4\"><\/video><\/figure>\n\n\n\n<figure class=\"wp-block-gallery has-nested-images columns-default is-cropped wp-block-gallery-1 is-layout-flex wp-block-gallery-is-layout-flex\">\n<figure class=\"wp-block-image size-large\"><img fetchpriority=\"high\" decoding=\"async\" width=\"1024\" height=\"768\" data-id=\"13918\" src=\"https:\/\/zszelena42.eu\/2021\/wp-content\/uploads\/2022\/11\/IMG_20221108_101025.jpg\" alt=\"\" class=\"wp-image-13918\" srcset=\"https:\/\/zszelena42.eu\/2021\/wp-content\/uploads\/2022\/11\/IMG_20221108_101025.jpg 1024w, https:\/\/zszelena42.eu\/2021\/wp-content\/uploads\/2022\/11\/IMG_20221108_101025-300x225.jpg 300w, https:\/\/zszelena42.eu\/2021\/wp-content\/uploads\/2022\/11\/IMG_20221108_101025-768x576.jpg 768w\" sizes=\"(max-width: 1024px) 100vw, 1024px\" \/><\/figure>\n\n\n\n<figure class=\"wp-block-image size-large\"><img decoding=\"async\" width=\"1024\" height=\"768\" data-id=\"13920\" src=\"https:\/\/zszelena42.eu\/2021\/wp-content\/uploads\/2022\/11\/IMG_20221108_101119.jpg\" alt=\"\" class=\"wp-image-13920\" srcset=\"https:\/\/zszelena42.eu\/2021\/wp-content\/uploads\/2022\/11\/IMG_20221108_101119.jpg 1024w, https:\/\/zszelena42.eu\/2021\/wp-content\/uploads\/2022\/11\/IMG_20221108_101119-300x225.jpg 300w, https:\/\/zszelena42.eu\/2021\/wp-content\/uploads\/2022\/11\/IMG_20221108_101119-768x576.jpg 768w\" sizes=\"(max-width: 1024px) 100vw, 1024px\" \/><\/figure>\n\n\n\n<figure class=\"wp-block-image size-large\"><img decoding=\"async\" width=\"1024\" height=\"768\" data-id=\"13919\" src=\"https:\/\/zszelena42.eu\/2021\/wp-content\/uploads\/2022\/11\/IMG_20221108_102023.jpg\" alt=\"\" class=\"wp-image-13919\" srcset=\"https:\/\/zszelena42.eu\/2021\/wp-content\/uploads\/2022\/11\/IMG_20221108_102023.jpg 1024w, https:\/\/zszelena42.eu\/2021\/wp-content\/uploads\/2022\/11\/IMG_20221108_102023-300x225.jpg 300w, https:\/\/zszelena42.eu\/2021\/wp-content\/uploads\/2022\/11\/IMG_20221108_102023-768x576.jpg 768w\" sizes=\"(max-width: 1024px) 100vw, 1024px\" \/><\/figure>\n\n\n\n<figure class=\"wp-block-image size-large\"><img loading=\"lazy\" decoding=\"async\" width=\"768\" height=\"1024\" data-id=\"13917\" src=\"https:\/\/zszelena42.eu\/2021\/wp-content\/uploads\/2022\/11\/IMG_20221108_102102-rotated.jpg\" alt=\"\" class=\"wp-image-13917\" srcset=\"https:\/\/zszelena42.eu\/2021\/wp-content\/uploads\/2022\/11\/IMG_20221108_102102-rotated.jpg 768w, https:\/\/zszelena42.eu\/2021\/wp-content\/uploads\/2022\/11\/IMG_20221108_102102-225x300.jpg 225w\" sizes=\"(max-width: 768px) 100vw, 768px\" \/><\/figure>\n\n\n\n<figure class=\"wp-block-image size-large\"><img loading=\"lazy\" decoding=\"async\" width=\"1024\" height=\"768\" data-id=\"13922\" src=\"https:\/\/zszelena42.eu\/2021\/wp-content\/uploads\/2022\/11\/IMG_20221108_102413.jpg\" alt=\"\" class=\"wp-image-13922\" srcset=\"https:\/\/zszelena42.eu\/2021\/wp-content\/uploads\/2022\/11\/IMG_20221108_102413.jpg 1024w, https:\/\/zszelena42.eu\/2021\/wp-content\/uploads\/2022\/11\/IMG_20221108_102413-300x225.jpg 300w, https:\/\/zszelena42.eu\/2021\/wp-content\/uploads\/2022\/11\/IMG_20221108_102413-768x576.jpg 768w\" sizes=\"(max-width: 1024px) 100vw, 1024px\" \/><\/figure>\n\n\n\n<figure class=\"wp-block-image size-large\"><img loading=\"lazy\" decoding=\"async\" width=\"1024\" height=\"768\" data-id=\"13921\" src=\"https:\/\/zszelena42.eu\/2021\/wp-content\/uploads\/2022\/11\/IMG_20221108_103016.jpg\" alt=\"\" class=\"wp-image-13921\" srcset=\"https:\/\/zszelena42.eu\/2021\/wp-content\/uploads\/2022\/11\/IMG_20221108_103016.jpg 1024w, https:\/\/zszelena42.eu\/2021\/wp-content\/uploads\/2022\/11\/IMG_20221108_103016-300x225.jpg 300w, https:\/\/zszelena42.eu\/2021\/wp-content\/uploads\/2022\/11\/IMG_20221108_103016-768x576.jpg 768w\" sizes=\"(max-width: 1024px) 100vw, 1024px\" \/><\/figure>\n\n\n\n<figure class=\"wp-block-image size-large\"><img loading=\"lazy\" decoding=\"async\" width=\"768\" height=\"1024\" data-id=\"13923\" src=\"https:\/\/zszelena42.eu\/2021\/wp-content\/uploads\/2022\/11\/IMG_20221108_103126-rotated.jpg\" alt=\"\" class=\"wp-image-13923\" srcset=\"https:\/\/zszelena42.eu\/2021\/wp-content\/uploads\/2022\/11\/IMG_20221108_103126-rotated.jpg 768w, https:\/\/zszelena42.eu\/2021\/wp-content\/uploads\/2022\/11\/IMG_20221108_103126-225x300.jpg 225w\" sizes=\"(max-width: 768px) 100vw, 768px\" \/><\/figure>\n<\/figure>\n\n\n<div class=\"wp-block-image\">\n<figure class=\"aligncenter size-full\"><img loading=\"lazy\" decoding=\"async\" width=\"284\" height=\"70\" src=\"https:\/\/zszelena42.eu\/2021\/wp-content\/uploads\/2022\/10\/heti03.jpg\" alt=\"\" class=\"wp-image-13108\"\/><\/figure>\n<\/div>\n\n\n<p>\u017dlut\u00e1 barva p\u0159ipom\u00edn\u00e1 \u017elutou Davidovu hv\u011bzdu, je\u017e byli \u017did\u00e9 nuceni b\u011bhem nacistick\u00e9 vl\u00e1dy nosit. V ide\u00e1ln\u00edch podm\u00ednk\u00e1ch na\u0161e cibulky krokus\u016f vykvetou na konci ledna nebo na za\u010d\u00e1tku \u00fanora \u2013 kolem <strong>Mezin\u00e1rodn\u00edho dne pam\u00e1tky ob\u011bt\u00ed holocaustu (27. ledna)<\/strong>. Kdy\u017e lid\u00e9 budou obdivovat kv\u011btiny, na\u0161i \u017e\u00e1ci mohou vysv\u011btlit, co vlastn\u011b krokusy symbolizuj\u00ed.<\/p>\n\n\n<div class=\"wp-block-image\">\n<figure class=\"aligncenter size-full\"><img loading=\"lazy\" decoding=\"async\" width=\"114\" height=\"70\" src=\"https:\/\/zszelena42.eu\/2021\/wp-content\/uploads\/2022\/10\/zmp-logo.png\" alt=\"\" class=\"wp-image-13111\"\/><\/figure>\n<\/div>\n\n\n<p>Projekt Krokus nab\u00edz\u00ed konkr\u00e9tn\u00ed mo\u017enost, jak <strong>p\u0159ibl\u00ed\u017eit tematiku \u0161oa mlad\u00fdm lidem a zvy\u0161ovat tak pov\u011bdom\u00ed o nebezpe\u010d\u00edch diskriminace, p\u0159edsudk\u016f a fanatismu.<\/strong>  Zapojen\u00ed na\u0161ich \u017e\u00e1k\u016f do s\u00e1zen\u00ed cibulek krokus\u016f a pozorov\u00e1n\u00ed, jak kv\u011btiny rostou, <strong>podporuj\u00ed proces z\u00edsk\u00e1v\u00e1n\u00ed znalost\u00ed o nezbytnosti vz\u00e1jemn\u00e9 tolerance a respektu ve spole\u010dnosti.<\/strong><\/p>\n","protected":false},"excerpt":{"rendered":"<p>V tomto \u0161koln\u00edm roce se op\u011bt po covidov\u00e9 pauze z\u00fa\u010dastn\u00edme mezin\u00e1rodn\u00edho projektu Krokus, kter\u00fd realizuje irsk\u00e1 organizace Holocaust Education Trust Ireland (HETI) ve spolupr\u00e1ci s Odd\u011blen\u00edm pro vzd\u011bl\u00e1v\u00e1n\u00ed a kulturu \u017didovsk\u00e9ho muzea v Praze. HETI n\u00e1m zdarma poskytlo cibulky \u017elut\u00fdch krokus\u016f, kter\u00e9 na\u0161i dev\u00e1\u0165\u00e1ci dnes zasadili jako p\u0159ipom\u00ednku jednoho a p\u016fl milionu \u017eidovsk\u00fdch d\u011bt\u00ed a&hellip;&nbsp;<a href=\"https:\/\/zszelena42.eu\/2021\/skolni-rok\/2022-2023\/9-a\/projekt-krokus-zasazeno\/\" rel=\"bookmark\">\u010c\u00edst d\u00e1le &raquo;<span class=\"screen-reader-text\">Projekt Krokus &#8211; zasazeno<\/span><\/a><\/p>\n","protected":false},"author":16,"featured_media":13917,"comment_status":"closed","ping_status":"closed","sticky":false,"template":"","format":"standard","meta":{"neve_meta_sidebar":"","neve_meta_container":"","neve_meta_enable_content_width":"","neve_meta_content_width":0,"neve_meta_title_alignment":"","neve_meta_author_avatar":"","neve_post_elements_order":"","neve_meta_disable_header":"","neve_meta_disable_footer":"","neve_meta_disable_title":"","footnotes":""},"categories":[231,232],"tags":[264,248,275],"class_list":["post-13916","post","type-post","status-publish","format-standard","has-post-thumbnail","hentry","category-9-a","category-9-b","tag-dejepis","tag-krokus","tag-mezinarodni-projekt"],"_links":{"self":[{"href":"https:\/\/zszelena42.eu\/2021\/wp-json\/wp\/v2\/posts\/13916","targetHints":{"allow":["GET"]}}],"collection":[{"href":"https:\/\/zszelena42.eu\/2021\/wp-json\/wp\/v2\/posts"}],"about":[{"href":"https:\/\/zszelena42.eu\/2021\/wp-json\/wp\/v2\/types\/post"}],"author":[{"embeddable":true,"href":"https:\/\/zszelena42.eu\/2021\/wp-json\/wp\/v2\/users\/16"}],"replies":[{"embeddable":true,"href":"https:\/\/zszelena42.eu\/2021\/wp-json\/wp\/v2\/comments?post=13916"}],"version-history":[{"count":4,"href":"https:\/\/zszelena42.eu\/2021\/wp-json\/wp\/v2\/posts\/13916\/revisions"}],"predecessor-version":[{"id":17188,"href":"https:\/\/zszelena42.eu\/2021\/wp-json\/wp\/v2\/posts\/13916\/revisions\/17188"}],"wp:featuredmedia":[{"embeddable":true,"href":"https:\/\/zszelena42.eu\/2021\/wp-json\/wp\/v2\/media\/13917"}],"wp:attachment":[{"href":"https:\/\/zszelena42.eu\/2021\/wp-json\/wp\/v2\/media?parent=13916"}],"wp:term":[{"taxonomy":"category","embeddable":true,"href":"https:\/\/zszelena42.eu\/2021\/wp-json\/wp\/v2\/categories?post=13916"},{"taxonomy":"post_tag","embeddable":true,"href":"https:\/\/zszelena42.eu\/2021\/wp-json\/wp\/v2\/tags?post=13916"}],"curies":[{"name":"wp","href":"https:\/\/api.w.org\/{rel}","templated":true}]}}