{"id":12550,"date":"2022-09-23T13:57:41","date_gmt":"2022-09-23T12:57:41","guid":{"rendered":"https:\/\/zszelena42.eu\/2021\/?p=12550"},"modified":"2022-12-08T16:49:14","modified_gmt":"2022-12-08T15:49:14","slug":"pomazanky","status":"publish","type":"post","link":"https:\/\/zszelena42.eu\/2021\/skolni-rok\/2022-2023\/9-a\/pomazanky\/","title":{"rendered":"Pomaz\u00e1nky"},"content":{"rendered":"\n<p>Ve st\u0159edu jsem se v hodin\u011b Technika a dom\u00e1cnost pustili do p\u0159\u00edpravy, v\u00fdroby a zdoben\u00ed pomaz\u00e1nek. A mrkn\u011bte s n\u00e1mi, jak moc se to Maru\u0161ce, Brunovi, Tom\u00e1\u0161ovi i Michalovi z 9.A povedlo:-)<\/p>\n\n\n\n<figure class=\"wp-block-image size-full\"><img fetchpriority=\"high\" decoding=\"async\" width=\"768\" height=\"1024\" src=\"https:\/\/zszelena42.eu\/2021\/wp-content\/uploads\/2022\/09\/a8736476-5683-4da2-ae19-695606fe2d63.jpg\" alt=\"\" class=\"wp-image-12551\" srcset=\"https:\/\/zszelena42.eu\/2021\/wp-content\/uploads\/2022\/09\/a8736476-5683-4da2-ae19-695606fe2d63.jpg 768w, https:\/\/zszelena42.eu\/2021\/wp-content\/uploads\/2022\/09\/a8736476-5683-4da2-ae19-695606fe2d63-225x300.jpg 225w\" sizes=\"(max-width: 768px) 100vw, 768px\" \/><figcaption>Tak tyto b\u00e1je\u010dn\u00e9 a skv\u011ble chutnaj\u00edc\u00ed pomaz\u00e1nky p\u0159ipravili Maru\u0161ka, Bruno, Michal a Tom\u00e1\u0161 z 9.A<\/figcaption><\/figure>\n\n\n\n<figure class=\"wp-block-image size-full\"><img decoding=\"async\" width=\"768\" height=\"1024\" src=\"https:\/\/zszelena42.eu\/2021\/wp-content\/uploads\/2022\/09\/Bruno-v-akci.jpg\" alt=\"\" class=\"wp-image-12552\" srcset=\"https:\/\/zszelena42.eu\/2021\/wp-content\/uploads\/2022\/09\/Bruno-v-akci.jpg 768w, https:\/\/zszelena42.eu\/2021\/wp-content\/uploads\/2022\/09\/Bruno-v-akci-225x300.jpg 225w\" sizes=\"(max-width: 768px) 100vw, 768px\" \/><figcaption>Bruno p\u0159ipravuje turistickou pomaz\u00e1nku a jde mu to skv\u011ble:-)<\/figcaption><\/figure>\n\n\n\n<figure class=\"wp-block-image size-full\"><img decoding=\"async\" width=\"768\" height=\"1024\" src=\"https:\/\/zszelena42.eu\/2021\/wp-content\/uploads\/2022\/09\/Maruska-v-akci.jpg\" alt=\"\" class=\"wp-image-12553\" srcset=\"https:\/\/zszelena42.eu\/2021\/wp-content\/uploads\/2022\/09\/Maruska-v-akci.jpg 768w, https:\/\/zszelena42.eu\/2021\/wp-content\/uploads\/2022\/09\/Maruska-v-akci-225x300.jpg 225w\" sizes=\"(max-width: 768px) 100vw, 768px\" \/><figcaption>Maru\u0161ka p\u0159ipravuje avok\u00e1dovou pomaz\u00e1nku a serv\u00edrovat j\u00ed bude na kedlubn\u011b:-) m\u0148am:-)<\/figcaption><\/figure>\n\n\n\n<figure class=\"wp-block-image size-full\"><img loading=\"lazy\" decoding=\"async\" width=\"768\" height=\"1024\" src=\"https:\/\/zszelena42.eu\/2021\/wp-content\/uploads\/2022\/09\/Michal-v-akci.jpg\" alt=\"\" class=\"wp-image-12554\" srcset=\"https:\/\/zszelena42.eu\/2021\/wp-content\/uploads\/2022\/09\/Michal-v-akci.jpg 768w, https:\/\/zszelena42.eu\/2021\/wp-content\/uploads\/2022\/09\/Michal-v-akci-225x300.jpg 225w\" sizes=\"(max-width: 768px) 100vw, 768px\" \/><figcaption>Michalovi a Tom\u00e1\u0161ovi \u0161la pr\u00e1ce p\u011bkn\u011b od ruky a jejich pomaz\u00e1nka z tvarohu, mrkve a celeru byla vynikaj\u00edc\u00ed:-)<\/figcaption><\/figure>\n\n\n\n<figure class=\"wp-block-image size-full\"><img loading=\"lazy\" decoding=\"async\" width=\"768\" height=\"1024\" src=\"https:\/\/zszelena42.eu\/2021\/wp-content\/uploads\/2022\/09\/Bruno-a-jeho-pomazanka.jpg\" alt=\"\" class=\"wp-image-12555\" srcset=\"https:\/\/zszelena42.eu\/2021\/wp-content\/uploads\/2022\/09\/Bruno-a-jeho-pomazanka.jpg 768w, https:\/\/zszelena42.eu\/2021\/wp-content\/uploads\/2022\/09\/Bruno-a-jeho-pomazanka-225x300.jpg 225w\" sizes=\"(max-width: 768px) 100vw, 768px\" \/><figcaption>Bruno si dal z\u00e1le\u017eet i na nazdoben\u00ed. Pomaz\u00e1nku m\u00e1 na ope\u010den\u00e9m toustu a ozdobil ji kyselou okurkou:-) m\u0148am:-)<\/figcaption><\/figure>\n\n\n\n<figure class=\"wp-block-image size-full\"><img loading=\"lazy\" decoding=\"async\" width=\"768\" height=\"1024\" src=\"https:\/\/zszelena42.eu\/2021\/wp-content\/uploads\/2022\/09\/Maruska-a-jeji-pomazanka.jpg\" alt=\"\" class=\"wp-image-12556\" srcset=\"https:\/\/zszelena42.eu\/2021\/wp-content\/uploads\/2022\/09\/Maruska-a-jeji-pomazanka.jpg 768w, https:\/\/zszelena42.eu\/2021\/wp-content\/uploads\/2022\/09\/Maruska-a-jeji-pomazanka-225x300.jpg 225w\" sizes=\"(max-width: 768px) 100vw, 768px\" \/><figcaption>Maru\u0161ka svoji pomaz\u00e1nku ozdobila raj\u010daty ve tvaru ma\u0161li\u010dky u\u017e na pohled je to m\u0148amka:-)<\/figcaption><\/figure>\n\n\n\n<figure class=\"wp-block-image size-full\"><img loading=\"lazy\" decoding=\"async\" width=\"768\" height=\"1024\" src=\"https:\/\/zszelena42.eu\/2021\/wp-content\/uploads\/2022\/09\/Michal-s-Tomasem-a-jejich-pomazanka.jpg\" alt=\"\" class=\"wp-image-12557\" srcset=\"https:\/\/zszelena42.eu\/2021\/wp-content\/uploads\/2022\/09\/Michal-s-Tomasem-a-jejich-pomazanka.jpg 768w, https:\/\/zszelena42.eu\/2021\/wp-content\/uploads\/2022\/09\/Michal-s-Tomasem-a-jejich-pomazanka-225x300.jpg 225w\" sizes=\"(max-width: 768px) 100vw, 768px\" \/><figcaption>Tom\u00e1\u0161 a Michal se svoj\u00ed v\u00fdbornou pomaz\u00e1nkou:-)<\/figcaption><\/figure>\n","protected":false},"excerpt":{"rendered":"<p>Ve st\u0159edu jsem se v hodin\u011b Technika a dom\u00e1cnost pustili do p\u0159\u00edpravy, v\u00fdroby a zdoben\u00ed pomaz\u00e1nek. A mrkn\u011bte s n\u00e1mi, jak moc se to Maru\u0161ce, Brunovi, Tom\u00e1\u0161ovi i Michalovi z 9.A povedlo:-)<\/p>\n","protected":false},"author":49,"featured_media":12563,"comment_status":"closed","ping_status":"closed","sticky":false,"template":"","format":"standard","meta":{"neve_meta_sidebar":"","neve_meta_container":"","neve_meta_enable_content_width":"","neve_meta_content_width":0,"neve_meta_title_alignment":"","neve_meta_author_avatar":"","neve_post_elements_order":"","neve_meta_disable_header":"","neve_meta_disable_footer":"","neve_meta_disable_title":"","footnotes":""},"categories":[231],"tags":[259],"class_list":["post-12550","post","type-post","status-publish","format-standard","has-post-thumbnail","hentry","category-9-a","tag-vychova-ke-zdravi"],"_links":{"self":[{"href":"https:\/\/zszelena42.eu\/2021\/wp-json\/wp\/v2\/posts\/12550","targetHints":{"allow":["GET"]}}],"collection":[{"href":"https:\/\/zszelena42.eu\/2021\/wp-json\/wp\/v2\/posts"}],"about":[{"href":"https:\/\/zszelena42.eu\/2021\/wp-json\/wp\/v2\/types\/post"}],"author":[{"embeddable":true,"href":"https:\/\/zszelena42.eu\/2021\/wp-json\/wp\/v2\/users\/49"}],"replies":[{"embeddable":true,"href":"https:\/\/zszelena42.eu\/2021\/wp-json\/wp\/v2\/comments?post=12550"}],"version-history":[{"count":1,"href":"https:\/\/zszelena42.eu\/2021\/wp-json\/wp\/v2\/posts\/12550\/revisions"}],"predecessor-version":[{"id":12562,"href":"https:\/\/zszelena42.eu\/2021\/wp-json\/wp\/v2\/posts\/12550\/revisions\/12562"}],"wp:featuredmedia":[{"embeddable":true,"href":"https:\/\/zszelena42.eu\/2021\/wp-json\/wp\/v2\/media\/12563"}],"wp:attachment":[{"href":"https:\/\/zszelena42.eu\/2021\/wp-json\/wp\/v2\/media?parent=12550"}],"wp:term":[{"taxonomy":"category","embeddable":true,"href":"https:\/\/zszelena42.eu\/2021\/wp-json\/wp\/v2\/categories?post=12550"},{"taxonomy":"post_tag","embeddable":true,"href":"https:\/\/zszelena42.eu\/2021\/wp-json\/wp\/v2\/tags?post=12550"}],"curies":[{"name":"wp","href":"https:\/\/api.w.org\/{rel}","templated":true}]}}